{"id":40106,"date":"2021-07-27T01:36:27","date_gmt":"2021-07-27T04:36:27","guid":{"rendered":"http:\/\/vocesparalelas.com.ar\/sitio\/?p=40106"},"modified":"2021-07-27T01:36:27","modified_gmt":"2021-07-27T04:36:27","slug":"taller-escribe-como-nino","status":"publish","type":"post","link":"https:\/\/vocesparalelas.com.ar\/sitio\/taller-escribe-como-nino\/","title":{"rendered":"Taller \u00abEscribe como ni\u00f1o\u00bb"},"content":{"rendered":"<p>Escribe como ni\u00f1o. Un espacio para escribir en compa\u00f1\u00eda<\/p>\n<p>No es un espacio de formaci\u00f3n. No es para escribir con otrxs necesariamente, sino para compartir ese espacio de soledad que es la escritura.<\/p>\n<p>Margarite Duras dice que \u201cesa soledad real del cuerpo se convierte en la, inviolable, del escribir\u201d. Pienso en la idea de compartir esa soledad.<\/p>\n<p>Pienso un espacio de est\u00edmulos, provocaci\u00f3n y reflexi\u00f3n sobre la pr\u00e1ctica del escribir.<\/p>\n<p>Mi formaci\u00f3n proviene del hacer y aunque estoy en v\u00edas de terminar el profesorado en teatro de la U.N.S.J. considero que mi formaci\u00f3n se dio en una decantaci\u00f3n de experiencias, en ese sentido soy autodidacta.<\/p>\n<p>Entonces, aclaro, no puedo ense\u00f1ar algo de la escritura, porque no me he formado para hacerlo. Hace diez a\u00f1os que me dedico a la pr\u00e1ctica esc\u00e9nica en el colectivo Ob caenum, en ese tr\u00e1nsito he escrito para la escena, y tambi\u00e9n he escrito porque escribir es gratis o casi gratis.<\/p>\n<p>En este espacio que proyecto voy a llevar adelante la idea del maestro ignorante, tan real es la ignorancia que prefiero pensarme ac\u00e1 como un estimulador.<\/p>\n<p>Propongo compartir herramientas del hacer y provocar escritura para encontrar una escritura pu\u00f1al, una escritura caricia, una escritura singular, una escritura que intente tocar los cuerpos, escribir como si la vida dependiese de eso.<\/p>\n<p>No prometo resultados, propongo un recorrido, una pr\u00e1ctica, un andar con otrxs. Estoy seguro que en ese andar algo se encuentra, tal vez algo que no se busca, tal vez algo que no ve\u00edamos y tal vez nada. Ver y dejarse ver.<\/p>\n<p>Cupo limitado, se reserva lugar abonando el arancel.<\/p>\n<p>+ de 18 a\u00f1os<\/p>\n<p>8 encuentros que se dar\u00e1n lo mi\u00e9rcoles de 19hs a 21hs<\/p>\n<p>Desde mi\u00e9rcoles 11 de agosto al mi\u00e9rcoles 29 de septiembre.<\/p>\n<p>Arancel: $400 por encuentro, o $1.500 por mes (4 encuentros) o $2.500 los dos meses (8 encuentros).<\/p>\n<p>Espacio Virtual, por plataforma Meet de google. Se necesita, como m\u00ednimo, poder hablar y escuchar en los encuentros virtuales. Es ideal contar con auriculares con micr\u00f3fono para evitar interferencias sonoras.<\/p>\n<p>Facundo Cers\u00f3simo<\/p>\n<p><a href=\"mailto:facundojosecersosimo@gmail.com\">facundojosecersosimo@gmail.com<\/a><\/p>\n<p>2644651091<\/p>\n<p>&nbsp;<\/p>\n<p><img loading=\"lazy\" decoding=\"async\" class=\"alignnone wp-image-40108 size-full\" src=\"https:\/\/vocesparalelas.com.ar\/sitio\/wp-content\/uploads\/2021\/07\/taller-ninos.jpg\" alt=\"\" width=\"800\" height=\"551\" \/><\/p>\n","protected":false},"excerpt":{"rendered":"<p>Escribe como ni\u00f1o. Un espacio para escribir en compa\u00f1\u00eda No es un espacio de formaci\u00f3n. No es para escribir con<\/p>\n","protected":false},"author":3,"featured_media":30856,"comment_status":"closed","ping_status":"closed","sticky":false,"template":"","format":"standard","meta":{"_acf_changed":false,"_seopress_robots_primary_cat":"none","_seopress_titles_title":"","_seopress_titles_desc":"","_seopress_robots_index":"","colormag_page_container_layout":"default_layout","colormag_page_sidebar_layout":"default_layout","footnotes":""},"categories":[9],"tags":[],"class_list":["post-40106","post","type-post","status-publish","format-standard","has-post-thumbnail","hentry","category-cursos"],"acf":[],"_links":{"self":[{"href":"https:\/\/vocesparalelas.com.ar\/sitio\/wp-json\/wp\/v2\/posts\/40106","targetHints":{"allow":["GET"]}}],"collection":[{"href":"https:\/\/vocesparalelas.com.ar\/sitio\/wp-json\/wp\/v2\/posts"}],"about":[{"href":"https:\/\/vocesparalelas.com.ar\/sitio\/wp-json\/wp\/v2\/types\/post"}],"author":[{"embeddable":true,"href":"https:\/\/vocesparalelas.com.ar\/sitio\/wp-json\/wp\/v2\/users\/3"}],"replies":[{"embeddable":true,"href":"https:\/\/vocesparalelas.com.ar\/sitio\/wp-json\/wp\/v2\/comments?post=40106"}],"version-history":[{"count":1,"href":"https:\/\/vocesparalelas.com.ar\/sitio\/wp-json\/wp\/v2\/posts\/40106\/revisions"}],"predecessor-version":[{"id":40109,"href":"https:\/\/vocesparalelas.com.ar\/sitio\/wp-json\/wp\/v2\/posts\/40106\/revisions\/40109"}],"wp:featuredmedia":[{"embeddable":true,"href":"https:\/\/vocesparalelas.com.ar\/sitio\/wp-json\/wp\/v2\/media\/30856"}],"wp:attachment":[{"href":"https:\/\/vocesparalelas.com.ar\/sitio\/wp-json\/wp\/v2\/media?parent=40106"}],"wp:term":[{"taxonomy":"category","embeddable":true,"href":"https:\/\/vocesparalelas.com.ar\/sitio\/wp-json\/wp\/v2\/categories?post=40106"},{"taxonomy":"post_tag","embeddable":true,"href":"https:\/\/vocesparalelas.com.ar\/sitio\/wp-json\/wp\/v2\/tags?post=40106"}],"curies":[{"name":"wp","href":"https:\/\/api.w.org\/{rel}","templated":true}]}}