{"id":40033,"date":"2021-07-25T21:05:56","date_gmt":"2021-07-26T00:05:56","guid":{"rendered":"http:\/\/vocesparalelas.com.ar\/sitio\/?p=40033"},"modified":"2021-07-26T23:10:19","modified_gmt":"2021-07-27T02:10:19","slug":"obra-de-teatro-danza-la-criada","status":"publish","type":"post","link":"https:\/\/vocesparalelas.com.ar\/sitio\/obra-de-teatro-danza-la-criada\/","title":{"rendered":"Obra de Teatro Danza \u00abLa Criada\u00bb"},"content":{"rendered":"<p>El Teatro del Bicentenario a trav\u00e9s del Ministerio de Turismo y Cultura del Gobierno de San Juan, informa la reprogramaci\u00f3n de \u201cLa Criada\u201d<strong>,<\/strong> la majestuosa obra de teatro-danza desarrollada por el grupo flamenco Aire de C\u00e1diz.<\/p>\n<p>\u201cLa Criada\u201d, es una adaptaci\u00f3n flamenca de danza &#8211; teatro basada en la obra \u201cLa Casa de Bernarda Alba\u201d de Federico Garc\u00eda Lorca, que relata la historia de Bernarda Alba, una conservadora madre que sufre la p\u00e9rdida de su segundo marido. Tras la muerte, ella impone un luto de ocho a\u00f1os prohibiendo a sus hijas Magdalena, Martirio, Angustias y Adela que salgan de la casa familiar. Estos hechos traer\u00e1n hipocres\u00eda, enfrentamientos y deshonras a la familia.<\/p>\n<p>La obra est\u00e1 dirigida por Cuky Maestro y protagonizada por Alejandra Minet; Fernanda de la Vega; Sof\u00eda M\u00e1rquez; P\u00eda Gaia y Milena Guevara, con el elenco de bailarines del grupo flamenco Aire de C\u00e1diz.<\/p>\n<p>\u201cLa Criada\u201d, sube a escena, luego de su reprogramaci\u00f3n, el S\u00e1bado, 7 de Agosto, a las 21 hs., en la Sala Audit\u00f3rium del Teatro del Bicentenario.<\/p>\n<p>La entrada general es de $400 y est\u00e1 a la venta en la boleter\u00eda del teatro, de Lunes a Viernes, de 9:30 a 13.30 hs. Tambi\u00e9n est\u00e1n disponible a trav\u00e9s de <a href=\"http:\/\/tuentrada.com\/\" data-saferedirecturl=\"https:\/\/www.google.com\/url?q=http:\/\/tuentrada.com&amp;source=gmail&amp;ust=1627170087751000&amp;usg=AFQjCNGV_WUDQTod5YA2A4yQreiT30dRuA\">tuentrada.com<\/a>.<\/p>\n<p>&nbsp;<\/p>\n<p><img loading=\"lazy\" decoding=\"async\" class=\"alignnone wp-image-40036 size-full\" src=\"https:\/\/vocesparalelas.com.ar\/sitio\/wp-content\/uploads\/2021\/07\/LA-CRIADA-02.jpg\" alt=\"\" width=\"800\" height=\"800\" srcset=\"https:\/\/vocesparalelas.com.ar\/sitio\/wp-content\/uploads\/2021\/07\/LA-CRIADA-02.jpg 800w, https:\/\/vocesparalelas.com.ar\/sitio\/wp-content\/uploads\/2021\/07\/LA-CRIADA-02-300x300.jpg 300w, https:\/\/vocesparalelas.com.ar\/sitio\/wp-content\/uploads\/2021\/07\/LA-CRIADA-02-150x150.jpg 150w, https:\/\/vocesparalelas.com.ar\/sitio\/wp-content\/uploads\/2021\/07\/LA-CRIADA-02-768x768.jpg 768w\" sizes=\"auto, (max-width: 800px) 100vw, 800px\" \/><\/p>\n","protected":false},"excerpt":{"rendered":"<p>El Teatro del Bicentenario a trav\u00e9s del Ministerio de Turismo y Cultura del Gobierno de San Juan, informa la reprogramaci\u00f3n<\/p>\n","protected":false},"author":3,"featured_media":40035,"comment_status":"closed","ping_status":"closed","sticky":false,"template":"","format":"standard","meta":{"_acf_changed":false,"_seopress_robots_primary_cat":"none","_seopress_titles_title":"","_seopress_titles_desc":"","_seopress_robots_index":"","colormag_page_container_layout":"default_layout","colormag_page_sidebar_layout":"default_layout","footnotes":""},"categories":[20],"tags":[],"class_list":["post-40033","post","type-post","status-publish","format-standard","has-post-thumbnail","hentry","category-cartelera"],"acf":[],"_links":{"self":[{"href":"https:\/\/vocesparalelas.com.ar\/sitio\/wp-json\/wp\/v2\/posts\/40033","targetHints":{"allow":["GET"]}}],"collection":[{"href":"https:\/\/vocesparalelas.com.ar\/sitio\/wp-json\/wp\/v2\/posts"}],"about":[{"href":"https:\/\/vocesparalelas.com.ar\/sitio\/wp-json\/wp\/v2\/types\/post"}],"author":[{"embeddable":true,"href":"https:\/\/vocesparalelas.com.ar\/sitio\/wp-json\/wp\/v2\/users\/3"}],"replies":[{"embeddable":true,"href":"https:\/\/vocesparalelas.com.ar\/sitio\/wp-json\/wp\/v2\/comments?post=40033"}],"version-history":[{"count":1,"href":"https:\/\/vocesparalelas.com.ar\/sitio\/wp-json\/wp\/v2\/posts\/40033\/revisions"}],"predecessor-version":[{"id":40037,"href":"https:\/\/vocesparalelas.com.ar\/sitio\/wp-json\/wp\/v2\/posts\/40033\/revisions\/40037"}],"wp:featuredmedia":[{"embeddable":true,"href":"https:\/\/vocesparalelas.com.ar\/sitio\/wp-json\/wp\/v2\/media\/40035"}],"wp:attachment":[{"href":"https:\/\/vocesparalelas.com.ar\/sitio\/wp-json\/wp\/v2\/media?parent=40033"}],"wp:term":[{"taxonomy":"category","embeddable":true,"href":"https:\/\/vocesparalelas.com.ar\/sitio\/wp-json\/wp\/v2\/categories?post=40033"},{"taxonomy":"post_tag","embeddable":true,"href":"https:\/\/vocesparalelas.com.ar\/sitio\/wp-json\/wp\/v2\/tags?post=40033"}],"curies":[{"name":"wp","href":"https:\/\/api.w.org\/{rel}","templated":true}]}}