{"id":40029,"date":"2021-07-25T19:40:48","date_gmt":"2021-07-25T22:40:48","guid":{"rendered":"http:\/\/vocesparalelas.com.ar\/sitio\/?p=40029"},"modified":"2021-07-26T22:33:18","modified_gmt":"2021-07-27T01:33:18","slug":"homenaje-al-bandoneon","status":"publish","type":"post","link":"https:\/\/vocesparalelas.com.ar\/sitio\/homenaje-al-bandoneon\/","title":{"rendered":"\u201cHomenaje al bandone\u00f3n\u201d"},"content":{"rendered":"<p>\u201cHomenaje al Bandone\u00f3n\u201d, un deslumbrante recorrido por el tango, a trav\u00e9s de emotiva m\u00fasica para bandone\u00f3n solo, de la mano de Juan Jos\u00e9 Olgu\u00edn.<\/p>\n<p>El espect\u00e1culo tiene la intenci\u00f3n de homenajear al bandone\u00f3n, instrumento que, desde su invenci\u00f3n en el siglo XIX en Alemania hasta su llegada al R\u00edo de la Plata, sorprende por la calidez y hermosura de su sonido.<\/p>\n<p>El m\u00fasico, interpreta piezas que remiten a los grandes autores e int\u00e9rpretes del g\u00e9nero, desde Pedro Maffia hasta Astor Piazzolla, pasando por Troilo, Federico, Mederos y Marconi. El programa presenta las mejores versiones instrumentales de tangos emblem\u00e1ticos, tales como \u201cCh\u00e9 Bandone\u00f3n\u201d; \u201cQuejas del Bandone\u00f3n\u201d; \u201cLa \u00faltima curda\u201d, culminando con una de las piezas m\u00e1s famosas escritas para el instrumento: \u201cAdi\u00f3s Nonino\u201d.<\/p>\n<p>Adem\u00e1s, el p\u00fablico podr\u00e1 disfrutar en la funci\u00f3n de un despliegue art\u00edstico donde la poes\u00eda y la narraci\u00f3n ser\u00e1n el hilo conductor de este recorrido musical; conjuntamente con la danza, protagonizada por una pareja de baile en escena quienes le pondr\u00e1n color al espect\u00e1culo. En este show, se incluye al cantante de tango Ricardo Bazzetti, a los bailarines Eliana Villaruel y Daniel Fern\u00e1ndez, con textos de Susana Lage y narraciones de Claudio Cabello.<\/p>\n<p>\u201cHomenaje al Bandone\u00f3n\u201d se presenta el S\u00e1bado, 31 de Julio, a las 18 y 20 hs, en la\u00a0Sala Audit\u00f3rium del Teatro del Bicentenario.<\/p>\n<p>Entradas en venta de $400, en boleter\u00eda del teatro, de lunes a viernes de 9.30 a 13.30 hs o por <a href=\"http:\/\/tuentrada.com\/\" target=\"_blank\" rel=\"noopener noreferrer\" data-saferedirecturl=\"https:\/\/www.google.com\/url?q=http:\/\/tuentrada.com&amp;source=gmail&amp;ust=1627131564876000&amp;usg=AFQjCNHy8rAUvw1IJhyV5yNjadSP6EdKYw\">tuentrada.com<\/a>, accediendo a <a href=\"https:\/\/tbsj.tuentrada.com\/selection\/event\/date?productId=10228346676398\">https:\/\/tbsj.tuentrada.com\/selection\/event\/date?productId=10228346676398<\/a><\/p>\n<p><span style=\"color: #339966;\"><strong>Sobre Juan Jos\u00e9 Olgu\u00edn<\/strong><\/span><\/p>\n<p>Naci\u00f3 en Olavarr\u00eda, Buenos Aires, donde inici\u00f3 sus estudios de bandone\u00f3n con el Maestro Alfredo Rossi. En 1963, con 14 a\u00f1os, ingres\u00f3 como segundo bandone\u00f3n en la Orquesta T\u00edpica Carlos Rossi. En 1965 pas\u00f3 a integrar la Orquesta Rioplatense de los Hnos. Rossi y simult\u00e1neamente de la Orquesta Estable de Olavarr\u00eda, bajo la direcci\u00f3n de Octavio Sabattini. Aproximadamente en 1967 se aleja de la ejecuci\u00f3n del bandone\u00f3n y comienza sus estudios de guitarra cl\u00e1sica, especialidad con la que desarroll\u00f3 su carrera durante m\u00e1s de 40 a\u00f1os.<\/p>\n<p>En 2012 retoma gradualmente el estudio del bandone\u00f3n, incorpor\u00e1ndolo a la Orquesta de Guitarras Universitaria de la Universidad Nacional de San Juan, organismo con el que realiza numerosas presentaciones en San Juan, San Luis, C\u00f3rdoba y participa en el II Festival de Orquestas de Guitarras 2017, en Cali, Colombia. Interpreta \u201cHomenaje a Lieja\u201d de Astor Piazzolla, como bandone\u00f3n solista con orquesta de guitarras. Desde 2020 incrementa su repertorio para bandone\u00f3n solo, realizando una serie de videos publicados en redes sociales.<\/p>\n","protected":false},"excerpt":{"rendered":"<p>\u201cHomenaje al Bandone\u00f3n\u201d, un deslumbrante recorrido por el tango, a trav\u00e9s de emotiva m\u00fasica para bandone\u00f3n solo, de la mano<\/p>\n","protected":false},"author":3,"featured_media":8378,"comment_status":"closed","ping_status":"closed","sticky":false,"template":"","format":"standard","meta":{"_acf_changed":false,"_seopress_robots_primary_cat":"none","_seopress_titles_title":"","_seopress_titles_desc":"","_seopress_robots_index":"","colormag_page_container_layout":"default_layout","colormag_page_sidebar_layout":"default_layout","footnotes":""},"categories":[20],"tags":[],"class_list":["post-40029","post","type-post","status-publish","format-standard","has-post-thumbnail","hentry","category-cartelera"],"acf":[],"_links":{"self":[{"href":"https:\/\/vocesparalelas.com.ar\/sitio\/wp-json\/wp\/v2\/posts\/40029","targetHints":{"allow":["GET"]}}],"collection":[{"href":"https:\/\/vocesparalelas.com.ar\/sitio\/wp-json\/wp\/v2\/posts"}],"about":[{"href":"https:\/\/vocesparalelas.com.ar\/sitio\/wp-json\/wp\/v2\/types\/post"}],"author":[{"embeddable":true,"href":"https:\/\/vocesparalelas.com.ar\/sitio\/wp-json\/wp\/v2\/users\/3"}],"replies":[{"embeddable":true,"href":"https:\/\/vocesparalelas.com.ar\/sitio\/wp-json\/wp\/v2\/comments?post=40029"}],"version-history":[{"count":1,"href":"https:\/\/vocesparalelas.com.ar\/sitio\/wp-json\/wp\/v2\/posts\/40029\/revisions"}],"predecessor-version":[{"id":40031,"href":"https:\/\/vocesparalelas.com.ar\/sitio\/wp-json\/wp\/v2\/posts\/40029\/revisions\/40031"}],"wp:featuredmedia":[{"embeddable":true,"href":"https:\/\/vocesparalelas.com.ar\/sitio\/wp-json\/wp\/v2\/media\/8378"}],"wp:attachment":[{"href":"https:\/\/vocesparalelas.com.ar\/sitio\/wp-json\/wp\/v2\/media?parent=40029"}],"wp:term":[{"taxonomy":"category","embeddable":true,"href":"https:\/\/vocesparalelas.com.ar\/sitio\/wp-json\/wp\/v2\/categories?post=40029"},{"taxonomy":"post_tag","embeddable":true,"href":"https:\/\/vocesparalelas.com.ar\/sitio\/wp-json\/wp\/v2\/tags?post=40029"}],"curies":[{"name":"wp","href":"https:\/\/api.w.org\/{rel}","templated":true}]}}