{"id":40020,"date":"2021-07-25T18:41:10","date_gmt":"2021-07-25T21:41:10","guid":{"rendered":"http:\/\/vocesparalelas.com.ar\/sitio\/?p=40020"},"modified":"2021-07-25T19:25:29","modified_gmt":"2021-07-25T22:25:29","slug":"trabajos-de-mejoras-en-el-jardin-de-los-poetas-y-la-quebrada-de-zonda-de-san-juan","status":"publish","type":"post","link":"https:\/\/vocesparalelas.com.ar\/sitio\/trabajos-de-mejoras-en-el-jardin-de-los-poetas-y-la-quebrada-de-zonda-de-san-juan\/","title":{"rendered":"Trabajos de mejoras en el Jard\u00edn de los Poetas y la Quebrada de Zonda de San Juan"},"content":{"rendered":"<p>El Ministerio de Obras y Servicios P\u00fablicos del Gobierno de San Juan, a trav\u00e9s de la Direcci\u00f3n Provincial de Espacios Verdes &#8211; DPEV &#8211; avanza en el mantenimiento y mejoras en el Jard\u00edn de los Poetas, Parque de la Quebrada de Zonda y Ex Balneario, Ingreso a la Cava, departamento Rivadavia.<\/p>\n<p>En el Jard\u00edn de los Poetas, la DPEV trabaja en el mantenimiento general del Parque con tareas de siega de la carpeta verde, riego, forestaci\u00f3n, poda, limpieza, fertilizaciones, aplicaciones sanitarias y tareas de jardiner\u00eda generales.<\/p>\n<p>Tambi\u00e9n, se ocupa de la normalizaci\u00f3n del sistema el\u00e9ctrico y finaliz\u00f3 con la colocaci\u00f3n de 7 torres de 9 metros y m\u00e1s de 70 cabezales de iluminaci\u00f3n led en el lugar. Sumado a ello, profesionales de la repartici\u00f3n avanzan en un proyecto de riego, iluminaci\u00f3n paisaj\u00edstica y reestructuraci\u00f3n de todo el Parque; en consonancia con el M\u00e1ster Plan que tiene estipulado el Ministerio de Turismo y Cultura en esa zona.<\/p>\n<p>Lo proyectado busca el reemplazo de especies y agregado de faltantes, con el objetivo de recuperar paisaj\u00edsticamente el tradicional Jard\u00edn, respetando su dise\u00f1o original.<\/p>\n<p>En la zona conocida como Parque de la Quebrada de Zonda, la repartici\u00f3n ejecuta tareas de mantenimiento y mejora en los distintos espacios. En primer lugar, se realiza la nivelaci\u00f3n y mejora del sistema de riego. Dichas tareas constan de limpieza de acequias, demarcaci\u00f3n de surcos, limpieza de entubados y desarenador.<\/p>\n<p>En el sector de parrilleros, se ejecutan tareas de limpieza y mejoras con la intervenci\u00f3n de la Direcci\u00f3n de Mantenimiento y Obras Menores. Adem\u00e1s, Espacios Verdes ejecuta la poda y erradicaci\u00f3n de especies secas, siega de la carpeta verde, entre otras tareas.<\/p>\n<p>Por \u00faltimo y pensando en el corto plazo, comenzar\u00e1n el mantenimiento del predio Ex Balneario de Zonda, obra que ejecuta la Direcci\u00f3n de Arquitectura.<\/p>\n<p><img loading=\"lazy\" decoding=\"async\" class=\"alignnone wp-image-40024 size-full\" src=\"https:\/\/vocesparalelas.com.ar\/sitio\/wp-content\/uploads\/2021\/07\/JARDIN-POETAS-03.jpg\" alt=\"\" width=\"800\" height=\"534\" srcset=\"https:\/\/vocesparalelas.com.ar\/sitio\/wp-content\/uploads\/2021\/07\/JARDIN-POETAS-03.jpg 800w, https:\/\/vocesparalelas.com.ar\/sitio\/wp-content\/uploads\/2021\/07\/JARDIN-POETAS-03-300x200.jpg 300w, https:\/\/vocesparalelas.com.ar\/sitio\/wp-content\/uploads\/2021\/07\/JARDIN-POETAS-03-768x513.jpg 768w\" sizes=\"auto, (max-width: 800px) 100vw, 800px\" \/><\/p>\n<p><img loading=\"lazy\" decoding=\"async\" class=\"alignnone wp-image-40025 size-full\" src=\"https:\/\/vocesparalelas.com.ar\/sitio\/wp-content\/uploads\/2021\/07\/JARDIN-POETAS-04.jpg\" alt=\"\" width=\"800\" height=\"534\" srcset=\"https:\/\/vocesparalelas.com.ar\/sitio\/wp-content\/uploads\/2021\/07\/JARDIN-POETAS-04.jpg 800w, https:\/\/vocesparalelas.com.ar\/sitio\/wp-content\/uploads\/2021\/07\/JARDIN-POETAS-04-300x200.jpg 300w, https:\/\/vocesparalelas.com.ar\/sitio\/wp-content\/uploads\/2021\/07\/JARDIN-POETAS-04-768x513.jpg 768w\" sizes=\"auto, (max-width: 800px) 100vw, 800px\" \/><\/p>\n<p><img loading=\"lazy\" decoding=\"async\" class=\"alignnone wp-image-40023 size-full\" src=\"https:\/\/vocesparalelas.com.ar\/sitio\/wp-content\/uploads\/2021\/07\/JARDIN-POETAS-02.jpg\" alt=\"\" width=\"800\" height=\"534\" srcset=\"https:\/\/vocesparalelas.com.ar\/sitio\/wp-content\/uploads\/2021\/07\/JARDIN-POETAS-02.jpg 800w, https:\/\/vocesparalelas.com.ar\/sitio\/wp-content\/uploads\/2021\/07\/JARDIN-POETAS-02-300x200.jpg 300w, https:\/\/vocesparalelas.com.ar\/sitio\/wp-content\/uploads\/2021\/07\/JARDIN-POETAS-02-768x513.jpg 768w\" sizes=\"auto, (max-width: 800px) 100vw, 800px\" \/><\/p>\n<p>&nbsp;<\/p>\n","protected":false},"excerpt":{"rendered":"<p>El Ministerio de Obras y Servicios P\u00fablicos del Gobierno de San Juan, a trav\u00e9s de la Direcci\u00f3n Provincial de Espacios<\/p>\n","protected":false},"author":3,"featured_media":40022,"comment_status":"closed","ping_status":"closed","sticky":false,"template":"","format":"standard","meta":{"_acf_changed":false,"_seopress_robots_primary_cat":"none","_seopress_titles_title":"","_seopress_titles_desc":"","_seopress_robots_index":"","colormag_page_container_layout":"default_layout","colormag_page_sidebar_layout":"default_layout","footnotes":""},"categories":[1],"tags":[],"class_list":["post-40020","post","type-post","status-publish","format-standard","has-post-thumbnail","hentry","category-destacadas"],"acf":[],"_links":{"self":[{"href":"https:\/\/vocesparalelas.com.ar\/sitio\/wp-json\/wp\/v2\/posts\/40020","targetHints":{"allow":["GET"]}}],"collection":[{"href":"https:\/\/vocesparalelas.com.ar\/sitio\/wp-json\/wp\/v2\/posts"}],"about":[{"href":"https:\/\/vocesparalelas.com.ar\/sitio\/wp-json\/wp\/v2\/types\/post"}],"author":[{"embeddable":true,"href":"https:\/\/vocesparalelas.com.ar\/sitio\/wp-json\/wp\/v2\/users\/3"}],"replies":[{"embeddable":true,"href":"https:\/\/vocesparalelas.com.ar\/sitio\/wp-json\/wp\/v2\/comments?post=40020"}],"version-history":[{"count":3,"href":"https:\/\/vocesparalelas.com.ar\/sitio\/wp-json\/wp\/v2\/posts\/40020\/revisions"}],"predecessor-version":[{"id":40028,"href":"https:\/\/vocesparalelas.com.ar\/sitio\/wp-json\/wp\/v2\/posts\/40020\/revisions\/40028"}],"wp:featuredmedia":[{"embeddable":true,"href":"https:\/\/vocesparalelas.com.ar\/sitio\/wp-json\/wp\/v2\/media\/40022"}],"wp:attachment":[{"href":"https:\/\/vocesparalelas.com.ar\/sitio\/wp-json\/wp\/v2\/media?parent=40020"}],"wp:term":[{"taxonomy":"category","embeddable":true,"href":"https:\/\/vocesparalelas.com.ar\/sitio\/wp-json\/wp\/v2\/categories?post=40020"},{"taxonomy":"post_tag","embeddable":true,"href":"https:\/\/vocesparalelas.com.ar\/sitio\/wp-json\/wp\/v2\/tags?post=40020"}],"curies":[{"name":"wp","href":"https:\/\/api.w.org\/{rel}","templated":true}]}}