{"id":39918,"date":"2021-07-22T00:56:25","date_gmt":"2021-07-22T03:56:25","guid":{"rendered":"http:\/\/vocesparalelas.com.ar\/sitio\/?p=39918"},"modified":"2021-07-22T00:56:25","modified_gmt":"2021-07-22T03:56:25","slug":"la-escultura-caleidoscopio-identifica-la-cultura-de-san-juan-en-el-frente-del-mpbafr","status":"publish","type":"post","link":"https:\/\/vocesparalelas.com.ar\/sitio\/la-escultura-caleidoscopio-identifica-la-cultura-de-san-juan-en-el-frente-del-mpbafr\/","title":{"rendered":"La escultura \u00abCaleidoscopio\u00bb identifica la cultura de San Juan en el frente del MPBAFR"},"content":{"rendered":"<div class=\"itemFullText jbintrotext\">\n<p>El vicegobernador en ejercicio del Poder Ejecutivo de la provincia, CPN Roberto Gattoni, presidi\u00f3 el acto de inauguraci\u00f3n de la escultura \u00abCaleidoscopio\u00bb, ejecutada por la artista Beatriz Garc\u00eda Huertas, en la vereda del Museo Provincial de Bellas Artes Franklin Rawson.<\/p>\n<\/div>\n<div class=\"itemFullText\">\n<p>La obra surgi\u00f3 a ra\u00edz del Concurso Internacional de Escultura lanzado para la construcci\u00f3n de un trabajo que pudiera exhibirse al aire libre en el Museo y all\u00ed es donde se genera un convenio entre el gobierno provincial por intermedio del Ministerio de Turismo y Cultura y el Museo con la empresa Caleras San Juan S.A.<\/p>\n<p>Estuvieron presentes en la oportunidad la ministro de Turismo y Cultura, Lic. Claudia Grynszpan; los secretarios de Cultura, Prof. Virginia Agote y de Turismo, Dr. Roberto Ju\u00e1rez; el director del Museo Franklin Rawson, Prof. Emanuel D\u00edaz Ruiz; el gerente General de Caleras San Juan S.A, Ra\u00fal Cabanay y la artista, Beatriz Garc\u00eda Huertas, junto a otras autoridades e invitados especiales; el rector de la Universidad Nacional de San Juan, Ing. Tadeo Berenguer y la secretaria de Cultura de la Municipalidad de la ciudad de San Juan, Dra. Sandra Barcel\u00f3.<\/p>\n<p><img loading=\"lazy\" decoding=\"async\" class=\"alignnone wp-image-39923 size-full\" src=\"https:\/\/vocesparalelas.com.ar\/sitio\/wp-content\/uploads\/2021\/07\/MPBAFR-OBRA-01.jpg\" alt=\"\" width=\"800\" height=\"533\" srcset=\"https:\/\/vocesparalelas.com.ar\/sitio\/wp-content\/uploads\/2021\/07\/MPBAFR-OBRA-01.jpg 800w, https:\/\/vocesparalelas.com.ar\/sitio\/wp-content\/uploads\/2021\/07\/MPBAFR-OBRA-01-300x200.jpg 300w, https:\/\/vocesparalelas.com.ar\/sitio\/wp-content\/uploads\/2021\/07\/MPBAFR-OBRA-01-768x512.jpg 768w\" sizes=\"auto, (max-width: 800px) 100vw, 800px\" \/><\/p>\n<p>El acto comenz\u00f3 con las palabras de la secretaria de Cultura del Gobierno de San Juan, Prof. Virginia Agoste indic\u00f3 que \u00abcuando inauguramos el Museo pensamos que faltaba una escultura para que identifique una pieza art\u00edstica como llamador del Museo, por ello realizamos un certamen internacional y que el premio se haya quedado en casa es un orgullo para todo San Juan\u00bb.<\/p>\n<p><iframe loading=\"lazy\" title=\"MPBAFR\" width=\"800\" height=\"450\" src=\"https:\/\/www.youtube.com\/embed\/A8e3dgAkEfM?start=123&#038;feature=oembed\" frameborder=\"0\" allow=\"accelerometer; autoplay; clipboard-write; encrypted-media; gyroscope; picture-in-picture\" allowfullscreen><\/iframe><\/p>\n<p>&nbsp;<\/p>\n<p>En tanto, que la artista sanjuanina Beatriz Garc\u00eda Huertas, \u00a0expuso que el Caleidoscopio representa la complejidad y riqueza del contenido cultural. Adem\u00e1s, realiz\u00f3 un resumen detallado de la formaci\u00f3n de la estructura, al se\u00f1alar que \u201cel espacio exterior del museo se convierte en un sitio de reflexi\u00f3n y experimentaci\u00f3n de la imagen, la luz, la interrelaci\u00f3n entre las partes, imitando el proceso cultural en su tramado multifac\u00e9tico y de permanente cambio\u00bb.<\/p>\n<p><img loading=\"lazy\" decoding=\"async\" class=\"alignnone wp-image-39931 size-full\" src=\"https:\/\/vocesparalelas.com.ar\/sitio\/wp-content\/uploads\/2021\/07\/MPBAFR-OBRA-09.jpg\" alt=\"\" width=\"683\" height=\"1024\" srcset=\"https:\/\/vocesparalelas.com.ar\/sitio\/wp-content\/uploads\/2021\/07\/MPBAFR-OBRA-09.jpg 683w, https:\/\/vocesparalelas.com.ar\/sitio\/wp-content\/uploads\/2021\/07\/MPBAFR-OBRA-09-200x300.jpg 200w, https:\/\/vocesparalelas.com.ar\/sitio\/wp-content\/uploads\/2021\/07\/MPBAFR-OBRA-09-534x800.jpg 534w\" sizes=\"auto, (max-width: 683px) 100vw, 683px\" \/><\/p>\n<p><iframe loading=\"lazy\" title=\"MPBAFR\" width=\"800\" height=\"450\" src=\"https:\/\/www.youtube.com\/embed\/TNdT22PcDhY?start=20&#038;feature=oembed\" frameborder=\"0\" allow=\"accelerometer; autoplay; clipboard-write; encrypted-media; gyroscope; picture-in-picture\" allowfullscreen><\/iframe><\/p>\n<p><img loading=\"lazy\" decoding=\"async\" class=\"alignnone wp-image-39922 size-full\" src=\"https:\/\/vocesparalelas.com.ar\/sitio\/wp-content\/uploads\/2021\/07\/MPBAFR-OBRA-10.jpg\" alt=\"\" width=\"800\" height=\"533\" srcset=\"https:\/\/vocesparalelas.com.ar\/sitio\/wp-content\/uploads\/2021\/07\/MPBAFR-OBRA-10.jpg 800w, https:\/\/vocesparalelas.com.ar\/sitio\/wp-content\/uploads\/2021\/07\/MPBAFR-OBRA-10-300x200.jpg 300w, https:\/\/vocesparalelas.com.ar\/sitio\/wp-content\/uploads\/2021\/07\/MPBAFR-OBRA-10-768x512.jpg 768w\" sizes=\"auto, (max-width: 800px) 100vw, 800px\" \/><\/p>\n<p><img loading=\"lazy\" decoding=\"async\" class=\"alignnone wp-image-39930 size-full\" src=\"https:\/\/vocesparalelas.com.ar\/sitio\/wp-content\/uploads\/2021\/07\/MPBAFR-OBRA-08.jpg\" alt=\"\" width=\"800\" height=\"533\" srcset=\"https:\/\/vocesparalelas.com.ar\/sitio\/wp-content\/uploads\/2021\/07\/MPBAFR-OBRA-08.jpg 800w, https:\/\/vocesparalelas.com.ar\/sitio\/wp-content\/uploads\/2021\/07\/MPBAFR-OBRA-08-300x200.jpg 300w, https:\/\/vocesparalelas.com.ar\/sitio\/wp-content\/uploads\/2021\/07\/MPBAFR-OBRA-08-768x512.jpg 768w\" sizes=\"auto, (max-width: 800px) 100vw, 800px\" \/><\/p>\n<p>Mientras que el gerente General de Caleras San Juan S.A, Ra\u00fal Cabanay elogi\u00f3 el trabajo que realiza el Gobierno de San Juan en la materia cultural y dijo que \u00abpara Calera San Juan S.A es un honor que el premio lo haya ganado una sanjuanina, pero tambi\u00e9n el ser part\u00edcipe de estas manifestaciones culturales que embellecen nuestra sociedad y nos hacen crecer como comunidad\u00bb.<\/p>\n<\/div>\n<p><iframe loading=\"lazy\" title=\"MPBAFR\" width=\"800\" height=\"450\" src=\"https:\/\/www.youtube.com\/embed\/8k1ti76IkJg?start=12&#038;feature=oembed\" frameborder=\"0\" allow=\"accelerometer; autoplay; clipboard-write; encrypted-media; gyroscope; picture-in-picture\" allowfullscreen><\/iframe><\/p>\n<p>Por su parte, la ministro de Turismo y Cultura, Lic. Claudia Grynszpan destac\u00f3 la calidad del equipo del Museo y respecto a la nueva obra dijo que \u00abes importante que la cultura est\u00e9 en la puerta, que los transe\u00fantes pasen, vean, sientan, disfruten, mientras caminan la calle, que puedan tener una mirada hacia el arte y contar con una mirada propia\u00bb.<\/p>\n<p>Puso de manifiesto el trabajo en los protocolos ya que \u00aben pandemia trabaja para la Cultura y se piensa en quienes trabajan en ella. Hoy el Gobierno de San Juan inaugura una estructura pensando en el Museo de Bellas Artes, en el Teatro del Bicentenario, en los artistas\u00bb.<\/p>\n<p><iframe loading=\"lazy\" title=\"MPBAFR\" width=\"800\" height=\"450\" src=\"https:\/\/www.youtube.com\/embed\/CBYyBiiqE7s?feature=oembed\" frameborder=\"0\" allow=\"accelerometer; autoplay; clipboard-write; encrypted-media; gyroscope; picture-in-picture\" allowfullscreen><\/iframe><\/p>\n<p>Finalmente, el vicegobernador en ejercicio del Poder Ejecutivo del Gobierno de San Juan, CPN Roberto Gattoni\u00a0se\u00f1al\u00f3 que \u201cles transmito las disculpas del gobernador Dr. Sergio U\u00f1ac, quien tuvo que viajar a la Capital Federal, pero me encarg\u00f3 expresamente que felicitara y agradeciera a todos los que hab\u00edan trabajado para lograr que esta escultura fuera una realidad\u201d.<\/p>\n<p>Continu\u00f3 diciendo Gattoni, \u201cun reconocimiento en la persona de Ra\u00fal Cabanay a los directivos, due\u00f1os y trabajadores de Caleras San Juan por el invalorable aporte que han hecho para que esta obra sea lo que es hoy; a los miembros del jurado que trabajaron en una tarea muy importante y con caracter\u00edsticas de alt\u00edsima calidad y otorg\u00e1ndole una absoluta transparencia y al personal y directivos del Ministerio de Cultura y Turismo y de la Secretar\u00eda de Cultura\u201d.<\/p>\n<p><iframe loading=\"lazy\" title=\"MPBAFR\" width=\"800\" height=\"450\" src=\"https:\/\/www.youtube.com\/embed\/flMoAKYjwGA?feature=oembed\" frameborder=\"0\" allow=\"accelerometer; autoplay; clipboard-write; encrypted-media; gyroscope; picture-in-picture\" allowfullscreen><\/iframe><\/p>\n<p>&nbsp;<\/p>\n<p>Dejaron inaugurado la Escultura con el descubrimiento de la placa \u00abCaleidoscopio\u00bb testigo de la imposici\u00f3n de su presencia.<\/p>\n<p><img loading=\"lazy\" decoding=\"async\" class=\"alignnone wp-image-39929 size-full\" src=\"https:\/\/vocesparalelas.com.ar\/sitio\/wp-content\/uploads\/2021\/07\/MPBAFR-OBRA-07.jpg\" alt=\"\" width=\"800\" height=\"533\" srcset=\"https:\/\/vocesparalelas.com.ar\/sitio\/wp-content\/uploads\/2021\/07\/MPBAFR-OBRA-07.jpg 800w, https:\/\/vocesparalelas.com.ar\/sitio\/wp-content\/uploads\/2021\/07\/MPBAFR-OBRA-07-300x200.jpg 300w, https:\/\/vocesparalelas.com.ar\/sitio\/wp-content\/uploads\/2021\/07\/MPBAFR-OBRA-07-768x512.jpg 768w\" sizes=\"auto, (max-width: 800px) 100vw, 800px\" \/><\/p>\n<p><img loading=\"lazy\" decoding=\"async\" class=\"alignnone wp-image-39927 size-full\" src=\"https:\/\/vocesparalelas.com.ar\/sitio\/wp-content\/uploads\/2021\/07\/MPBAFR-OBRA-05.jpg\" alt=\"\" width=\"800\" height=\"533\" srcset=\"https:\/\/vocesparalelas.com.ar\/sitio\/wp-content\/uploads\/2021\/07\/MPBAFR-OBRA-05.jpg 800w, https:\/\/vocesparalelas.com.ar\/sitio\/wp-content\/uploads\/2021\/07\/MPBAFR-OBRA-05-300x200.jpg 300w, https:\/\/vocesparalelas.com.ar\/sitio\/wp-content\/uploads\/2021\/07\/MPBAFR-OBRA-05-768x512.jpg 768w\" sizes=\"auto, (max-width: 800px) 100vw, 800px\" \/><\/p>\n<p>&nbsp;<\/p>\n<p><img loading=\"lazy\" decoding=\"async\" class=\"alignnone wp-image-39928 size-full\" src=\"https:\/\/vocesparalelas.com.ar\/sitio\/wp-content\/uploads\/2021\/07\/MPBAFR-OBRA-06.jpg\" alt=\"\" width=\"683\" height=\"1024\" srcset=\"https:\/\/vocesparalelas.com.ar\/sitio\/wp-content\/uploads\/2021\/07\/MPBAFR-OBRA-06.jpg 683w, https:\/\/vocesparalelas.com.ar\/sitio\/wp-content\/uploads\/2021\/07\/MPBAFR-OBRA-06-200x300.jpg 200w, https:\/\/vocesparalelas.com.ar\/sitio\/wp-content\/uploads\/2021\/07\/MPBAFR-OBRA-06-534x800.jpg 534w\" sizes=\"auto, (max-width: 683px) 100vw, 683px\" \/><\/p>\n<p>&nbsp;<\/p>\n<p><img loading=\"lazy\" decoding=\"async\" class=\"alignnone wp-image-39925 size-full\" src=\"https:\/\/vocesparalelas.com.ar\/sitio\/wp-content\/uploads\/2021\/07\/MPBAFR-OBRA-03.jpg\" alt=\"\" width=\"800\" height=\"533\" srcset=\"https:\/\/vocesparalelas.com.ar\/sitio\/wp-content\/uploads\/2021\/07\/MPBAFR-OBRA-03.jpg 800w, https:\/\/vocesparalelas.com.ar\/sitio\/wp-content\/uploads\/2021\/07\/MPBAFR-OBRA-03-300x200.jpg 300w, https:\/\/vocesparalelas.com.ar\/sitio\/wp-content\/uploads\/2021\/07\/MPBAFR-OBRA-03-768x512.jpg 768w\" sizes=\"auto, (max-width: 800px) 100vw, 800px\" \/><\/p>\n<p><img loading=\"lazy\" decoding=\"async\" class=\"alignnone wp-image-39924 size-full\" src=\"https:\/\/vocesparalelas.com.ar\/sitio\/wp-content\/uploads\/2021\/07\/MPBAFR-OBRA-02.jpg\" alt=\"\" width=\"800\" height=\"533\" srcset=\"https:\/\/vocesparalelas.com.ar\/sitio\/wp-content\/uploads\/2021\/07\/MPBAFR-OBRA-02.jpg 800w, https:\/\/vocesparalelas.com.ar\/sitio\/wp-content\/uploads\/2021\/07\/MPBAFR-OBRA-02-300x200.jpg 300w, https:\/\/vocesparalelas.com.ar\/sitio\/wp-content\/uploads\/2021\/07\/MPBAFR-OBRA-02-768x512.jpg 768w\" sizes=\"auto, (max-width: 800px) 100vw, 800px\" \/><\/p>\n<p>&nbsp;<\/p>\n<p>&nbsp;<\/p>\n<div class=\"itemFullText\">\n<p>&nbsp;<\/p>\n<\/div>\n","protected":false},"excerpt":{"rendered":"<p>El vicegobernador en ejercicio del Poder Ejecutivo de la provincia, CPN Roberto Gattoni, presidi\u00f3 el acto de inauguraci\u00f3n de la<\/p>\n","protected":false},"author":3,"featured_media":39926,"comment_status":"closed","ping_status":"closed","sticky":false,"template":"","format":"video","meta":{"_acf_changed":false,"_seopress_robots_primary_cat":"none","_seopress_titles_title":"","_seopress_titles_desc":"","_seopress_robots_index":"","colormag_page_container_layout":"default_layout","colormag_page_sidebar_layout":"default_layout","footnotes":""},"categories":[1,7],"tags":[],"class_list":["post-39918","post","type-post","status-publish","format-video","has-post-thumbnail","hentry","category-destacadas","category-videos","post_format-post-format-video"],"acf":[],"_links":{"self":[{"href":"https:\/\/vocesparalelas.com.ar\/sitio\/wp-json\/wp\/v2\/posts\/39918","targetHints":{"allow":["GET"]}}],"collection":[{"href":"https:\/\/vocesparalelas.com.ar\/sitio\/wp-json\/wp\/v2\/posts"}],"about":[{"href":"https:\/\/vocesparalelas.com.ar\/sitio\/wp-json\/wp\/v2\/types\/post"}],"author":[{"embeddable":true,"href":"https:\/\/vocesparalelas.com.ar\/sitio\/wp-json\/wp\/v2\/users\/3"}],"replies":[{"embeddable":true,"href":"https:\/\/vocesparalelas.com.ar\/sitio\/wp-json\/wp\/v2\/comments?post=39918"}],"version-history":[{"count":1,"href":"https:\/\/vocesparalelas.com.ar\/sitio\/wp-json\/wp\/v2\/posts\/39918\/revisions"}],"predecessor-version":[{"id":39932,"href":"https:\/\/vocesparalelas.com.ar\/sitio\/wp-json\/wp\/v2\/posts\/39918\/revisions\/39932"}],"wp:featuredmedia":[{"embeddable":true,"href":"https:\/\/vocesparalelas.com.ar\/sitio\/wp-json\/wp\/v2\/media\/39926"}],"wp:attachment":[{"href":"https:\/\/vocesparalelas.com.ar\/sitio\/wp-json\/wp\/v2\/media?parent=39918"}],"wp:term":[{"taxonomy":"category","embeddable":true,"href":"https:\/\/vocesparalelas.com.ar\/sitio\/wp-json\/wp\/v2\/categories?post=39918"},{"taxonomy":"post_tag","embeddable":true,"href":"https:\/\/vocesparalelas.com.ar\/sitio\/wp-json\/wp\/v2\/tags?post=39918"}],"curies":[{"name":"wp","href":"https:\/\/api.w.org\/{rel}","templated":true}]}}