{"id":39900,"date":"2021-07-21T21:40:53","date_gmt":"2021-07-22T00:40:53","guid":{"rendered":"http:\/\/vocesparalelas.com.ar\/sitio\/?p=39900"},"modified":"2021-07-21T22:55:11","modified_gmt":"2021-07-22T01:55:11","slug":"continua-el-mantenimiento-de-las-redes-de-gas-en-las-escuelas-de-san-juan","status":"publish","type":"post","link":"https:\/\/vocesparalelas.com.ar\/sitio\/continua-el-mantenimiento-de-las-redes-de-gas-en-las-escuelas-de-san-juan\/","title":{"rendered":"Contin\u00faa el mantenimiento de las Redes de Gas en las escuelas de San Juan"},"content":{"rendered":"<p>La Direcci\u00f3n Provincial de Redes de Gas, perteneciente al Ministerio de Obras y Servicios P\u00fablicos del Gobierno de San Juan, contin\u00faa ejecutando labores en pos de mantener en condiciones los sistemas de calefacci\u00f3n de diversos edificios escolares de la Provincia.<\/p>\n<p>En este sentido y con el objeto de eficientizar las respuestas a las instituciones educativas, implement\u00f3 la metodolog\u00eda de reclamos telef\u00f3nicos para la generaci\u00f3n de una solicitud y asignaci\u00f3n de un n\u00famero de reclamo\/identificaci\u00f3n para su posterior seguimiento.<\/p>\n<p>Seg\u00fan coment\u00f3 el director del organismo, Rub\u00e9n Manni, con el ingreso del frente fr\u00edo en junio los reclamos aumentaron considerablemente. Por ello, se trabaj\u00f3 coordinadamente con la Direcci\u00f3n de Relevamiento y Necesidades Edilicias del Ministerio de Educaci\u00f3n, con miras a brindar una respuesta \u00e1gil, realizar relevamientos y ejecuci\u00f3n de las labores que se requieran.<\/p>\n<p>Respecto a la tipolog\u00eda de los trabajos, Redes de Gas categoriza las labores en aquellas que van desde la limpieza y\/o cambio de calefactores, reemplazo de artefactos deteriorados por el uso o destrucci\u00f3n hasta tendido de una instalaci\u00f3n nueva. Cabe destacar que gran parte de los artefactos retirados, son enviados al taller que posee la Direcci\u00f3n para evaluaci\u00f3n del deterioro y posible reparaci\u00f3n para dejarlos operativos nuevamente.<\/p>\n<p>A la fecha, se complet\u00f3 m\u00e1s del 85% de los trabajos de un total de 564 reclamos recepcionados. Es decir que se culminaron las labores en 480 edificios y hay trabajos en curso en 56 edificios.<\/p>\n<p><img loading=\"lazy\" decoding=\"async\" class=\"alignnone wp-image-39904 size-full\" src=\"https:\/\/vocesparalelas.com.ar\/sitio\/wp-content\/uploads\/2021\/07\/ESCUELAS-GAS.jpg\" alt=\"\" width=\"800\" height=\"450\" srcset=\"https:\/\/vocesparalelas.com.ar\/sitio\/wp-content\/uploads\/2021\/07\/ESCUELAS-GAS.jpg 800w, https:\/\/vocesparalelas.com.ar\/sitio\/wp-content\/uploads\/2021\/07\/ESCUELAS-GAS-300x169.jpg 300w, https:\/\/vocesparalelas.com.ar\/sitio\/wp-content\/uploads\/2021\/07\/ESCUELAS-GAS-768x432.jpg 768w\" sizes=\"auto, (max-width: 800px) 100vw, 800px\" \/><\/p>\n<p><strong><span style=\"color: #99cc00;\">Escuelas que demandan mayores trabajos<\/span><\/strong><\/p>\n<p>Seg\u00fan explic\u00f3 Manni, hay edificios educativos que precisan una instalaci\u00f3n nueva de gas. Esto demanda una mayor complejidad, ya que el procedimiento de trabajo implica la generaci\u00f3n de un proyecto de adecuaci\u00f3n, en ocasiones la confecci\u00f3n de planos de las instalaciones existentes para finalmente comenzar con un proceso licitatorio o de contrataci\u00f3n de empresas para la realizaci\u00f3n de las tareas.<\/p>\n<p>Algunas instituciones educativas que requieren o requirieron intervenciones para el reemplazo total de ca\u00f1er\u00edas son:<\/p>\n<ul>\n<li><span style=\"color: #99cc00;\"><strong>Jos\u00e9 A. Terry<\/strong><\/span>, del Departamento Capital: trabajo terminado en un plazo de 60 d\u00edas, fue inspeccionado por Ecogas y est\u00e1 operativo.<\/li>\n<li><strong><span style=\"color: #99cc00;\">Escuela Eusebio Zapata,<\/span><\/strong> del Departamento 9 de Julio: en etapa de recepci\u00f3n de ofertas de las empresas interesadas en la ejecuci\u00f3n de la obra.<\/li>\n<li><span style=\"color: #99cc00;\"><strong>Escuela Juan XXII<\/strong><\/span>, del Departamento Rawson: finalizaci\u00f3n del proyecto de adecuaci\u00f3n, en etapa de recepci\u00f3n de ofertas.<\/li>\n<li><span style=\"color: #99cc00;\"><strong>Escuela EPET N\u00b01 Ing. Rogelio Boero<\/strong><\/span>, del Departamento Capital: obra adjudicada y en etapa de relevamientos.<\/li>\n<li><strong><span style=\"color: #99cc00;\">Escuela Alfonsina Storni<\/span><\/strong>, del Departamento Caucete: ejecuci\u00f3n de anteproyecto. Este trabajo se realizar\u00e1 en conjunto con Infraestructura Escolar por requerir adecuaciones edilicias varias.<\/li>\n<\/ul>\n<p>&nbsp;<\/p>\n<p>&nbsp;<\/p>\n","protected":false},"excerpt":{"rendered":"<p>La Direcci\u00f3n Provincial de Redes de Gas, perteneciente al Ministerio de Obras y Servicios P\u00fablicos del Gobierno de San Juan,<\/p>\n","protected":false},"author":3,"featured_media":39905,"comment_status":"closed","ping_status":"closed","sticky":false,"template":"","format":"standard","meta":{"_acf_changed":false,"_seopress_robots_primary_cat":"none","_seopress_titles_title":"","_seopress_titles_desc":"","_seopress_robots_index":"","colormag_page_container_layout":"default_layout","colormag_page_sidebar_layout":"default_layout","footnotes":""},"categories":[1],"tags":[],"class_list":["post-39900","post","type-post","status-publish","format-standard","has-post-thumbnail","hentry","category-destacadas"],"acf":[],"_links":{"self":[{"href":"https:\/\/vocesparalelas.com.ar\/sitio\/wp-json\/wp\/v2\/posts\/39900","targetHints":{"allow":["GET"]}}],"collection":[{"href":"https:\/\/vocesparalelas.com.ar\/sitio\/wp-json\/wp\/v2\/posts"}],"about":[{"href":"https:\/\/vocesparalelas.com.ar\/sitio\/wp-json\/wp\/v2\/types\/post"}],"author":[{"embeddable":true,"href":"https:\/\/vocesparalelas.com.ar\/sitio\/wp-json\/wp\/v2\/users\/3"}],"replies":[{"embeddable":true,"href":"https:\/\/vocesparalelas.com.ar\/sitio\/wp-json\/wp\/v2\/comments?post=39900"}],"version-history":[{"count":3,"href":"https:\/\/vocesparalelas.com.ar\/sitio\/wp-json\/wp\/v2\/posts\/39900\/revisions"}],"predecessor-version":[{"id":39917,"href":"https:\/\/vocesparalelas.com.ar\/sitio\/wp-json\/wp\/v2\/posts\/39900\/revisions\/39917"}],"wp:featuredmedia":[{"embeddable":true,"href":"https:\/\/vocesparalelas.com.ar\/sitio\/wp-json\/wp\/v2\/media\/39905"}],"wp:attachment":[{"href":"https:\/\/vocesparalelas.com.ar\/sitio\/wp-json\/wp\/v2\/media?parent=39900"}],"wp:term":[{"taxonomy":"category","embeddable":true,"href":"https:\/\/vocesparalelas.com.ar\/sitio\/wp-json\/wp\/v2\/categories?post=39900"},{"taxonomy":"post_tag","embeddable":true,"href":"https:\/\/vocesparalelas.com.ar\/sitio\/wp-json\/wp\/v2\/tags?post=39900"}],"curies":[{"name":"wp","href":"https:\/\/api.w.org\/{rel}","templated":true}]}}