{"id":39842,"date":"2021-07-19T22:00:04","date_gmt":"2021-07-20T01:00:04","guid":{"rendered":"http:\/\/vocesparalelas.com.ar\/sitio\/?p=39842"},"modified":"2021-07-21T22:04:49","modified_gmt":"2021-07-22T01:04:49","slug":"deseo-que-hagamos-la-mejor-gestion-posible-para-la-faud-de-la-unsj","status":"publish","type":"post","link":"https:\/\/vocesparalelas.com.ar\/sitio\/deseo-que-hagamos-la-mejor-gestion-posible-para-la-faud-de-la-unsj\/","title":{"rendered":"\u00abDeseo que hagamos la mejor gesti\u00f3n posible para la FAUD de la UNSJ\u00bb"},"content":{"rendered":"<p>Los momentos son inolvidables cuando se concretan en hacer realidad el objetivo de efectivizar un proyecto que fortalezca a la Facultad de Arquitectura, Urbanismo y Dise\u00f1o de la Universidad Nacional de San Juan.<\/p>\n<p>Un camino transitado que se logra con el trabajo conjunto de un equipo que trabaj\u00f3 para imponer con el voto en unas elecciones democr\u00e1ticas en la UNSJ que permiti\u00f3 que el futuro de la FAUD llegue de la mano de su\u00a0Decano Arq. Guillermo Velasco junto a la Vicedecana Esp. Dra. Natalia Sevilla P\u00f3sleman.<\/p>\n<p>El Rector de la UNSJ, Mg. Ing. Tadeo Berenguer\u00a0junto a la Vicerrectora de la UNSJ, Dra. Anal\u00eda Ponce tomaron el juramento para que queden a cargo de sus funciones.<\/p>\n<p>Por ello, Voces Paralelas entrevist\u00f3 al Decano de la FAUD de la UNSJ,\u00a0Arq. Guillermo Velasco, quien expres\u00f3 que se hizo realidad su deseo de liderar la Unidad Acad\u00e9mica.<\/p>\n<p>&nbsp;<\/p>\n<p><iframe loading=\"lazy\" title=\"UNSJ FAUD ARQ GUILLERMO VELASCO\" width=\"800\" height=\"450\" src=\"https:\/\/www.youtube.com\/embed\/yU4CVtyg2wQ?feature=oembed\" frameborder=\"0\" allow=\"accelerometer; autoplay; clipboard-write; encrypted-media; gyroscope; picture-in-picture\" allowfullscreen><\/iframe><\/p>\n<p>&nbsp;<\/p>\n<p><img loading=\"lazy\" decoding=\"async\" class=\"alignnone wp-image-38500 size-full\" src=\"https:\/\/vocesparalelas.com.ar\/sitio\/wp-content\/uploads\/2021\/06\/FAUD-FRENTE-20.jpg\" alt=\"\" width=\"800\" height=\"600\" srcset=\"https:\/\/vocesparalelas.com.ar\/sitio\/wp-content\/uploads\/2021\/06\/FAUD-FRENTE-20.jpg 800w, https:\/\/vocesparalelas.com.ar\/sitio\/wp-content\/uploads\/2021\/06\/FAUD-FRENTE-20-300x225.jpg 300w, https:\/\/vocesparalelas.com.ar\/sitio\/wp-content\/uploads\/2021\/06\/FAUD-FRENTE-20-768x576.jpg 768w\" sizes=\"auto, (max-width: 800px) 100vw, 800px\" \/><\/p>\n","protected":false},"excerpt":{"rendered":"<p>Los momentos son inolvidables cuando se concretan en hacer realidad el objetivo de efectivizar un proyecto que fortalezca a la<\/p>\n","protected":false},"author":3,"featured_media":39838,"comment_status":"closed","ping_status":"closed","sticky":false,"template":"","format":"video","meta":{"_acf_changed":false,"_seopress_robots_primary_cat":"none","_seopress_titles_title":"","_seopress_titles_desc":"","_seopress_robots_index":"","colormag_page_container_layout":"default_layout","colormag_page_sidebar_layout":"default_layout","footnotes":""},"categories":[10,7],"tags":[],"class_list":["post-39842","post","type-post","status-publish","format-video","has-post-thumbnail","hentry","category-opiniones","category-videos","post_format-post-format-video"],"acf":[],"_links":{"self":[{"href":"https:\/\/vocesparalelas.com.ar\/sitio\/wp-json\/wp\/v2\/posts\/39842","targetHints":{"allow":["GET"]}}],"collection":[{"href":"https:\/\/vocesparalelas.com.ar\/sitio\/wp-json\/wp\/v2\/posts"}],"about":[{"href":"https:\/\/vocesparalelas.com.ar\/sitio\/wp-json\/wp\/v2\/types\/post"}],"author":[{"embeddable":true,"href":"https:\/\/vocesparalelas.com.ar\/sitio\/wp-json\/wp\/v2\/users\/3"}],"replies":[{"embeddable":true,"href":"https:\/\/vocesparalelas.com.ar\/sitio\/wp-json\/wp\/v2\/comments?post=39842"}],"version-history":[{"count":1,"href":"https:\/\/vocesparalelas.com.ar\/sitio\/wp-json\/wp\/v2\/posts\/39842\/revisions"}],"predecessor-version":[{"id":39845,"href":"https:\/\/vocesparalelas.com.ar\/sitio\/wp-json\/wp\/v2\/posts\/39842\/revisions\/39845"}],"wp:featuredmedia":[{"embeddable":true,"href":"https:\/\/vocesparalelas.com.ar\/sitio\/wp-json\/wp\/v2\/media\/39838"}],"wp:attachment":[{"href":"https:\/\/vocesparalelas.com.ar\/sitio\/wp-json\/wp\/v2\/media?parent=39842"}],"wp:term":[{"taxonomy":"category","embeddable":true,"href":"https:\/\/vocesparalelas.com.ar\/sitio\/wp-json\/wp\/v2\/categories?post=39842"},{"taxonomy":"post_tag","embeddable":true,"href":"https:\/\/vocesparalelas.com.ar\/sitio\/wp-json\/wp\/v2\/tags?post=39842"}],"curies":[{"name":"wp","href":"https:\/\/api.w.org\/{rel}","templated":true}]}}