{"id":39833,"date":"2021-07-19T23:11:37","date_gmt":"2021-07-20T02:11:37","guid":{"rendered":"http:\/\/vocesparalelas.com.ar\/sitio\/?p=39833"},"modified":"2021-07-21T13:14:12","modified_gmt":"2021-07-21T16:14:12","slug":"comienza-un-gran-desafio-y-responsabilidad-dirigir-el-futuro-de-la-ffha-de-la-unsj","status":"publish","type":"post","link":"https:\/\/vocesparalelas.com.ar\/sitio\/comienza-un-gran-desafio-y-responsabilidad-dirigir-el-futuro-de-la-ffha-de-la-unsj\/","title":{"rendered":"\u00abComienza un gran desaf\u00edo y responsabilidad dirigir el futuro de la FFHA de la UNSJ\u00bb"},"content":{"rendered":"<p>La asunci\u00f3n de la Decana de la Facultad de Filosof\u00eda Humanidades y Artes de la Universidad Nacional de San Juan, Mg. Prof. Myriam Arrabal junto al Vicedecano Prof. Marcelo Vazquez, por el Rector de la UNSJ, Mg. Ing. Tadeo Berenguer junto a la Vicerrectora de la UNSJ, Dra. Anal\u00eda Ponce, permiti\u00f3 democr\u00e1ticamente asumir a sus cargos.<\/p>\n<p>Voces Paralelas entrevist\u00f3 a la Decana de la FFHA de la UNSJ, Mg. Prof. Myriam Arrabal, quien describi\u00f3 lo que se viene para la Unidad Acad\u00e9mica y su gran deseo porque hay un legado que debe seguir para fortalecer la instituci\u00f3n que apuesta a la Educaci\u00f3n Universitaria.<\/p>\n<p><iframe loading=\"lazy\" title=\"UNSJ FFHA DECANA MG. MYRIAM ARRABAL\" width=\"800\" height=\"450\" src=\"https:\/\/www.youtube.com\/embed\/CN4F1E9BTNs?feature=oembed\" frameborder=\"0\" allow=\"accelerometer; autoplay; clipboard-write; encrypted-media; gyroscope; picture-in-picture\" allowfullscreen><\/iframe><\/p>\n<p>&nbsp;<\/p>\n<p>&nbsp;<\/p>\n<p><img loading=\"lazy\" decoding=\"async\" class=\"alignnone wp-image-6323 size-large\" src=\"https:\/\/vocesparalelas.com.ar\/sitio\/wp-content\/uploads\/2017\/10\/FFHA-01-800x450.jpg\" alt=\"\" width=\"800\" height=\"450\" srcset=\"https:\/\/vocesparalelas.com.ar\/sitio\/wp-content\/uploads\/2017\/10\/FFHA-01-800x450.jpg 800w, https:\/\/vocesparalelas.com.ar\/sitio\/wp-content\/uploads\/2017\/10\/FFHA-01-300x169.jpg 300w, https:\/\/vocesparalelas.com.ar\/sitio\/wp-content\/uploads\/2017\/10\/FFHA-01-768x432.jpg 768w, https:\/\/vocesparalelas.com.ar\/sitio\/wp-content\/uploads\/2017\/10\/FFHA-01.jpg 1024w\" sizes=\"auto, (max-width: 800px) 100vw, 800px\" \/><\/p>\n","protected":false},"excerpt":{"rendered":"<p>La asunci\u00f3n de la Decana de la Facultad de Filosof\u00eda Humanidades y Artes de la Universidad Nacional de San Juan,<\/p>\n","protected":false},"author":3,"featured_media":39836,"comment_status":"closed","ping_status":"closed","sticky":false,"template":"","format":"video","meta":{"_acf_changed":false,"_seopress_robots_primary_cat":"none","_seopress_titles_title":"","_seopress_titles_desc":"","_seopress_robots_index":"","colormag_page_container_layout":"default_layout","colormag_page_sidebar_layout":"default_layout","footnotes":""},"categories":[10,7],"tags":[],"class_list":["post-39833","post","type-post","status-publish","format-video","has-post-thumbnail","hentry","category-opiniones","category-videos","post_format-post-format-video"],"acf":[],"_links":{"self":[{"href":"https:\/\/vocesparalelas.com.ar\/sitio\/wp-json\/wp\/v2\/posts\/39833","targetHints":{"allow":["GET"]}}],"collection":[{"href":"https:\/\/vocesparalelas.com.ar\/sitio\/wp-json\/wp\/v2\/posts"}],"about":[{"href":"https:\/\/vocesparalelas.com.ar\/sitio\/wp-json\/wp\/v2\/types\/post"}],"author":[{"embeddable":true,"href":"https:\/\/vocesparalelas.com.ar\/sitio\/wp-json\/wp\/v2\/users\/3"}],"replies":[{"embeddable":true,"href":"https:\/\/vocesparalelas.com.ar\/sitio\/wp-json\/wp\/v2\/comments?post=39833"}],"version-history":[{"count":2,"href":"https:\/\/vocesparalelas.com.ar\/sitio\/wp-json\/wp\/v2\/posts\/39833\/revisions"}],"predecessor-version":[{"id":39841,"href":"https:\/\/vocesparalelas.com.ar\/sitio\/wp-json\/wp\/v2\/posts\/39833\/revisions\/39841"}],"wp:featuredmedia":[{"embeddable":true,"href":"https:\/\/vocesparalelas.com.ar\/sitio\/wp-json\/wp\/v2\/media\/39836"}],"wp:attachment":[{"href":"https:\/\/vocesparalelas.com.ar\/sitio\/wp-json\/wp\/v2\/media?parent=39833"}],"wp:term":[{"taxonomy":"category","embeddable":true,"href":"https:\/\/vocesparalelas.com.ar\/sitio\/wp-json\/wp\/v2\/categories?post=39833"},{"taxonomy":"post_tag","embeddable":true,"href":"https:\/\/vocesparalelas.com.ar\/sitio\/wp-json\/wp\/v2\/tags?post=39833"}],"curies":[{"name":"wp","href":"https:\/\/api.w.org\/{rel}","templated":true}]}}