{"id":39829,"date":"2021-07-19T21:48:06","date_gmt":"2021-07-20T00:48:06","guid":{"rendered":"http:\/\/vocesparalelas.com.ar\/sitio\/?p=39829"},"modified":"2021-07-21T13:13:01","modified_gmt":"2021-07-21T16:13:01","slug":"concurso-nacional-innovar-2021","status":"publish","type":"post","link":"https:\/\/vocesparalelas.com.ar\/sitio\/concurso-nacional-innovar-2021\/","title":{"rendered":"Concurso Nacional \u00abINNOVAR 2021\u201d"},"content":{"rendered":"<p>El Ministerio de Ciencia, Tecnolog\u00eda e Innovaci\u00f3n a trav\u00e9s de la Direcci\u00f3n de Articulaci\u00f3n y Contenidos Audiovisuales, celebra la decimosexta edici\u00f3n del \u201cConcurso Nacional de Innovaciones &#8211; INNOVAR 2021\u201d cuyo objetivo apunta a promover invenciones de impacto social y comercial, sostener emprendimientos de base tecnol\u00f3gica y fortalecer el desarrollo de una cultura nacional innovadora. La inscripci\u00f3n estar\u00e1 abierta hasta el 30 de julio.<\/p>\n<p>La inscripci\u00f3n de los proyectos se realiza en el sitio web <a href=\"http:\/\/www.innovar.gob.ar\">http:\/\/www.innovar.gob.ar<\/a>\u00a0hasta el 30 de julio, teniendo en cuenta cinco perfiles de participantes y bajo un tema estrat\u00e9gico determinado. Las tem\u00e1ticas requeridas en esta edici\u00f3n son: soberan\u00eda alimentaria, COVID-19, desarrollo productivo orientado al universo pyme y cooperativista, cambio clim\u00e1tico, sustentabilidad y transici\u00f3n energ\u00e9tica. Adem\u00e1s, se ponderar\u00e1n especialmente aquellas propuestas que incluyan la perspectiva de g\u00e9nero.<\/p>\n<p>Los proyectos ser\u00e1n evaluados respecto a su grado de originalidad, su potencial impacto social, viabilidad comercial, grado de desarrollo y proyecci\u00f3n a nivel regional, nacional e internacional. Luego de la etapa de evaluaci\u00f3n -que ser\u00e1 encabezada por prestigiosos y reconocidos jurados- se otorgar\u00e1n distinciones a aquellos seleccionados seg\u00fan su encuadre en cada perfil de participaci\u00f3n. Se premiar\u00e1n ocho proyectos dentro de cada una de las categor\u00edas \u201cInvestigaci\u00f3n\u201d, \u201cEmpresas y tercer sector\u201d y \u201cEmprendimientos e inventos\u201d.<\/p>\n<p>Tambi\u00e9n ser\u00e1n distinguidas nueve iniciativas dentro de los perfiles \u201cproyectos universitarios y terciarios\u201d y \u201cescuelas secundarias\u201d. Adem\u00e1s, dos o m\u00e1s iniciativas ser\u00e1n galardonadas especialmente con la \u201cGran Distinci\u00f3n Innovar\u201d. En total el concurso repartir\u00e1 $2.500.000.<\/p>\n<p>Como novedad de esta edici\u00f3n el certamen contar\u00e1 con la participaci\u00f3n de la Agencia Nacional de Promoci\u00f3n de la Investigaci\u00f3n, el Desarrollo Tecnol\u00f3gico y la Innovaci\u00f3n, que seleccionar\u00e1 proyectos a los que brindar\u00e1 asesoramiento para continuar con su desarrollo o con la materializaci\u00f3n de prototipos; e instancias de divulgaci\u00f3n y reconocimiento como distinciones especiales. Respecto a la capacitaci\u00f3n y promoci\u00f3n, se avanzar\u00e1 en una instancia posterior con aquellos proyectos seleccionados por la Agencia que accedan a participar de un taller para potenciar sus innovaciones.<\/p>\n<p>Estos tendr\u00e1n la posibilidad de recibir un aporte adicional de $500.000 a repartir entre las mejores cinco iniciativas. En cuanto a los conceptos de divulgaci\u00f3n y reconocimiento, los proyectos relacionados con el COVID-19 ser\u00e1n difundidos y sometidos a votaci\u00f3n p\u00fablica en la que se valorar\u00e1n las percepciones de la sociedad sobre su nivel de impacto en la vida cotidiana.<\/p>\n<p>Para m\u00e1s informaci\u00f3n, bases y condiciones, ingresar en <a href=\"http:\/\/www.innovar.gob.ar\/\">www.innovar.gob.ar<\/a><\/p>\n<p>Fuente: argentina.gob.ar<\/p>\n","protected":false},"excerpt":{"rendered":"<p>El Ministerio de Ciencia, Tecnolog\u00eda e Innovaci\u00f3n a trav\u00e9s de la Direcci\u00f3n de Articulaci\u00f3n y Contenidos Audiovisuales, celebra la decimosexta<\/p>\n","protected":false},"author":3,"featured_media":39831,"comment_status":"closed","ping_status":"closed","sticky":false,"template":"","format":"standard","meta":{"_acf_changed":false,"_seopress_robots_primary_cat":"none","_seopress_titles_title":"","_seopress_titles_desc":"","_seopress_robots_index":"","colormag_page_container_layout":"default_layout","colormag_page_sidebar_layout":"default_layout","footnotes":""},"categories":[8],"tags":[],"class_list":["post-39829","post","type-post","status-publish","format-standard","has-post-thumbnail","hentry","category-concursos"],"acf":[],"_links":{"self":[{"href":"https:\/\/vocesparalelas.com.ar\/sitio\/wp-json\/wp\/v2\/posts\/39829","targetHints":{"allow":["GET"]}}],"collection":[{"href":"https:\/\/vocesparalelas.com.ar\/sitio\/wp-json\/wp\/v2\/posts"}],"about":[{"href":"https:\/\/vocesparalelas.com.ar\/sitio\/wp-json\/wp\/v2\/types\/post"}],"author":[{"embeddable":true,"href":"https:\/\/vocesparalelas.com.ar\/sitio\/wp-json\/wp\/v2\/users\/3"}],"replies":[{"embeddable":true,"href":"https:\/\/vocesparalelas.com.ar\/sitio\/wp-json\/wp\/v2\/comments?post=39829"}],"version-history":[{"count":2,"href":"https:\/\/vocesparalelas.com.ar\/sitio\/wp-json\/wp\/v2\/posts\/39829\/revisions"}],"predecessor-version":[{"id":39887,"href":"https:\/\/vocesparalelas.com.ar\/sitio\/wp-json\/wp\/v2\/posts\/39829\/revisions\/39887"}],"wp:featuredmedia":[{"embeddable":true,"href":"https:\/\/vocesparalelas.com.ar\/sitio\/wp-json\/wp\/v2\/media\/39831"}],"wp:attachment":[{"href":"https:\/\/vocesparalelas.com.ar\/sitio\/wp-json\/wp\/v2\/media?parent=39829"}],"wp:term":[{"taxonomy":"category","embeddable":true,"href":"https:\/\/vocesparalelas.com.ar\/sitio\/wp-json\/wp\/v2\/categories?post=39829"},{"taxonomy":"post_tag","embeddable":true,"href":"https:\/\/vocesparalelas.com.ar\/sitio\/wp-json\/wp\/v2\/tags?post=39829"}],"curies":[{"name":"wp","href":"https:\/\/api.w.org\/{rel}","templated":true}]}}