{"id":39820,"date":"2021-07-19T20:47:43","date_gmt":"2021-07-19T23:47:43","guid":{"rendered":"http:\/\/vocesparalelas.com.ar\/sitio\/?p=39820"},"modified":"2021-07-20T22:31:58","modified_gmt":"2021-07-21T01:31:58","slug":"se-habilito-nuevamente-la-inscripcion-para-proteger-empleo-san-juan","status":"publish","type":"post","link":"https:\/\/vocesparalelas.com.ar\/sitio\/se-habilito-nuevamente-la-inscripcion-para-proteger-empleo-san-juan\/","title":{"rendered":"Se habilit\u00f3 nuevamente la inscripci\u00f3n para Proteger Empleo San Juan"},"content":{"rendered":"<p>El Gobierno de San Juan a trav\u00e9s del Ministerio de Producci\u00f3n y Desarrollo Econ\u00f3mico informa que a partir del Lunes, 19 de Julio, habilit\u00f3 nuevamente la inscripci\u00f3n para Proteger Empleo San Juan destinada a quienes no hayan podido inscribirse en la primera etapa a fin de beneficiarse con este programa.<\/p>\n<p>Este beneficio consiste en un aporte de $15.000 por trabajador que se otorga a las empresas -incluidas en los sectores econ\u00f3micos que no fueron declarados como esenciales- siempre que no hayan accedido al REPRO II.<\/p>\n<p>Mediante este programa que lanz\u00f3 el gobernador U\u00f1ac a fines de mayo se benefici\u00f3, hasta el momento, a 7442 trabajadores. Para la puesta en marcha de \u201cProteger Empleo\u201d se destinaron $1.000 millones.<\/p>\n<p>Cabe destacar que quienes se incorporen en esta segunda etapa al programa recibir\u00e1n el beneficio por los meses que resten hasta octubre. Es decir que quienes se inscribieron en el primer llamado se beneficiaron con 4 meses de este aporte, en cambio, quienes se incorporen ahora, recibir\u00e1n el beneficio por tres meses.<\/p>\n<p>El tr\u00e1mite debe iniciarse en www.protegerempleosanjuan.com.ar. Se requerir\u00e1:<\/p>\n<p><strong><span style=\"color: #99cc00;\">Datos del empleador- sociedades<\/span><\/strong><\/p>\n<ul>\n<li>Constancia Inscripci\u00f3n AFIP<\/li>\n<li>deber\u00e1 presentar estatuto y acreditar acta de directorio que lo habilite como apoderado.<\/li>\n<li>931 de abril, mayo y junio<\/li>\n<\/ul>\n<p>Monotributistas:<\/p>\n<ul>\n<li>Constancia Inscripci\u00f3n AFIP<\/li>\n<li>931 de abril, mayo y junio<\/li>\n<\/ul>\n<p>En ambos casos deber\u00e1 presentar una declaraci\u00f3n jurada firmada por los empleados en la que conste que el subsidio que est\u00e1n recibiendo es parte del sueldo percibido.<\/p>\n<p><strong><span style=\"color: #99cc00;\">Datos del empleado<\/span><\/strong><\/p>\n<ul>\n<li>Acta temprana de cada empleado con fecha actualizada al mes de presentaci\u00f3n<\/li>\n<li>Documento y CBU de cada empleado (emitido por home Banking)<\/li>\n<\/ul>\n<p>En los siguientes meses solo deber\u00e1n presentar el alta temprana de cada empleado y el F.931 actualizado.<\/p>\n<p>A trav\u00e9s de \u201cProteger empleo San Juan\u201d se benefici\u00f3 a comercios minoristas, gastronom\u00eda, transporte escolar o tur\u00edstico, salones de eventos, hoteler\u00eda urbana, actividades culturales, servicios tur\u00edsticos, agencias de viajes.<\/p>\n<p>Se otorgar\u00e1 $ 15.000 por empleado registrado. Para rubro hoteles urbanos y agencias de viajes, se otorgar\u00e1 $22.000 por empleado registrado.<\/p>\n<p>El empleado alcanzado por el subsidio debe llevar 6 meses de antig\u00fcedad al momento de la presentaci\u00f3n del programa.<\/p>\n<p>Aquellas empresas que reciban el Repro II, que otorga el Gobierno nacional, no podr\u00e1n beneficiarse con este programa.<\/p>\n<p>Proteger empleo San Juan es un beneficio para que los empresarios, monotributistas y aut\u00f3nomos puedan hacer frente al salario de sus trabajadores<\/p>\n<p><span style=\"color: #99cc00;\"><strong>Informes<\/strong><\/span><\/p>\n<ul>\n<li><a href=\"http:\/\/www.protegerempleosanjuan.com.ar\/\">protegerempleosanjuan.com.ar<\/a><\/li>\n<li>Agencia Calidad San Juan: 25 de Mayo 577 este, Capital. Tel\u00e9fono 4274391<\/li>\n<li>Centro de Financiamiento Productivo (CEFIP) C\u00f3rdoba 390 este, esquina Jujuy, Capital. Tel\u00e9fono 4226145.<\/li>\n<\/ul>\n","protected":false},"excerpt":{"rendered":"<p>El Gobierno de San Juan a trav\u00e9s del Ministerio de Producci\u00f3n y Desarrollo Econ\u00f3mico informa que a partir del Lunes,<\/p>\n","protected":false},"author":3,"featured_media":1815,"comment_status":"closed","ping_status":"closed","sticky":false,"template":"","format":"standard","meta":{"_acf_changed":false,"_seopress_robots_primary_cat":"none","_seopress_titles_title":"","_seopress_titles_desc":"","_seopress_robots_index":"","colormag_page_container_layout":"default_layout","colormag_page_sidebar_layout":"default_layout","footnotes":""},"categories":[6],"tags":[],"class_list":["post-39820","post","type-post","status-publish","format-standard","has-post-thumbnail","hentry","category-eventos"],"acf":[],"_links":{"self":[{"href":"https:\/\/vocesparalelas.com.ar\/sitio\/wp-json\/wp\/v2\/posts\/39820","targetHints":{"allow":["GET"]}}],"collection":[{"href":"https:\/\/vocesparalelas.com.ar\/sitio\/wp-json\/wp\/v2\/posts"}],"about":[{"href":"https:\/\/vocesparalelas.com.ar\/sitio\/wp-json\/wp\/v2\/types\/post"}],"author":[{"embeddable":true,"href":"https:\/\/vocesparalelas.com.ar\/sitio\/wp-json\/wp\/v2\/users\/3"}],"replies":[{"embeddable":true,"href":"https:\/\/vocesparalelas.com.ar\/sitio\/wp-json\/wp\/v2\/comments?post=39820"}],"version-history":[{"count":1,"href":"https:\/\/vocesparalelas.com.ar\/sitio\/wp-json\/wp\/v2\/posts\/39820\/revisions"}],"predecessor-version":[{"id":39822,"href":"https:\/\/vocesparalelas.com.ar\/sitio\/wp-json\/wp\/v2\/posts\/39820\/revisions\/39822"}],"wp:featuredmedia":[{"embeddable":true,"href":"https:\/\/vocesparalelas.com.ar\/sitio\/wp-json\/wp\/v2\/media\/1815"}],"wp:attachment":[{"href":"https:\/\/vocesparalelas.com.ar\/sitio\/wp-json\/wp\/v2\/media?parent=39820"}],"wp:term":[{"taxonomy":"category","embeddable":true,"href":"https:\/\/vocesparalelas.com.ar\/sitio\/wp-json\/wp\/v2\/categories?post=39820"},{"taxonomy":"post_tag","embeddable":true,"href":"https:\/\/vocesparalelas.com.ar\/sitio\/wp-json\/wp\/v2\/tags?post=39820"}],"curies":[{"name":"wp","href":"https:\/\/api.w.org\/{rel}","templated":true}]}}