{"id":39809,"date":"2021-07-19T19:40:35","date_gmt":"2021-07-19T22:40:35","guid":{"rendered":"http:\/\/vocesparalelas.com.ar\/sitio\/?p=39809"},"modified":"2021-07-20T20:54:54","modified_gmt":"2021-07-20T23:54:54","slug":"deben-presentar-factura-de-julio-el-personal-contratado-de-servicios-generales-y-administrativo-de-educacion","status":"publish","type":"post","link":"https:\/\/vocesparalelas.com.ar\/sitio\/deben-presentar-factura-de-julio-el-personal-contratado-de-servicios-generales-y-administrativo-de-educacion\/","title":{"rendered":"Deben presentar factura de Julio el personal Contratado de Servicios Generales y administrativo de Educaci\u00f3n"},"content":{"rendered":"<p>La Secretar\u00eda de Coordinaci\u00f3n Administrativa y Financiera del Ministerio de Educaci\u00f3n del Gobierno de San Juan informa que las personas bajo el r\u00e9gimen de Contratos Administrativos de Colaboraci\u00f3n para tareas Administrativas y de Servicios Generales, que poseen Contratos de Colaboraci\u00f3n, que deben presentar facturas del mes de junio.<\/p>\n<p>El personal de Servicios Generales (porteros) debe presentar al director del establecimiento educativo donde se desempe\u00f1a la Factura Electr\u00f3nica correspondiente al mes de julio 2021. Luego el equipo directivo o responsable designado para esta tarea debe entregarlas en el Centro C\u00edvico seg\u00fan el siguiente cronograma:<\/p>\n<p><img loading=\"lazy\" decoding=\"async\" class=\"alignnone wp-image-39811 size-full\" src=\"https:\/\/vocesparalelas.com.ar\/sitio\/wp-content\/uploads\/2021\/07\/FACTURA-JULIO.jpg\" alt=\"\" width=\"800\" height=\"437\" srcset=\"https:\/\/vocesparalelas.com.ar\/sitio\/wp-content\/uploads\/2021\/07\/FACTURA-JULIO.jpg 800w, https:\/\/vocesparalelas.com.ar\/sitio\/wp-content\/uploads\/2021\/07\/FACTURA-JULIO-300x164.jpg 300w, https:\/\/vocesparalelas.com.ar\/sitio\/wp-content\/uploads\/2021\/07\/FACTURA-JULIO-768x420.jpg 768w\" sizes=\"auto, (max-width: 800px) 100vw, 800px\" \/><\/p>\n<p><span style=\"color: #339966;\"><strong>Contratados de Zonas Alejadas<\/strong><\/span><\/p>\n<p>Las personas contratadas que viven en los departamentos de Calingasta, Iglesia, J\u00e1chal y Valle F\u00e9rtil deber\u00e1n entregar la factura electr\u00f3nica impresa a su director y este directivo deber\u00e1 enviarlas en un sobre a su Unidad de Gesti\u00f3n.<\/p>\n<p><strong><span style=\"color: #339966;\">Las facturas deben ser electr\u00f3nicas y confeccionadas de la siguiente manera:<\/span><\/strong><\/p>\n<p><strong>FACTURA MES DE JULIO 2021:<\/strong><\/p>\n<p><strong>FECHA DE EMISI\u00d3N:<\/strong> 30\/07\/2021<\/p>\n<p><strong>PERIODO FACTURADO:<\/strong> DESDE EL 01\/07\/2021 HASTA EL 31\/07\/2021.<\/p>\n<p><strong>VENCIMIENTO<\/strong>: 31\/08\/2021<\/p>\n<p><strong>CUIT GOBIERNO DE LA PROVINCIA:<\/strong> 30-99901516-2<\/p>\n<p><strong>CONDICI\u00d3N FRENTE AL IVA:<\/strong> IVA SUJETO EXENTO<\/p>\n<p><strong>CONDICI\u00d3N DE VENTA:<\/strong> OTRA<\/p>\n<p><strong>DETALLE:<\/strong> Pago de honorarios por Contrato Administrativo de Servicio de Colaboraci\u00f3n mes de junio de 2021.-<\/p>\n<p><strong>MONTO A FACTURAR:<\/strong> (PARA PORTEROS): FACTURA MES DE JULIO 2021 $16.702,00.-<\/p>\n<p><strong>CONFORMACI\u00d3N DE FACTURA:<\/strong> al Dorso de la factura, en la parte de atr\u00e1s, deber\u00e1 colocar lo siguiente:<\/p>\n<p>\u201cART\u00cdCULOS 6\u00b0 Y 11\u00ba LEY N\u00ba 793-A. CL\u00c1USULA CUARTA DEL CONTRATO ADMINISTRATIVO DE SERVICIOS DE COLABORACI\u00d3N\u201d.<\/p>\n<p>SAN JUAN, 30\/07\/2021.<\/p>\n<p>Con firma y sello del directivo<\/p>\n<p><span style=\"color: #339966;\"><strong>Presentaci\u00f3n de seguros generales:<\/strong> <\/span>con la firma y sello del directivo (es obligatoria su presentaci\u00f3n); constancia de pago del mes de julio 2021 (fotocopia legible con datos del asegurado nombre y apellido, legalizada en el frente por el directivo). En caso de presentar el comprobante de pago emitido por el seguro, este debe tener fecha de julio 2021. Sin excepci\u00f3n.<\/p>\n<p><span style=\"color: #339966;\"><strong>Contratados con funciones administrativas<\/strong><\/span><\/p>\n<p>Tienen que presentaran la factura en la oficina de personal administrativo con el monto correspondiente a cada contrato, desde el 21 al 27 de julio 2021, en horario de 8:30 a 13 horas.<\/p>\n<p>&nbsp;<\/p>\n<p>&nbsp;<\/p>\n<p>&nbsp;<\/p>\n","protected":false},"excerpt":{"rendered":"<p>La Secretar\u00eda de Coordinaci\u00f3n Administrativa y Financiera del Ministerio de Educaci\u00f3n del Gobierno de San Juan informa que las personas<\/p>\n","protected":false},"author":3,"featured_media":37957,"comment_status":"closed","ping_status":"closed","sticky":false,"template":"","format":"standard","meta":{"_acf_changed":false,"_seopress_robots_primary_cat":"none","_seopress_titles_title":"","_seopress_titles_desc":"","_seopress_robots_index":"","colormag_page_container_layout":"default_layout","colormag_page_sidebar_layout":"default_layout","footnotes":""},"categories":[5],"tags":[],"class_list":["post-39809","post","type-post","status-publish","format-standard","has-post-thumbnail","hentry","category-ofrecimientos"],"acf":[],"_links":{"self":[{"href":"https:\/\/vocesparalelas.com.ar\/sitio\/wp-json\/wp\/v2\/posts\/39809","targetHints":{"allow":["GET"]}}],"collection":[{"href":"https:\/\/vocesparalelas.com.ar\/sitio\/wp-json\/wp\/v2\/posts"}],"about":[{"href":"https:\/\/vocesparalelas.com.ar\/sitio\/wp-json\/wp\/v2\/types\/post"}],"author":[{"embeddable":true,"href":"https:\/\/vocesparalelas.com.ar\/sitio\/wp-json\/wp\/v2\/users\/3"}],"replies":[{"embeddable":true,"href":"https:\/\/vocesparalelas.com.ar\/sitio\/wp-json\/wp\/v2\/comments?post=39809"}],"version-history":[{"count":1,"href":"https:\/\/vocesparalelas.com.ar\/sitio\/wp-json\/wp\/v2\/posts\/39809\/revisions"}],"predecessor-version":[{"id":39812,"href":"https:\/\/vocesparalelas.com.ar\/sitio\/wp-json\/wp\/v2\/posts\/39809\/revisions\/39812"}],"wp:featuredmedia":[{"embeddable":true,"href":"https:\/\/vocesparalelas.com.ar\/sitio\/wp-json\/wp\/v2\/media\/37957"}],"wp:attachment":[{"href":"https:\/\/vocesparalelas.com.ar\/sitio\/wp-json\/wp\/v2\/media?parent=39809"}],"wp:term":[{"taxonomy":"category","embeddable":true,"href":"https:\/\/vocesparalelas.com.ar\/sitio\/wp-json\/wp\/v2\/categories?post=39809"},{"taxonomy":"post_tag","embeddable":true,"href":"https:\/\/vocesparalelas.com.ar\/sitio\/wp-json\/wp\/v2\/tags?post=39809"}],"curies":[{"name":"wp","href":"https:\/\/api.w.org\/{rel}","templated":true}]}}