{"id":39802,"date":"2021-07-18T23:28:58","date_gmt":"2021-07-19T02:28:58","guid":{"rendered":"http:\/\/vocesparalelas.com.ar\/sitio\/?p=39802"},"modified":"2021-07-18T23:28:58","modified_gmt":"2021-07-19T02:28:58","slug":"se-restituyo-el-documento-historico-que-consagro-gobernador-a-domingo-f-sarmiento","status":"publish","type":"post","link":"https:\/\/vocesparalelas.com.ar\/sitio\/se-restituyo-el-documento-historico-que-consagro-gobernador-a-domingo-f-sarmiento\/","title":{"rendered":"Se restituy\u00f3 el Documento Hist\u00f3rico que consagr\u00f3 gobernador a Domingo F. Sarmiento"},"content":{"rendered":"<div class=\"itemFullText jbintrotext\">\n<p>El vicegobernador de San Juan, CPN Roberto Gattoni acompa\u00f1\u00f3 al gobernador Dr. Sergio U\u00f1ac, en la ceremonia de restituci\u00f3n y recepci\u00f3n del documento hist\u00f3rico de la designaci\u00f3n de Domingo Faustino Sarmiento como gobernador de la Provincia de San Juan, cumplido en el Archivo General de la provincia.<\/p>\n<p><span style=\"line-height: 1.5;\">En este sentido, el acta recuperada es del a\u00f1o 1862 y el citado documento registra una sesi\u00f3n de la C\u00e1mara de Diputados en la que el ciudadano Domingo Faustino Sarmiento es designado como gobernador constitucional de la provincia de San Juan.<\/span><\/p>\n<\/div>\n<div class=\"itemFullText\">\n<p>Cabe consignar que este documento fue hallado recientemente por la Divisi\u00f3n de Delitos Culturales de C\u00f3rdoba, que lo reintegr\u00f3 a su leg\u00edtima propietaria\u00a0 que es la provincia de San Juan.<\/p>\n<p>Tambi\u00e9n participaron el ministro de la Corte de Justicia, Dr. Marcelo Lima; el intendente municipal de la ciudad de San Juan, Dr. Emilio Baistrocchi; los ministros de Gobierno, Dr. Fabiola Aubone; Educaci\u00f3n, Lic. Felipe De Los R\u00edos y Turismo y Cultura, Lic. Claudia Grynszpan; la directora del Museo Casa Natal Domingo Faustino Sarmiento, Arq. Rosa Plana, el segundo jefe de RIM 22, Coronel Cristian Ovell\u00e9; el jefe del Aeropuerto Domingo Faustino Sarmiento, Marcelo Villalba; los secretarios de Gobierno, Justicia y Derechos Humanos, Nerina Eusebi y de Tr\u00e1nsito y Transporte, Lic. Jorge Armend\u00e1riz; el director del Archivo General de la Provincia, Prof. Gast\u00f3n Reino; Ruperto Godoy, bisnieto de quien lleva el mismo nombre y firm\u00f3 el documento hist\u00f3rico, otros funcionarios e invitados especiales.<\/p>\n<p>El gobernador Dr. Sergio U\u00f1ac, manifest\u00f3 que \u00abhoy hemos recuperado parte de la historia de los sanjuaninos, en este caso de la mano de uno de los pr\u00f3ceres m\u00e1s importantes de esta provincia. Los sanjuaninos estamos muy contentos por haber recuperado tan rica historia\u00bb.<\/p>\n<p>El titular del Ejecutivo extendi\u00f3 su agradecimiento al gobernador de C\u00f3rdoba, Juan Schiaretti y a la Divisi\u00f3n de Delitos Culturales de la provincia mediterr\u00e1nea por la recuperaci\u00f3n y restituci\u00f3n del documento hist\u00f3rico.<\/p>\n<p>Finaliz\u00f3 se\u00f1alando que \u201ces importante que los sanjuaninos ahondemos en la historia de un ciudadano que desde esta provincia pens\u00f3 en una naci\u00f3n distinta, en las bases para construir una ciudadan\u00eda en serio, tomando como base la educaci\u00f3n. Este documento marca el pasado, el presente y el futuro de los sanjuaninos, sobre el legado que Sarmiento nos dej\u00f3\u201d.<\/p>\n<p>Previamente hablaron el director del Archivo, Gast\u00f3n Reino y la ministra de Gobierno, Fabiola Aubone y una vez finalizadas las palabras, el gobernador U\u00f1ac entreg\u00f3 el documento hist\u00f3rico a la guardia de la Polic\u00eda de San Juan que ataviada con uniforme de \u00e9poca lo traslad\u00f3 al interior del Archivo donde quedar\u00e1 resguardado.<\/p>\n<p><span style=\"color: #99cc00;\"><strong>El contenido y el valor hist\u00f3rico del documento<\/strong><\/span><\/p>\n<\/div>\n<p><img loading=\"lazy\" decoding=\"async\" class=\"alignnone wp-image-39806 size-full\" src=\"https:\/\/vocesparalelas.com.ar\/sitio\/wp-content\/uploads\/2021\/07\/SARMIENTO-DOCUMENTO-03.jpg\" alt=\"\" width=\"800\" height=\"507\" srcset=\"https:\/\/vocesparalelas.com.ar\/sitio\/wp-content\/uploads\/2021\/07\/SARMIENTO-DOCUMENTO-03.jpg 800w, https:\/\/vocesparalelas.com.ar\/sitio\/wp-content\/uploads\/2021\/07\/SARMIENTO-DOCUMENTO-03-300x190.jpg 300w, https:\/\/vocesparalelas.com.ar\/sitio\/wp-content\/uploads\/2021\/07\/SARMIENTO-DOCUMENTO-03-768x487.jpg 768w\" sizes=\"auto, (max-width: 800px) 100vw, 800px\" \/><\/p>\n<div class=\"itemFullText\">\n<p>El documento recientemente restituido complementa nada m\u00e1s, ni nada menos que un archivo original, precisamente la Ley N\u00b0 128, del d\u00eda 16 de febrero de 1862. Por la cual el presidente de la Honorable C\u00e1mara de Sala de Representantes de San Juan, sanciona y proclama al ciudadano Domingo Faustino Sarmiento como Gobernador Constitucional por la misma. Esto corresponde al el periodo de los a\u00f1os 1862 a 1864 de su mandato. En su interior enuncia tres (3) art\u00edculos:<\/p>\n<p>Art. 1\u00b0: Queda electo Gobernador Constitucional de la Provincia al ciudadano Domingo Faustino Sarmiento.<\/p>\n<p>Art. 2\u00b0: Des\u00edgnase a las cinco de la tarde de ese d\u00eda para recepcionar al electo.<\/p>\n<p>Art. 3\u00b0: Comun\u00edquese al Poder Ejecutivo.<\/p>\n<p>En el firman los Se\u00f1ores Amado Laprida; Presidente de la C\u00e1mara, y el se\u00f1or Sel\u00f3n Martinez; como Diputado Secretario. Se publica, comunica y se da al Registro Oficial, all\u00ed junto aparecen las firmas de Sarmiento, Ruperto Godoy y Valent\u00edn Videla.<\/p>\n<p>Ese d\u00eda 16 de febrero de 1862, es el d\u00eda en que nuestro pr\u00f3cer asume formal y oficialmente como el gobernador de nuestro San Juan. Recordemos que las obras que realiz\u00f3 Sarmiento fueron muy relevantes e innovadoras, as\u00ed como el resto de su accionar en los diferentes cargos pol\u00edticos que desempe\u00f1\u00f3 a nivel pa\u00eds y en el extranjero. Adem\u00e1s de todas las facetas que su personalidad e inteligencia ya lo destacaban. Por lo que tener en nuestra instituci\u00f3n el original de este documento resultaba de suma importancia para nuestra historia provincial y patrimonial.<\/p>\n<p>Para continuar en el siguiente folio (documento) que prosigue, al descripto, la mencionada C\u00e1mara Legislativa, da a conocer a los electos recientemente, se\u00f1ores nombrados como los Presidente; Don Domingo de Oro, y el 1\u00b0 primer Vicepresidente; el Diputado Presb\u00edtero Don Eleuterio Cano; el Secretario Diputado Don Sel\u00f3n Martinez, y como Pro Secretario del mismo car\u00e1cter al Doctor Don Joaqu\u00edn Quiroga.<\/p>\n<\/div>\n<p><img loading=\"lazy\" decoding=\"async\" class=\"alignnone wp-image-39805 size-full\" src=\"https:\/\/vocesparalelas.com.ar\/sitio\/wp-content\/uploads\/2021\/07\/SARMIENTO-DOCUMENTO-02.jpg\" alt=\"\" width=\"800\" height=\"455\" srcset=\"https:\/\/vocesparalelas.com.ar\/sitio\/wp-content\/uploads\/2021\/07\/SARMIENTO-DOCUMENTO-02.jpg 800w, https:\/\/vocesparalelas.com.ar\/sitio\/wp-content\/uploads\/2021\/07\/SARMIENTO-DOCUMENTO-02-300x171.jpg 300w, https:\/\/vocesparalelas.com.ar\/sitio\/wp-content\/uploads\/2021\/07\/SARMIENTO-DOCUMENTO-02-768x437.jpg 768w\" sizes=\"auto, (max-width: 800px) 100vw, 800px\" \/><\/p>\n<p>&nbsp;<\/p>\n<p><iframe loading=\"lazy\" title=\"U\u00f1ac presidi\u00f3 el acto de restituci\u00f3n del documento que design\u00f3 gobernador de San Juan a Sarmiento\" width=\"800\" height=\"450\" src=\"https:\/\/www.youtube.com\/embed\/M-wQ3Gi9bfg?feature=oembed\" frameborder=\"0\" allow=\"accelerometer; autoplay; clipboard-write; encrypted-media; gyroscope; picture-in-picture\" allowfullscreen><\/iframe><\/p>\n<p>&nbsp;<\/p>\n<p>&nbsp;<\/p>\n","protected":false},"excerpt":{"rendered":"<p>El vicegobernador de San Juan, CPN Roberto Gattoni acompa\u00f1\u00f3 al gobernador Dr. Sergio U\u00f1ac, en la ceremonia de restituci\u00f3n y<\/p>\n","protected":false},"author":3,"featured_media":39804,"comment_status":"closed","ping_status":"closed","sticky":false,"template":"","format":"video","meta":{"_acf_changed":false,"_seopress_robots_primary_cat":"none","_seopress_titles_title":"","_seopress_titles_desc":"","_seopress_robots_index":"","colormag_page_container_layout":"default_layout","colormag_page_sidebar_layout":"default_layout","footnotes":""},"categories":[1,7],"tags":[],"class_list":["post-39802","post","type-post","status-publish","format-video","has-post-thumbnail","hentry","category-destacadas","category-videos","post_format-post-format-video"],"acf":[],"_links":{"self":[{"href":"https:\/\/vocesparalelas.com.ar\/sitio\/wp-json\/wp\/v2\/posts\/39802","targetHints":{"allow":["GET"]}}],"collection":[{"href":"https:\/\/vocesparalelas.com.ar\/sitio\/wp-json\/wp\/v2\/posts"}],"about":[{"href":"https:\/\/vocesparalelas.com.ar\/sitio\/wp-json\/wp\/v2\/types\/post"}],"author":[{"embeddable":true,"href":"https:\/\/vocesparalelas.com.ar\/sitio\/wp-json\/wp\/v2\/users\/3"}],"replies":[{"embeddable":true,"href":"https:\/\/vocesparalelas.com.ar\/sitio\/wp-json\/wp\/v2\/comments?post=39802"}],"version-history":[{"count":1,"href":"https:\/\/vocesparalelas.com.ar\/sitio\/wp-json\/wp\/v2\/posts\/39802\/revisions"}],"predecessor-version":[{"id":39807,"href":"https:\/\/vocesparalelas.com.ar\/sitio\/wp-json\/wp\/v2\/posts\/39802\/revisions\/39807"}],"wp:featuredmedia":[{"embeddable":true,"href":"https:\/\/vocesparalelas.com.ar\/sitio\/wp-json\/wp\/v2\/media\/39804"}],"wp:attachment":[{"href":"https:\/\/vocesparalelas.com.ar\/sitio\/wp-json\/wp\/v2\/media?parent=39802"}],"wp:term":[{"taxonomy":"category","embeddable":true,"href":"https:\/\/vocesparalelas.com.ar\/sitio\/wp-json\/wp\/v2\/categories?post=39802"},{"taxonomy":"post_tag","embeddable":true,"href":"https:\/\/vocesparalelas.com.ar\/sitio\/wp-json\/wp\/v2\/tags?post=39802"}],"curies":[{"name":"wp","href":"https:\/\/api.w.org\/{rel}","templated":true}]}}