{"id":39762,"date":"2021-07-17T19:00:23","date_gmt":"2021-07-17T22:00:23","guid":{"rendered":"http:\/\/vocesparalelas.com.ar\/sitio\/?p=39762"},"modified":"2021-07-17T19:03:55","modified_gmt":"2021-07-17T22:03:55","slug":"asumio-el-equipo-de-gestion-de-la-unsj-2021-2025","status":"publish","type":"post","link":"https:\/\/vocesparalelas.com.ar\/sitio\/asumio-el-equipo-de-gestion-de-la-unsj-2021-2025\/","title":{"rendered":"Asumi\u00f3 el equipo de gesti\u00f3n de la UNSJ 2021 \u2013 2025"},"content":{"rendered":"<p>En un acto realizado en el hall del Edificio Central, el rector de la UNSJ, Ing. Tadeo Berenguer, puso en funciones a los integrantes del gabinete del Rectorado.<\/p>\n<p>Durante la ceremonia, que se realiz\u00f3 bajo estricto protocolo sanitario y con limitaciones en la presencialidad, se entregaron copias de las designaciones y se firm\u00f3 el Libro de Actas de la UNSJ.<\/p>\n<p>El gabinete qued\u00f3 conformado de la siguiente manera:<\/p>\n<ul>\n<li>Secretar\u00eda Acad\u00e9mica: Prof. Rosa Ferrer<\/li>\n<li>Secretar\u00eda Administrativo Financiera: Lic. Ricardo Marcelo Coca<\/li>\n<li>Secretar\u00eda de Ciencia y T\u00e9cnica: Ing. Eric\u00a0Laciar Leber<\/li>\n<li>Secretar\u00eda de Obras y Servicios: Ing. Hugo Williams Fern\u00e1ndez<\/li>\n<li>Secretar\u00eda de Extensi\u00f3n Universitaria: Lic. Laura Garc\u00e9s<\/li>\n<li>Secretar\u00eda de Posgrado y Relaciones Internacionales: Arq. Alicia Malmod<\/li>\n<li>Secretar\u00eda de Comunicaci\u00f3n: Lic. Omar Cereso<\/li>\n<li>Secretar\u00eda de Bienestar Universitario: CPN Lucas Molina Rojo<\/li>\n<li>Secretar\u00eda de la UNSJ: Prof. Omar Sillero<\/li>\n<\/ul>\n<p>Finalizada la entrega de designaciones, el rector Berenguer dese\u00f3 \u00e9xitos a los funcionarios y reiter\u00f3 su compromiso con la universidad p\u00fablica, inclusiva y transparente.<\/p>\n<p>&nbsp;<\/p>\n<p><img loading=\"lazy\" decoding=\"async\" class=\"alignnone wp-image-37900 size-full\" src=\"https:\/\/vocesparalelas.com.ar\/sitio\/wp-content\/uploads\/2021\/05\/UNSJ-LOGOTIPO-01.jpg\" alt=\"\" width=\"800\" height=\"533\" srcset=\"https:\/\/vocesparalelas.com.ar\/sitio\/wp-content\/uploads\/2021\/05\/UNSJ-LOGOTIPO-01.jpg 800w, https:\/\/vocesparalelas.com.ar\/sitio\/wp-content\/uploads\/2021\/05\/UNSJ-LOGOTIPO-01-300x200.jpg 300w, https:\/\/vocesparalelas.com.ar\/sitio\/wp-content\/uploads\/2021\/05\/UNSJ-LOGOTIPO-01-768x512.jpg 768w\" sizes=\"auto, (max-width: 800px) 100vw, 800px\" \/><\/p>\n<p>&nbsp;<\/p>\n","protected":false},"excerpt":{"rendered":"<p>En un acto realizado en el hall del Edificio Central, el rector de la UNSJ, Ing. Tadeo Berenguer, puso en<\/p>\n","protected":false},"author":3,"featured_media":39764,"comment_status":"closed","ping_status":"closed","sticky":false,"template":"","format":"standard","meta":{"_acf_changed":false,"_seopress_robots_primary_cat":"none","_seopress_titles_title":"","_seopress_titles_desc":"","_seopress_robots_index":"","colormag_page_container_layout":"default_layout","colormag_page_sidebar_layout":"default_layout","footnotes":""},"categories":[1],"tags":[],"class_list":["post-39762","post","type-post","status-publish","format-standard","has-post-thumbnail","hentry","category-destacadas"],"acf":[],"_links":{"self":[{"href":"https:\/\/vocesparalelas.com.ar\/sitio\/wp-json\/wp\/v2\/posts\/39762","targetHints":{"allow":["GET"]}}],"collection":[{"href":"https:\/\/vocesparalelas.com.ar\/sitio\/wp-json\/wp\/v2\/posts"}],"about":[{"href":"https:\/\/vocesparalelas.com.ar\/sitio\/wp-json\/wp\/v2\/types\/post"}],"author":[{"embeddable":true,"href":"https:\/\/vocesparalelas.com.ar\/sitio\/wp-json\/wp\/v2\/users\/3"}],"replies":[{"embeddable":true,"href":"https:\/\/vocesparalelas.com.ar\/sitio\/wp-json\/wp\/v2\/comments?post=39762"}],"version-history":[{"count":1,"href":"https:\/\/vocesparalelas.com.ar\/sitio\/wp-json\/wp\/v2\/posts\/39762\/revisions"}],"predecessor-version":[{"id":39765,"href":"https:\/\/vocesparalelas.com.ar\/sitio\/wp-json\/wp\/v2\/posts\/39762\/revisions\/39765"}],"wp:featuredmedia":[{"embeddable":true,"href":"https:\/\/vocesparalelas.com.ar\/sitio\/wp-json\/wp\/v2\/media\/39764"}],"wp:attachment":[{"href":"https:\/\/vocesparalelas.com.ar\/sitio\/wp-json\/wp\/v2\/media?parent=39762"}],"wp:term":[{"taxonomy":"category","embeddable":true,"href":"https:\/\/vocesparalelas.com.ar\/sitio\/wp-json\/wp\/v2\/categories?post=39762"},{"taxonomy":"post_tag","embeddable":true,"href":"https:\/\/vocesparalelas.com.ar\/sitio\/wp-json\/wp\/v2\/tags?post=39762"}],"curies":[{"name":"wp","href":"https:\/\/api.w.org\/{rel}","templated":true}]}}