{"id":39734,"date":"2021-07-16T01:26:03","date_gmt":"2021-07-16T04:26:03","guid":{"rendered":"http:\/\/vocesparalelas.com.ar\/sitio\/?p=39734"},"modified":"2021-07-16T01:26:03","modified_gmt":"2021-07-16T04:26:03","slug":"lanzaron-la-fundacion-senor-gonzalez-en-san-juan","status":"publish","type":"post","link":"https:\/\/vocesparalelas.com.ar\/sitio\/lanzaron-la-fundacion-senor-gonzalez-en-san-juan\/","title":{"rendered":"Lanzaron la Fundaci\u00f3n Se\u00f1or Gonz\u00e1lez en San Juan"},"content":{"rendered":"<div class=\"itemFullText jbintrotext\">\n<p>El vicegobernador de San Juan, CPN Roberto Gattoni asisti\u00f3 a la ceremonia de lanzamiento de la Fundaci\u00f3n Se\u00f1or Gonz\u00e1lez, presentada por la concesionaria oficial de Toyota de la provincia.<\/p>\n<\/div>\n<div class=\"itemFullText\">\n<p>Ello ocurri\u00f3 en la sede de la firma Gonz\u00e1lez Gonz\u00e1lez S.A. y, en la ocasi\u00f3n, estuvieron presentes el ministro de Educaci\u00f3n, Lic. Felipe De los R\u00edos y el intendente municipal de la ciudad de San Juan, Dr. Emilio Baistrocchi, otros funcionarios, invitados especiales y p\u00fablico en general.<\/p>\n<p>La Fundaci\u00f3n nace con un objetivo claro como es el de apoyar la educaci\u00f3n t\u00e9cnica, media y superior, con el esp\u00edritu de facilitar la inserci\u00f3n al mundo laboral de los j\u00f3venes y su Consejo de Administracion est\u00e1 integrado por: presidente, Jos\u00e9 Luis Gonz\u00e1lez; vicepresidente, Roberto D\u00b4Amico; secretario, \u00a0Marcelo Javier Vera Merino; tesorero, Gabriel Andino; vocal titular, Pablo Roberto Jim\u00e9nez Albarran y vocal suplente, Diana Karina Subero Gabriele.<\/p>\n<p>En primer t\u00e9rmino, el vicegobernador CPN Roberto Gattoni y el presidente de la Fundaci\u00f3n Se\u00f1or Gonz\u00e1lez, Jos\u00e9 Luis Gonz\u00e1lez, llevaron a cabo el descubrimiento del isologo de la Fundaci\u00f3n, acompa\u00f1ados por autoridades de la\u00a0Facultad de Arquitectura, Urbanismo y Dise\u00f1o.<\/p>\n<p>Acto seguido, Gattoni y Gonz\u00e1lez entregaron premios y certificados a los alumnas\u00a0Keyla Riveros y Jimena Tejada por su participaci\u00f3n en el dise\u00f1o y tambi\u00e9n fueron entregados certificados a los profesores Alejandro \u00c1lvarez y Carina Capriotti, quienes los recibieron en nombre de los alumnos participantes.<\/p>\n<p>Es oportuno consignar que recientemente el titular de la Fundaci\u00f3n Se\u00f1or Gonz\u00e1lez suscribi\u00f3 un convenio con el Ministerio de Educaci\u00f3n, en la persona del titular de la cartera Felipe De los R\u00edos para potenciar la actividad educativa y de formaci\u00f3n t\u00e9cnica y asimismo en forma adicional a este convenio marco, firmaron un acta complementaria que permitir\u00e1 la instalaci\u00f3n del Aula Taller M\u00f3vil en las instalaciones de la empresa SG Desarrollos Especiales.<\/p>\n<p>A continuaci\u00f3n, pronunci\u00f3 unos conceptos el ministro de Educaci\u00f3n aludiendo a la colaboraci\u00f3n entre la cartera y la empresa. Acto seguido fue presentado el programa de Voluntariado Corporativo, que permitir\u00e1 que colaboradores y clientes de las empresas que integran el Grupo Gonz\u00e1lez puedan acompa\u00f1ar las actividades de la Fundaci\u00f3n, en forma activa y contribuyan a transformar la sociedad desde el convencimiento de que su esfuerzo favorece a la creaci\u00f3n de un mundo mejor.<\/p>\n<p>Posteriormente, fue anunciada la donaci\u00f3n un motor Toyota 2.8 Turbo, por parte de la Fundaci\u00f3n a la Escuela Misi\u00f3n Monot\u00e9cnica N\u00b0 44, de la localidad de Campo Afuera, departamento Albard\u00f3n, con el objetivo de la formaci\u00f3n profesional de los estudiantes. En la oportunidad, firmaron el acta de donaci\u00f3n el director de la escuela, profesor Carlos Enrique Testa\u00a0 y el presidente de la Fundaci\u00f3n, Jos\u00e9 Luis Gonz\u00e1lez.<\/p>\n<p>Acto seguido, fue exhibido un video con la alocuci\u00f3n del presidente de Toyota Argentina, Daniel Herrero, quien destac\u00f3 la trascendencia del acto y cerr\u00f3 la lista de oradores el vicegobernador Roberto Gattoni, \u00a0quien puso de manifiesto el logro alcanzado por esta firma comercial.<\/p>\n<\/div>\n<p>&nbsp;<\/p>\n<p>&nbsp;<\/p>\n","protected":false},"excerpt":{"rendered":"<p>El vicegobernador de San Juan, CPN Roberto Gattoni asisti\u00f3 a la ceremonia de lanzamiento de la Fundaci\u00f3n Se\u00f1or Gonz\u00e1lez, presentada<\/p>\n","protected":false},"author":3,"featured_media":39736,"comment_status":"closed","ping_status":"closed","sticky":false,"template":"","format":"standard","meta":{"_acf_changed":false,"_seopress_robots_primary_cat":"none","_seopress_titles_title":"","_seopress_titles_desc":"","_seopress_robots_index":"","colormag_page_container_layout":"default_layout","colormag_page_sidebar_layout":"default_layout","footnotes":""},"categories":[1],"tags":[],"class_list":["post-39734","post","type-post","status-publish","format-standard","has-post-thumbnail","hentry","category-destacadas"],"acf":[],"_links":{"self":[{"href":"https:\/\/vocesparalelas.com.ar\/sitio\/wp-json\/wp\/v2\/posts\/39734","targetHints":{"allow":["GET"]}}],"collection":[{"href":"https:\/\/vocesparalelas.com.ar\/sitio\/wp-json\/wp\/v2\/posts"}],"about":[{"href":"https:\/\/vocesparalelas.com.ar\/sitio\/wp-json\/wp\/v2\/types\/post"}],"author":[{"embeddable":true,"href":"https:\/\/vocesparalelas.com.ar\/sitio\/wp-json\/wp\/v2\/users\/3"}],"replies":[{"embeddable":true,"href":"https:\/\/vocesparalelas.com.ar\/sitio\/wp-json\/wp\/v2\/comments?post=39734"}],"version-history":[{"count":2,"href":"https:\/\/vocesparalelas.com.ar\/sitio\/wp-json\/wp\/v2\/posts\/39734\/revisions"}],"predecessor-version":[{"id":39738,"href":"https:\/\/vocesparalelas.com.ar\/sitio\/wp-json\/wp\/v2\/posts\/39734\/revisions\/39738"}],"wp:featuredmedia":[{"embeddable":true,"href":"https:\/\/vocesparalelas.com.ar\/sitio\/wp-json\/wp\/v2\/media\/39736"}],"wp:attachment":[{"href":"https:\/\/vocesparalelas.com.ar\/sitio\/wp-json\/wp\/v2\/media?parent=39734"}],"wp:term":[{"taxonomy":"category","embeddable":true,"href":"https:\/\/vocesparalelas.com.ar\/sitio\/wp-json\/wp\/v2\/categories?post=39734"},{"taxonomy":"post_tag","embeddable":true,"href":"https:\/\/vocesparalelas.com.ar\/sitio\/wp-json\/wp\/v2\/tags?post=39734"}],"curies":[{"name":"wp","href":"https:\/\/api.w.org\/{rel}","templated":true}]}}