{"id":39620,"date":"2021-07-12T17:28:20","date_gmt":"2021-07-12T20:28:20","guid":{"rendered":"http:\/\/vocesparalelas.com.ar\/sitio\/?p=39620"},"modified":"2021-07-12T22:28:35","modified_gmt":"2021-07-13T01:28:35","slug":"funcionarios-del-gobierno-de-san-juan-expusieron-sobre-proyectos-de-ley-en-la-camara-de-diputados","status":"publish","type":"post","link":"https:\/\/vocesparalelas.com.ar\/sitio\/funcionarios-del-gobierno-de-san-juan-expusieron-sobre-proyectos-de-ley-en-la-camara-de-diputados\/","title":{"rendered":"Funcionarios del Gobierno de San Juan expusieron sobre proyectos de ley en la C\u00e1mara de Diputados"},"content":{"rendered":"<div class=\"itemFullText jbintrotext\">\n<p>En el marco de una reuni\u00f3n ampliada de las comisiones de Legislaci\u00f3n y Asuntos Constitucionales, Hacienda y Presupuesto y Econom\u00eda y Defensa del Consumidor, los legisladores representantes de cada una recibieron la visita del director de la Agencia San Juan de Desarrollo de Inversiones, Fabi\u00e1n Ejarque, quien concurri\u00f3 a dar a conocer los fundamentos de dos proyectos de ley que est\u00e1n bajo el tratamiento de las referidas comisiones.<\/p>\n<\/div>\n<div class=\"itemFullText\">\n<p>En tal sentido, encabezaron el encuentro el presidente del bloque PJ, Juan Carlos Abarca y los titulares de las comisiones de Legislaci\u00f3n y Asuntos Constitucionales, diputada Marcela Monti; Hacienda y Presupuesto, legislador Rodolfo Jalife y Econom\u00eda y Defensa del Consumidor, parlamentario Rub\u00e9n Carri\u00f3n.<\/p>\n<p>Por su parte, Ejarque concurri\u00f3 acompa\u00f1ado por el secretario de Hacienda de la provincia, Gerardo Torrent y estuvieron presentes el coordinador del proyecto PNUD-20\/006, Jos\u00e9 Mar\u00eda Iglesias; la coordinadora del proyecto de Incentivos Fiscales, Andrea Patinella y el subgerente legal de la Agencia San Juan de Desarrollo de Inversiones, Ruperto Godoy.<\/p>\n<p>La reuni\u00f3n llevada a cabo en la sala de Sesiones convoc\u00f3 a los legisladores Celina Ramella, Fernanda Paredes, Florencia Pe\u00f1aloza, Graciela Seva, Jos\u00e9 Luis Esteve, Gast\u00f3n Berenguer, Federico Hensel, Leonardo Gioja, Juan Carlos Gioja, Marcelo Mallea, Edgardo Sancassani y Carlos Jaime.<\/p>\n<p>Fue el diputado Juan Carlos Abarca, quien present\u00f3 a los funcionarios visitantes, al tiempo que agradeci\u00f3 la deferencia de concurrir a la C\u00e1mara de Diputados para ponerse a disposici\u00f3n de los legisladores.<\/p>\n<p><span style=\"color: #800080;\"><strong>Programa de apoyo a la inversi\u00f3n privada<\/strong><\/span><\/p>\n<p>En primer t\u00e9rmino, el titular de la Agencia San Juan de Desarrollo de Inversiones, Fabi\u00e1n Ejarque, dio a conocer las alternativas del Mensaje N\u00ba 066 y proyecto de Ley remitido por el Poder Ejecutivo, que promueve la creaci\u00f3n del programa de apoyo a la inversi\u00f3n privada en San Juan, que hace foco en el apoyo a la inversi\u00f3n sustentable, en la creaci\u00f3n de empleo de calidad e inclusivo y el desarrollo productivo y sostenible de San Juan, con el objetivo de mitigar el impacto de la pandemia en los sectores productivos de bienes y servicios de la provincia.<\/p>\n<p>En tal sentido, el presupuesto inicial del Programa de Apoyo a la Inversi\u00f3n Privada en San Juan es de 2 millones de pesos. El monto inicial del beneficio podr\u00e1 ser ampliado e imputar uno nuevo, con la finalidad de prorrogar la vigencia del Programa.<\/p>\n<p>Por otra parte, &#8211; seg\u00fan explic\u00f3 Ejarque- el Programa de Apoyo a la Inversi\u00f3n Privada en San Juan otorga como beneficio, los Certificados de Cr\u00e9dito Fiscal aplicables para el pago de obligaciones fiscales provinciales, con una vigencia de cinco a\u00f1os computados desde la fecha de emisi\u00f3n y sus beneficiarios son los inversores que presenten proyectos de inversi\u00f3n sustentable a realizarse en la provincia.<\/p>\n<p>Adem\u00e1s, los Certificados de Cr\u00e9dito Fiscal pueden ser de hasta un 80% del valor total del proyecto de inversi\u00f3n sustentable aprobado y son entregados a los inversores bajo la forma de subsidio o cr\u00e9dito reintegrable, a una tasa que debe ser establecida por la autoridad de Aplicaci\u00f3n. El valor nominativo de los Certificados de Cr\u00e9dito Fiscal es un porcentaje de la inversi\u00f3n total del Proyecto de Inversi\u00f3n Sustentable aprobado, neta de impuestos Provinciales y Nacionales.<\/p>\n<p>Los Certificados de Cr\u00e9dito Fiscal son de libre disponibilidad y se utilizan exclusivamente para pagar obligaciones fiscales provinciales en los porcentajes que establezca la reglamentaci\u00f3n. El inversor beneficiario puede utilizar dichos Certificados para sus obligaciones fiscales y\/o transferirlos, por \u00fanica vez a otros\u00a0contribuyentes.<\/p>\n<p>El beneficio fiscal establecido en la presente Ley, opera bajo condici\u00f3n de que el<\/p>\n<p>inversor contribuyente sujeto a beneficio no registre deuda exigible por los impuestos, tasas o multas aplicadas por la Direcci\u00f3n General de Rentas de la provincia.<\/p>\n<p><span style=\"color: #800080;\"><strong>Programa de Cr\u00e9dito para la Reactivaci\u00f3n de la Producci\u00f3n<\/strong><\/span><\/p>\n<p>Por otra parte, tambi\u00e9n el titular de la Agencia San Juan Desarrollo de Inversiones consider\u00f3 el Mensaje N\u00ba 0051 y proyecto de Ley por el que autoriza al Poder Ejecutivo a contraer un empr\u00e9stito con el Banco Interamericano de Desarrollo (BID), destinado a financiar el Programa de Cr\u00e9dito para la Reactivaci\u00f3n de la Producci\u00f3n de San Juan.<\/p>\n<p>El citado programa est\u00e1 orientado a contribuir a la reactivaci\u00f3n de la producci\u00f3n de San Juan y apoyar la sostenibilidad de las MiPyMES como sost\u00e9n de empleo; es decir, es un PROGRAMA global de apoyo financiero a las MiPyMES locales para promover su recuperaci\u00f3n econ\u00f3mica.<\/p>\n<p>Y como objetivo espec\u00edfico aparece la b\u00fasqueda de la recuperaci\u00f3n econ\u00f3mica de las MiPyMES que operan en San Juan a trav\u00e9s de la provisi\u00f3n de financiamiento productivo.<\/p>\n<p>Al finalizar la reuni\u00f3n, los titulares de las respectivas comisiones solicitaron un nuevo encuentro con los funcionarios en la C\u00e1mara de Diputados, para que puedan continuar con el an\u00e1lisis y exposici\u00f3n de los respectivos proyectos de ley, cuesti\u00f3n que ser\u00e1 concretada la semana pr\u00f3xima, en fecha y horario a determinar.<\/p>\n<\/div>\n<p>&nbsp;<\/p>\n","protected":false},"excerpt":{"rendered":"<p>En el marco de una reuni\u00f3n ampliada de las comisiones de Legislaci\u00f3n y Asuntos Constitucionales, Hacienda y Presupuesto y Econom\u00eda<\/p>\n","protected":false},"author":3,"featured_media":39622,"comment_status":"closed","ping_status":"closed","sticky":false,"template":"","format":"standard","meta":{"_acf_changed":false,"_seopress_robots_primary_cat":"none","_seopress_titles_title":"","_seopress_titles_desc":"","_seopress_robots_index":"","colormag_page_container_layout":"default_layout","colormag_page_sidebar_layout":"default_layout","footnotes":""},"categories":[1],"tags":[],"class_list":["post-39620","post","type-post","status-publish","format-standard","has-post-thumbnail","hentry","category-destacadas"],"acf":[],"_links":{"self":[{"href":"https:\/\/vocesparalelas.com.ar\/sitio\/wp-json\/wp\/v2\/posts\/39620","targetHints":{"allow":["GET"]}}],"collection":[{"href":"https:\/\/vocesparalelas.com.ar\/sitio\/wp-json\/wp\/v2\/posts"}],"about":[{"href":"https:\/\/vocesparalelas.com.ar\/sitio\/wp-json\/wp\/v2\/types\/post"}],"author":[{"embeddable":true,"href":"https:\/\/vocesparalelas.com.ar\/sitio\/wp-json\/wp\/v2\/users\/3"}],"replies":[{"embeddable":true,"href":"https:\/\/vocesparalelas.com.ar\/sitio\/wp-json\/wp\/v2\/comments?post=39620"}],"version-history":[{"count":1,"href":"https:\/\/vocesparalelas.com.ar\/sitio\/wp-json\/wp\/v2\/posts\/39620\/revisions"}],"predecessor-version":[{"id":39623,"href":"https:\/\/vocesparalelas.com.ar\/sitio\/wp-json\/wp\/v2\/posts\/39620\/revisions\/39623"}],"wp:featuredmedia":[{"embeddable":true,"href":"https:\/\/vocesparalelas.com.ar\/sitio\/wp-json\/wp\/v2\/media\/39622"}],"wp:attachment":[{"href":"https:\/\/vocesparalelas.com.ar\/sitio\/wp-json\/wp\/v2\/media?parent=39620"}],"wp:term":[{"taxonomy":"category","embeddable":true,"href":"https:\/\/vocesparalelas.com.ar\/sitio\/wp-json\/wp\/v2\/categories?post=39620"},{"taxonomy":"post_tag","embeddable":true,"href":"https:\/\/vocesparalelas.com.ar\/sitio\/wp-json\/wp\/v2\/tags?post=39620"}],"curies":[{"name":"wp","href":"https:\/\/api.w.org\/{rel}","templated":true}]}}