{"id":39608,"date":"2021-07-12T20:08:34","date_gmt":"2021-07-12T23:08:34","guid":{"rendered":"http:\/\/vocesparalelas.com.ar\/sitio\/?p=39608"},"modified":"2021-07-12T22:30:20","modified_gmt":"2021-07-13T01:30:20","slug":"ganadores-del-programa-elegi-bien-compra-mejor","status":"publish","type":"post","link":"https:\/\/vocesparalelas.com.ar\/sitio\/ganadores-del-programa-elegi-bien-compra-mejor\/","title":{"rendered":"Ganadores del Programa \u201cEleg\u00ed Bien Compr\u00e1 Mejor\u201d"},"content":{"rendered":"<p>En la Sala de Situaciones del Ministerio de Producci\u00f3n y Desarrollo Econ\u00f3mico del Gobierno de San Juan, el Lunes, 12 de Julio, se realiz\u00f3 el sorteo del Programa \u201cEleg\u00ed Bien Compr\u00e1 Mejor\u201d destinado, en este caso, a promover las ventas en los kioscos sanjuaninos con motivo de celebrarse la \u00abSemana de la Dulzura\u00bb en todo el pa\u00eds. Los premios fueron una bicicleta y 5 kits de golosinas.<\/p>\n<p>Primero se sortearon los 5 ganadores titulares de los kits y los 5 suplentes. Luego se extrajeron los cupones del ganador titular y suplente de la bicicleta rodado 29.<\/p>\n<p>El presidente de la Asociaci\u00f3n de Concesionarios de Kioscos (AdeCoK), Claudio Rymsza destac\u00f3 esta acci\u00f3n que llev\u00f3 adelante el Ministerio de producci\u00f3n y Desarrollo Econ\u00f3mico a trav\u00e9s de la Direcci\u00f3n de Industria y Comercio dependiente de la Secretar\u00eda de Industria, Comercio y Servicios. \u201cHa sido una acci\u00f3n muy positiva para nosotros. Creo que es la primera vez que tenemos un apoyo sectorial de este tipo. Los colegas est\u00e1n muy contentos porque nos ha ayudado a incrementar las ventas y esperamos volver a desarrollar una actividad parecida en el futuro para fortalecer al sector\u201d, expres\u00f3 Rymsza.<\/p>\n<p>Participaron m\u00e1s de 10.000 cupones que aportaron los clientes de 150 kioscos, comercios nuecleados en la AdeCoK.<\/p>\n<p>Por su parte la secretaria de Industria destac\u00f3 que \u201cEleg\u00ed Bien Compr\u00e1 Mejor\u201d es un programa tiene por objetivo contribuir a fortalecer el consumo en el comercio y de esta forma para apoyar a los actores del sector. \u201cEstamos trabajando en incorporar nuevos sectores comerciales al programa, teniendo en cuenta las diferentes fechas alusivas. Hemos tenido muy buenos resultados de acuerdo a lo que manifiestan los comerciantes\u201d<\/p>\n<p><strong><span style=\"color: #99cc00;\">Estos son los ganadores del sorteo del lunes 12 de julio:<\/span><\/strong><\/p>\n<p><strong><span style=\"color: #99cc00;\">Titulares ganadores de kits de golosinas:<\/span><\/strong><\/p>\n<ul>\n<li>Mar\u00eda Maldonado<\/li>\n<li>Hugo Zabaleta<\/li>\n<li>Ana Zavall<\/li>\n<li>Virgina Riveros Porras<\/li>\n<li>Andrea Kaik<\/li>\n<\/ul>\n<p><span style=\"color: #99cc00;\"><strong>Suplentes:<\/strong><\/span><\/p>\n<ul>\n<li>Emilse Rodriguez Vargas<\/li>\n<li>Renzo Emanuel Simonazzi<\/li>\n<li>Germ\u00e1n Nicol\u00e1s Toledo<\/li>\n<li>Florencia Milagro Cano Carrizo<\/li>\n<li>Karen Napys<\/li>\n<\/ul>\n<p><span style=\"color: #99cc00;\"><strong>Bicicleta<\/strong> <\/span><\/p>\n<ul>\n<li>Titular: Claudia Varela<\/li>\n<li>Suplente: Mat\u00edas Luna<\/li>\n<\/ul>\n<p>El sorteo fue fiscalizado por la escribana Maira Manzini y fue transmitido por la cuenta de Instagram del Ministerio de Producci\u00f3n y Desarrollo econ\u00f3mico @produccionsj<br \/>\nTambi\u00e9n participaron la directora y subdirectora de Industria y Comercio Victoria Castro y Gabriela Calder\u00f3n.<\/p>\n<p>&nbsp;<\/p>\n<p>&nbsp;<\/p>\n","protected":false},"excerpt":{"rendered":"<p>En la Sala de Situaciones del Ministerio de Producci\u00f3n y Desarrollo Econ\u00f3mico del Gobierno de San Juan, el Lunes, 12<\/p>\n","protected":false},"author":3,"featured_media":39610,"comment_status":"closed","ping_status":"closed","sticky":false,"template":"","format":"standard","meta":{"_acf_changed":false,"_seopress_robots_primary_cat":"none","_seopress_titles_title":"","_seopress_titles_desc":"","_seopress_robots_index":"","colormag_page_container_layout":"default_layout","colormag_page_sidebar_layout":"default_layout","footnotes":""},"categories":[8],"tags":[],"class_list":["post-39608","post","type-post","status-publish","format-standard","has-post-thumbnail","hentry","category-concursos"],"acf":[],"_links":{"self":[{"href":"https:\/\/vocesparalelas.com.ar\/sitio\/wp-json\/wp\/v2\/posts\/39608","targetHints":{"allow":["GET"]}}],"collection":[{"href":"https:\/\/vocesparalelas.com.ar\/sitio\/wp-json\/wp\/v2\/posts"}],"about":[{"href":"https:\/\/vocesparalelas.com.ar\/sitio\/wp-json\/wp\/v2\/types\/post"}],"author":[{"embeddable":true,"href":"https:\/\/vocesparalelas.com.ar\/sitio\/wp-json\/wp\/v2\/users\/3"}],"replies":[{"embeddable":true,"href":"https:\/\/vocesparalelas.com.ar\/sitio\/wp-json\/wp\/v2\/comments?post=39608"}],"version-history":[{"count":1,"href":"https:\/\/vocesparalelas.com.ar\/sitio\/wp-json\/wp\/v2\/posts\/39608\/revisions"}],"predecessor-version":[{"id":39611,"href":"https:\/\/vocesparalelas.com.ar\/sitio\/wp-json\/wp\/v2\/posts\/39608\/revisions\/39611"}],"wp:featuredmedia":[{"embeddable":true,"href":"https:\/\/vocesparalelas.com.ar\/sitio\/wp-json\/wp\/v2\/media\/39610"}],"wp:attachment":[{"href":"https:\/\/vocesparalelas.com.ar\/sitio\/wp-json\/wp\/v2\/media?parent=39608"}],"wp:term":[{"taxonomy":"category","embeddable":true,"href":"https:\/\/vocesparalelas.com.ar\/sitio\/wp-json\/wp\/v2\/categories?post=39608"},{"taxonomy":"post_tag","embeddable":true,"href":"https:\/\/vocesparalelas.com.ar\/sitio\/wp-json\/wp\/v2\/tags?post=39608"}],"curies":[{"name":"wp","href":"https:\/\/api.w.org\/{rel}","templated":true}]}}