{"id":39602,"date":"2021-07-12T19:33:04","date_gmt":"2021-07-12T22:33:04","guid":{"rendered":"http:\/\/vocesparalelas.com.ar\/sitio\/?p=39602"},"modified":"2021-07-12T19:33:04","modified_gmt":"2021-07-12T22:33:04","slug":"ponen-en-valor-el-edificio-central-del-rectorado-de-la-unsj","status":"publish","type":"post","link":"https:\/\/vocesparalelas.com.ar\/sitio\/ponen-en-valor-el-edificio-central-del-rectorado-de-la-unsj\/","title":{"rendered":"Ponen en valor el Edificio Central del Rectorado de la UNSJ"},"content":{"rendered":"<p>A poco de terminar su mandato, el rector de la UNSJ, Dr. Oscar Nasisi, realiza el Martes, 13 de Julio, a las 19,00 horas, un acto para poner en valor el Edificio Central del Rectorado de la UNSJ, ubicado en la esquina Mitre y Jujuy.<\/p>\n<p>Consistir\u00e1 en el descubrimiento de una placa en el ingreso al edificio, que contiene datos importantes sobre la historia del mismo. Por esa raz\u00f3n, han sido invitados ex rectores de la UNSJ, como as\u00ed tambi\u00e9n autoridades municipales y provinciales.<\/p>\n<p>En el texto de la placa, se puede leer lo siguiente: \u201cEdificio Central de la UNSJ (ex sucursal Banco Hipotecario Nacional) La construcci\u00f3n del edificio del Banco Hipotecario (1949-1952), se produce despu\u00e9s del terremoto de 1944, como parte del Plan de Reconstrucci\u00f3n de la ciudad, elaborado por el Consejo de Reconstrucci\u00f3n de San Juan, dependiente del Poder Ejecutivo Nacional, a trav\u00e9s del Ministerio del Interior (Decreto N\u00ba 17.432 de 1944).<\/p>\n<p>El BHN cumpli\u00f3 un papel clave en la reconstrucci\u00f3n de San Juan, financiando a trav\u00e9s de cr\u00e9ditos a largo plazo y bajo inter\u00e9s la construcci\u00f3n de muchas viviendas y complejos residenciales de inter\u00e9s social que exhibe la ciudad.<\/p>\n<p>El proyecto del Banco, al igual que otros edificios como el edificio de Correos y Telecomunicaciones, el Banco Nacional de Desarrollo (actual C\u00e1mara Federal Oral), los edificios 9 de Julio y 25 de Mayo (Palacio de Tribunales), se ubicaron en el Eje C\u00edvico materializado por la Avenida Jos\u00e9 Ignacio de la Roza, en el tramo de este, comprendido entre las plazas 25 de Mayo y Aberastain. A partir del a\u00f1o 1981 la Universidad Nacional de San Juan ocup\u00f3 del tercer al sexto piso del edificio del Banco. En el a\u00f1o 1993, durante la gesti\u00f3n del Ing. Tulio Abel Del Bono, se concret\u00f3 la compra de los pisos en los que funcionaba el Rectorado, mientras que el resto del edificio continuaba ocupado por el Banco Hipotecario. Durante la primera gesti\u00f3n del Ing. Benjam\u00edn Kuchen, el Consejo Superior de la UNSJ autoriz\u00f3 la compra del resto del inmueble, en el a\u00f1o 2004. Por su historia en la vida de San Juan, durante la segunda gesti\u00f3n del Dr. Ing. Oscar Nasisi (2016-2021) se realiza la puesta en valor del edificio por su importancia patrimonial para la comunidad sanjuanina, preservando su imagen y caracter\u00edsticas originales. Proyecto: Arqs. Farina-Rice, Harispe, Quintas y Casado. Constructora: Divisi\u00f3n T\u00e9cnica de Construcciones del Banco Hipotecario Nacional\u201d. Previo al acto, se realizar\u00e1 una conferencia de prensa para dar a conocer la motivaci\u00f3n de esta iniciativa.<\/p>\n<p>&nbsp;<\/p>\n<p>&nbsp;<\/p>\n","protected":false},"excerpt":{"rendered":"<p>A poco de terminar su mandato, el rector de la UNSJ, Dr. Oscar Nasisi, realiza el Martes, 13 de Julio,<\/p>\n","protected":false},"author":3,"featured_media":38589,"comment_status":"closed","ping_status":"closed","sticky":false,"template":"","format":"standard","meta":{"_acf_changed":false,"_seopress_robots_primary_cat":"none","_seopress_titles_title":"","_seopress_titles_desc":"","_seopress_robots_index":"","colormag_page_container_layout":"default_layout","colormag_page_sidebar_layout":"default_layout","footnotes":""},"categories":[1],"tags":[],"class_list":["post-39602","post","type-post","status-publish","format-standard","has-post-thumbnail","hentry","category-destacadas"],"acf":[],"_links":{"self":[{"href":"https:\/\/vocesparalelas.com.ar\/sitio\/wp-json\/wp\/v2\/posts\/39602","targetHints":{"allow":["GET"]}}],"collection":[{"href":"https:\/\/vocesparalelas.com.ar\/sitio\/wp-json\/wp\/v2\/posts"}],"about":[{"href":"https:\/\/vocesparalelas.com.ar\/sitio\/wp-json\/wp\/v2\/types\/post"}],"author":[{"embeddable":true,"href":"https:\/\/vocesparalelas.com.ar\/sitio\/wp-json\/wp\/v2\/users\/3"}],"replies":[{"embeddable":true,"href":"https:\/\/vocesparalelas.com.ar\/sitio\/wp-json\/wp\/v2\/comments?post=39602"}],"version-history":[{"count":1,"href":"https:\/\/vocesparalelas.com.ar\/sitio\/wp-json\/wp\/v2\/posts\/39602\/revisions"}],"predecessor-version":[{"id":39604,"href":"https:\/\/vocesparalelas.com.ar\/sitio\/wp-json\/wp\/v2\/posts\/39602\/revisions\/39604"}],"wp:featuredmedia":[{"embeddable":true,"href":"https:\/\/vocesparalelas.com.ar\/sitio\/wp-json\/wp\/v2\/media\/38589"}],"wp:attachment":[{"href":"https:\/\/vocesparalelas.com.ar\/sitio\/wp-json\/wp\/v2\/media?parent=39602"}],"wp:term":[{"taxonomy":"category","embeddable":true,"href":"https:\/\/vocesparalelas.com.ar\/sitio\/wp-json\/wp\/v2\/categories?post=39602"},{"taxonomy":"post_tag","embeddable":true,"href":"https:\/\/vocesparalelas.com.ar\/sitio\/wp-json\/wp\/v2\/tags?post=39602"}],"curies":[{"name":"wp","href":"https:\/\/api.w.org\/{rel}","templated":true}]}}