{"id":39565,"date":"2021-07-09T12:51:25","date_gmt":"2021-07-09T15:51:25","guid":{"rendered":"http:\/\/vocesparalelas.com.ar\/sitio\/?p=39565"},"modified":"2021-07-12T22:40:46","modified_gmt":"2021-07-13T01:40:46","slug":"medidas-sanitarias-en-san-juan-hasta-el-23-de-julio","status":"publish","type":"post","link":"https:\/\/vocesparalelas.com.ar\/sitio\/medidas-sanitarias-en-san-juan-hasta-el-23-de-julio\/","title":{"rendered":"Medidas sanitarias en San Juan hasta el 23 de Julio"},"content":{"rendered":"<p>En virtud de la situaci\u00f3n sanitaria actual como consecuencia de la pandemia de COVID-19, el Gobierno de San Juan anuncia la implementaci\u00f3n de nuevas medidas para prevenir el aumento de contagios de coronavirus.<\/p>\n<p>Apelando a la responsabilidad individual, social y la colaboraci\u00f3n de los sanjuaninos, las medidas dispuestas por el Ejecutivo provincial a trav\u00e9s del Decreto Acuerdo N\u00ba28, entran en vigencia a partir de las 00:00 horas del 10 de julio 2021 hasta el 23 de julio inclusive, independientemente de dem\u00e1s normas y protocolos vigentes se dispone espec\u00edficamente que:<\/p>\n<ul>\n<li>Se restringe la circulaci\u00f3n en todo el territorio de la provincia: de lunes a s\u00e1bado en horario de 00:00 a 06:00 horas, y los d\u00edas domingo en horario de 21:00 hs. hasta las 06:00 horas del lunes siguiente, salvo personas debidamente exceptuadas.<\/li>\n<li><span style=\"line-height: 1.5;\">El transporte p\u00fablico contin\u00faa habilitado solo para pasajeros sentados, y con ventanillas abiertas favoreciendo la circulaci\u00f3n cruzada.<\/span><\/li>\n<li><span style=\"line-height: 1.5;\">La Administraci\u00f3n P\u00fablica funcionar\u00e1 en horario de 8 a 19 hs. El personal incluido deber\u00e1 ser dispuesto en grupos separados por 1 hora para concretar la correcta limpieza.<\/span><\/li>\n<li><span style=\"line-height: 1.5;\">Los servicios f\u00fanebres de personas no fallecidas por COVID-19 deber\u00e1n realizarse de lunes a domingo de 8 a 20 hs., con un m\u00e1ximo 5 personas pertenecientes al c\u00edrculo \u00edntimo y con una duraci\u00f3n m\u00e1xima de hasta 5 horas.<\/span><\/li>\n<li><span style=\"line-height: 1.5;\">Se autoriza la obra p\u00fablica y la privada que se encuentre debidamente registrada, de lunes a s\u00e1bado, en horario de 8 a 19 hs.<\/span><\/li>\n<li><span style=\"line-height: 1.5;\">Se suspenden todo tipo de celebraciones de culto comunitarias, a excepci\u00f3n de la celebraci\u00f3n m\u00e1s importante de cada culto. Solo se permite la asistencia: <\/span>hasta 40% de capacidad<span style=\"line-height: 1.5;\"> o hasta 90 personas como m\u00e1ximo (el que sea menor), respetando la distancia social de 2 metros entre personas, en horario de 8 a 21 hs. de lunes a s\u00e1bado, y <\/span>de 8 a 20 hs. los domingos.<\/li>\n<li><span style=\"line-height: 1.5;\">Supermercados, farmacias, ferreter\u00edas y el resto de comercios esenciales funcionar\u00e1n en horario de atenci\u00f3n de<\/span> 9 a 22 hs.<span style=\"line-height: 1.5;\">, de lunes a s\u00e1bado, y en horario<\/span>de 9 a 20 hs. los d\u00edas domingo<span style=\"line-height: 1.5;\">, de manera continua o discontinua, con<\/span> factor de ocupaci\u00f3n de hasta el 40% de capacidad,<span style=\"line-height: 1.5;\"> hasta 1 persona por grupo familiar.<\/span><\/li>\n<li><span style=\"line-height: 1.5;\">Shoppings y galer\u00edas comerciales: habilitados de lunes a s\u00e1bado, de manera continua o discontinua,<\/span> con horario de 9 a 22 hs.<span style=\"line-height: 1.5;\">, con factor de ocupaci\u00f3n de hasta el <\/span>40% de capacidad.<\/li>\n<li><span style=\"line-height: 1.5;\">Resto de comercios: habilitados de lunes a s\u00e1bado, horario de atenci\u00f3n de 9 a 20 hs. de manera continua o discontinua, con factor de ocupaci\u00f3n de 40% de la capacidad, permitiendo el ingreso de 1 persona por grupo familiar.<\/span><\/li>\n<li><span style=\"line-height: 1.5;\">Mercado Concentrador de Rawson y Capital: se permite el ingreso de 1 persona por grupo familiar. Habilitado de lunes a s\u00e1bado, en horario de 9 a 20 hs.<\/span><\/li>\n<li><span style=\"line-height: 1.5;\">Ferias Artesanales: habilitadas de lunes a s\u00e1bado, horario de atenci\u00f3n de 9 a 20 hs. de manera continua o discontinua, 40% factor ocupaci\u00f3n, 5 metros de distancia entre los puestos.<\/span><\/li>\n<li><span style=\"line-height: 1.5;\">Restoranes, caf\u00e9s y bares: con factor de ocupaci\u00f3n de hasta el 40% de la capacidad,<\/span><span style=\"line-height: 1.5;\"> con 4 personas por mesa, con 2 metros de distancia entre mesas. Horarios autorizados: de lunes a s\u00e1bado, en horario de 7 a 23 hs. para ingreso de personas, 00 hs. cierre total.<\/span><\/li>\n<li><span style=\"line-height: 1.5;\">D\u00edas domingo: en horario de 7 a 20 hs*para ingreso de personas, debiendo ser a las 21 hs el cierre total. Podr\u00e1n realizar espect\u00e1culos art\u00edsticos, musicales o shows en vivo, respetando los protocolos vigentes y sin ning\u00fan tipo de baile.<\/span><\/li>\n<li><span style=\"line-height: 1.5;\">Cines y teatros: habilitados de lunes a s\u00e1bado, con horario de<\/span><span style=\"line-height: 1.5;\"> 9 a 23 hs.<\/span><span style=\"line-height: 1.5;\">, con factor de ocupaci\u00f3n de hasta el 30% de capacidad, debiendo ser a las 00 horas el cierre total.<\/span><span style=\"line-height: 1.5;\"> D\u00edas domingo en horario de 7 a 20 hs. para ingreso de personas, 21 hs. cierre total, con factor de ocupaci\u00f3n de hasta el 40% de capacidad.<\/span><\/li>\n<li><span style=\"line-height: 1.5;\">Quedan habilitados los eventos gastron\u00f3micos: con un factor de ocupaci\u00f3n de hasta 40% de la capacidad o hasta 90 personas como m\u00e1ximo (el que sea menor), y respetando todos los protocolos vigentes. Podr\u00e1n realizar espect\u00e1culos art\u00edsticos, musicales o shows en vivo, respetando los protocolos vigentes y sin ning\u00fan tipo de baile.<\/span><\/li>\n<li>Las reuniones sociales no previstas en el punto anterior se encuentran prohibidas.<\/li>\n<li><span style=\"line-height: 1.5;\">Se encuentran habilitadas las reuniones familiares de hasta 8 personas en domicilios particulares.<\/span><\/li>\n<li><span style=\"line-height: 1.5;\">Industria: habilitada en horario de 8 a 19 hs., salvo aquellas de proceso continuo, con estricto cumplimiento de protocolo de funcionamiento.<\/span><\/li>\n<li><span style=\"line-height: 1.5;\">Habilitaci\u00f3n de pr\u00e1cticas deportivas de deportistas del Programa de Alto Rendimiento.<\/span><\/li>\n<li><span style=\"line-height: 1.5;\">De lunes a s\u00e1bado, en horario de 7 a 22 horas, se habilita en clubes sociales, federados y amateurs, los entrenamientos de deportes hasta un m\u00e1ximo de 10 personas, por una hora, <\/span><span style=\"line-height: 1.5;\">salvo que se trate de futbol, rugby o hockey sobre c\u00e9sped, los cuales pueden incluir hasta 22 personas.<\/span><span style=\"line-height: 1.5;\"> Los entrenamientos pueden durar hasta una hora, con desinfecci\u00f3n entre turnos. Deben mantener cerrados vestuarios y duchas.<\/span><\/li>\n<li><span style=\"line-height: 1.5;\">Habilitaci\u00f3n de deportes recreativos al aire libre: de lunes a s\u00e1bado en horario de 7 a 22 hs., los d\u00edas<\/span><span style=\"line-height: 1.5;\"> domingo en horario de 9 a 20 hs.<\/span><span style=\"line-height: 1.5;\">,<\/span><span style=\"line-height: 1.5;\"> en espacios p\u00fablicos y circuitos establecidos, en grupos de no m\u00e1s de 2 personas.<\/span><\/li>\n<li>Habilitaci\u00f3n de pr\u00e1cticas deportivas de deportistas profesionales autorizados por resoluci\u00f3n del Ministerio de Turismo y Deportes de la Naci\u00f3n.<\/li>\n<li><span style=\"line-height: 1.5;\">Habilitaci\u00f3n de actividades deportivas comerciales, de lunes a s\u00e1bado, en horario de 7 a 22 hs.,*al 40% del factor ocupacional, con estricto protocolo y sin p\u00fablico.<\/span><\/li>\n<li><span style=\"line-height: 1.5;\">En ninguna actividad comercial deportiva se podr\u00e1n realizar competencias.<\/span><\/li>\n<li><span style=\"line-height: 1.5;\">Se habilita el turismo interno en todo el territorio de la provincia, dejando la potestad a cada intendente departamental para establecer la modalidad de implementaci\u00f3n, con estricto cumplimiento de los protocolos de prevenci\u00f3n de COVID-19 aplicables a la actividad tur\u00edstica.<\/span><\/li>\n<\/ul>\n<p>Se invita a los organismos de la Constituci\u00f3n, Poder Legislativo y Judicial y a los municipios a adherir al presente Decreto Acuerdo.<\/p>\n<p>Asimismo, se solicita a la ciudadan\u00eda en general cumplir y hacer observar las medidas y los protocolos, como tambi\u00e9n apela a la responsabilidad individual para evitar la suba de contagios y el colapso del sistema de salud.<\/p>\n","protected":false},"excerpt":{"rendered":"<p>En virtud de la situaci\u00f3n sanitaria actual como consecuencia de la pandemia de COVID-19, el Gobierno de San Juan anuncia<\/p>\n","protected":false},"author":3,"featured_media":1245,"comment_status":"closed","ping_status":"closed","sticky":false,"template":"","format":"standard","meta":{"_acf_changed":false,"_seopress_robots_primary_cat":"none","_seopress_titles_title":"","_seopress_titles_desc":"","_seopress_robots_index":"","colormag_page_container_layout":"default_layout","colormag_page_sidebar_layout":"default_layout","footnotes":""},"categories":[6],"tags":[],"class_list":["post-39565","post","type-post","status-publish","format-standard","has-post-thumbnail","hentry","category-eventos"],"acf":[],"_links":{"self":[{"href":"https:\/\/vocesparalelas.com.ar\/sitio\/wp-json\/wp\/v2\/posts\/39565","targetHints":{"allow":["GET"]}}],"collection":[{"href":"https:\/\/vocesparalelas.com.ar\/sitio\/wp-json\/wp\/v2\/posts"}],"about":[{"href":"https:\/\/vocesparalelas.com.ar\/sitio\/wp-json\/wp\/v2\/types\/post"}],"author":[{"embeddable":true,"href":"https:\/\/vocesparalelas.com.ar\/sitio\/wp-json\/wp\/v2\/users\/3"}],"replies":[{"embeddable":true,"href":"https:\/\/vocesparalelas.com.ar\/sitio\/wp-json\/wp\/v2\/comments?post=39565"}],"version-history":[{"count":1,"href":"https:\/\/vocesparalelas.com.ar\/sitio\/wp-json\/wp\/v2\/posts\/39565\/revisions"}],"predecessor-version":[{"id":39567,"href":"https:\/\/vocesparalelas.com.ar\/sitio\/wp-json\/wp\/v2\/posts\/39565\/revisions\/39567"}],"wp:featuredmedia":[{"embeddable":true,"href":"https:\/\/vocesparalelas.com.ar\/sitio\/wp-json\/wp\/v2\/media\/1245"}],"wp:attachment":[{"href":"https:\/\/vocesparalelas.com.ar\/sitio\/wp-json\/wp\/v2\/media?parent=39565"}],"wp:term":[{"taxonomy":"category","embeddable":true,"href":"https:\/\/vocesparalelas.com.ar\/sitio\/wp-json\/wp\/v2\/categories?post=39565"},{"taxonomy":"post_tag","embeddable":true,"href":"https:\/\/vocesparalelas.com.ar\/sitio\/wp-json\/wp\/v2\/tags?post=39565"}],"curies":[{"name":"wp","href":"https:\/\/api.w.org\/{rel}","templated":true}]}}