{"id":39541,"date":"2021-07-09T00:37:58","date_gmt":"2021-07-09T03:37:58","guid":{"rendered":"http:\/\/vocesparalelas.com.ar\/sitio\/?p=39541"},"modified":"2021-07-09T12:44:02","modified_gmt":"2021-07-09T15:44:02","slug":"proclamacion-de-las-autoridades-de-la-universidad-nacional-de-san-juan","status":"publish","type":"post","link":"https:\/\/vocesparalelas.com.ar\/sitio\/proclamacion-de-las-autoridades-de-la-universidad-nacional-de-san-juan\/","title":{"rendered":"Proclamaci\u00f3n de las autoridades de la Universidad Nacional de San Juan"},"content":{"rendered":"<p>En el edificio del Rectorado de la Universidad Nacional de San Juan se desarroll\u00f3 la proclamaci\u00f3n de las autoridades responsables de guiar el destino entre el 2021 &#8211; 2025.<\/p>\n<p>En la proclamaci\u00f3n se involucra al rector de la UNSJ, a los decanos de las Facultades de Ingenier\u00eda, de Ciencias Exactas, F\u00edsicas y Naturales, de Filosof\u00eda, Humanidades y Artes, de Arquitectura, Urbanismo y Dise\u00f1o, de Ciencias Sociales y de la Escuela de Salud. Adem\u00e1s, los consejeros de la UNSJ.<\/p>\n<p>El acto comenz\u00f3 con la presencia de los integrantes de la Junta Electoral, que fue la responsables de trabajar en todo el proceso de democratizaci\u00f3n de la Universidad Nacional de San Juan desde su inicio hasta el momento de la proclamaci\u00f3n de las autoridades.<\/p>\n<p>Es importante destacar que, cada integrante provienen de todos los estamentos y que durante el proceso trabajaron en forma online y presencial respetando la situaci\u00f3n sanitaria del COVID-19.<\/p>\n<p><img loading=\"lazy\" decoding=\"async\" class=\"alignnone wp-image-39548 size-full\" src=\"https:\/\/vocesparalelas.com.ar\/sitio\/wp-content\/uploads\/2021\/07\/UNSJ-JUNTA-03.jpg\" alt=\"\" width=\"800\" height=\"533\" srcset=\"https:\/\/vocesparalelas.com.ar\/sitio\/wp-content\/uploads\/2021\/07\/UNSJ-JUNTA-03.jpg 800w, https:\/\/vocesparalelas.com.ar\/sitio\/wp-content\/uploads\/2021\/07\/UNSJ-JUNTA-03-300x200.jpg 300w, https:\/\/vocesparalelas.com.ar\/sitio\/wp-content\/uploads\/2021\/07\/UNSJ-JUNTA-03-768x512.jpg 768w\" sizes=\"auto, (max-width: 800px) 100vw, 800px\" \/><\/p>\n<p>Por ello, la Presente de la Junta Electoral de la UNSJ, Dra. Laura Monserrat, quien destac\u00f3 y describi\u00f3 el trabajo realizado para llegar a la renovaci\u00f3n de las autoridades.<\/p>\n<p><img loading=\"lazy\" decoding=\"async\" class=\"alignnone wp-image-39549 size-full\" src=\"https:\/\/vocesparalelas.com.ar\/sitio\/wp-content\/uploads\/2021\/07\/UNSJ-JUNTA-04.jpg\" alt=\"\" width=\"800\" height=\"533\" srcset=\"https:\/\/vocesparalelas.com.ar\/sitio\/wp-content\/uploads\/2021\/07\/UNSJ-JUNTA-04.jpg 800w, https:\/\/vocesparalelas.com.ar\/sitio\/wp-content\/uploads\/2021\/07\/UNSJ-JUNTA-04-300x200.jpg 300w, https:\/\/vocesparalelas.com.ar\/sitio\/wp-content\/uploads\/2021\/07\/UNSJ-JUNTA-04-768x512.jpg 768w\" sizes=\"auto, (max-width: 800px) 100vw, 800px\" \/><\/p>\n<p>Se dirigi\u00f3 a la comunidad universitaria, al Rector de la UNSJ, Dr. Oscar Nasisi, al Rector entrante, Ing. Tadeo Berenguer, a los Decanos de las 5 facultades tanto salientes y entrantes como as\u00ed tambi\u00e9n a los consejeros.<\/p>\n<p><img loading=\"lazy\" decoding=\"async\" class=\"alignnone wp-image-39550 size-full\" src=\"https:\/\/vocesparalelas.com.ar\/sitio\/wp-content\/uploads\/2021\/07\/UNSJ-JUNTA-06.jpg\" alt=\"\" width=\"800\" height=\"533\" srcset=\"https:\/\/vocesparalelas.com.ar\/sitio\/wp-content\/uploads\/2021\/07\/UNSJ-JUNTA-06.jpg 800w, https:\/\/vocesparalelas.com.ar\/sitio\/wp-content\/uploads\/2021\/07\/UNSJ-JUNTA-06-300x200.jpg 300w, https:\/\/vocesparalelas.com.ar\/sitio\/wp-content\/uploads\/2021\/07\/UNSJ-JUNTA-06-768x512.jpg 768w\" sizes=\"auto, (max-width: 800px) 100vw, 800px\" \/><\/p>\n<p><img loading=\"lazy\" decoding=\"async\" class=\"alignnone wp-image-39547 size-full\" src=\"https:\/\/vocesparalelas.com.ar\/sitio\/wp-content\/uploads\/2021\/07\/UNSJ-JUNTA-02.jpg\" alt=\"\" width=\"800\" height=\"533\" srcset=\"https:\/\/vocesparalelas.com.ar\/sitio\/wp-content\/uploads\/2021\/07\/UNSJ-JUNTA-02.jpg 800w, https:\/\/vocesparalelas.com.ar\/sitio\/wp-content\/uploads\/2021\/07\/UNSJ-JUNTA-02-300x200.jpg 300w, https:\/\/vocesparalelas.com.ar\/sitio\/wp-content\/uploads\/2021\/07\/UNSJ-JUNTA-02-768x512.jpg 768w\" sizes=\"auto, (max-width: 800px) 100vw, 800px\" \/><\/p>\n<p>&nbsp;<\/p>\n<p><iframe loading=\"lazy\" title=\"UNSJ\" width=\"800\" height=\"450\" src=\"https:\/\/www.youtube.com\/embed\/c0A5UPu74LQ?start=3&#038;feature=oembed\" frameborder=\"0\" allow=\"accelerometer; autoplay; clipboard-write; encrypted-media; gyroscope; picture-in-picture\" allowfullscreen><\/iframe><\/p>\n<p>&nbsp;<\/p>\n<p>Posteriormente, la Junta Electoral de la UNSJ entregaron los diplomas a los consejeros y a las nuevas autoridades.<\/p>\n<p>El acto fue muy emotivo porque los elegidos compartieron el reencuentro y el trabajar para fortalecer la Universidad Nacional de San Juan.<\/p>\n<p>De esta manera, en el 2021 comienza una nueva etapa para la vida universitaria que el proceso de trabajo de las autoridades llega hasta el 2025.<\/p>\n<p>&nbsp;<\/p>\n<figure id=\"attachment_39552\" aria-describedby=\"caption-attachment-39552\" style=\"width: 800px\" class=\"wp-caption alignnone\"><img loading=\"lazy\" decoding=\"async\" class=\"wp-image-39552 size-full\" src=\"https:\/\/vocesparalelas.com.ar\/sitio\/wp-content\/uploads\/2021\/07\/UNSJ-FI.jpg\" alt=\"\" width=\"800\" height=\"533\" srcset=\"https:\/\/vocesparalelas.com.ar\/sitio\/wp-content\/uploads\/2021\/07\/UNSJ-FI.jpg 800w, https:\/\/vocesparalelas.com.ar\/sitio\/wp-content\/uploads\/2021\/07\/UNSJ-FI-300x200.jpg 300w, https:\/\/vocesparalelas.com.ar\/sitio\/wp-content\/uploads\/2021\/07\/UNSJ-FI-768x512.jpg 768w\" sizes=\"auto, (max-width: 800px) 100vw, 800px\" \/><figcaption id=\"caption-attachment-39552\" class=\"wp-caption-text\">Facultad de Ingenier\u00eda con el Decano Ing. Mario Fern\u00e1ndez y la Vicedecana Ing. Andrea D\u00edaz<\/figcaption><\/figure>\n<p>&nbsp;<\/p>\n<figure id=\"attachment_39554\" aria-describedby=\"caption-attachment-39554\" style=\"width: 800px\" class=\"wp-caption alignnone\"><img loading=\"lazy\" decoding=\"async\" class=\"wp-image-39554 size-full\" src=\"https:\/\/vocesparalelas.com.ar\/sitio\/wp-content\/uploads\/2021\/07\/UNSJ-FACSO.jpg\" alt=\"\" width=\"800\" height=\"533\" srcset=\"https:\/\/vocesparalelas.com.ar\/sitio\/wp-content\/uploads\/2021\/07\/UNSJ-FACSO.jpg 800w, https:\/\/vocesparalelas.com.ar\/sitio\/wp-content\/uploads\/2021\/07\/UNSJ-FACSO-300x200.jpg 300w, https:\/\/vocesparalelas.com.ar\/sitio\/wp-content\/uploads\/2021\/07\/UNSJ-FACSO-768x512.jpg 768w\" sizes=\"auto, (max-width: 800px) 100vw, 800px\" \/><figcaption id=\"caption-attachment-39554\" class=\"wp-caption-text\">Facultad de Ciencias Sociales con el Decano Lic. Marcelo Lucero y la Vicedecana CPN Mar\u00eda del Carmen Zorrilla<\/figcaption><\/figure>\n<p>&nbsp;<\/p>\n<figure id=\"attachment_39553\" aria-describedby=\"caption-attachment-39553\" style=\"width: 800px\" class=\"wp-caption alignnone\"><img loading=\"lazy\" decoding=\"async\" class=\"wp-image-39553 size-full\" src=\"https:\/\/vocesparalelas.com.ar\/sitio\/wp-content\/uploads\/2021\/07\/UNSJ-FAUD.jpg\" alt=\"\" width=\"800\" height=\"533\" srcset=\"https:\/\/vocesparalelas.com.ar\/sitio\/wp-content\/uploads\/2021\/07\/UNSJ-FAUD.jpg 800w, https:\/\/vocesparalelas.com.ar\/sitio\/wp-content\/uploads\/2021\/07\/UNSJ-FAUD-300x200.jpg 300w, https:\/\/vocesparalelas.com.ar\/sitio\/wp-content\/uploads\/2021\/07\/UNSJ-FAUD-768x512.jpg 768w\" sizes=\"auto, (max-width: 800px) 100vw, 800px\" \/><figcaption id=\"caption-attachment-39553\" class=\"wp-caption-text\">Facultad de Arquitectura, Urbanismo y Dise\u00f1o con el Decano Arq. Guillermo Velasco y la Vicedecana Arq. Natalia Sevilla<\/figcaption><\/figure>\n<p>&nbsp;<\/p>\n<figure id=\"attachment_39556\" aria-describedby=\"caption-attachment-39556\" style=\"width: 800px\" class=\"wp-caption alignnone\"><img loading=\"lazy\" decoding=\"async\" class=\"wp-image-39556 size-full\" src=\"https:\/\/vocesparalelas.com.ar\/sitio\/wp-content\/uploads\/2021\/07\/UNSJ-FFHA.jpg\" alt=\"\" width=\"800\" height=\"533\" srcset=\"https:\/\/vocesparalelas.com.ar\/sitio\/wp-content\/uploads\/2021\/07\/UNSJ-FFHA.jpg 800w, https:\/\/vocesparalelas.com.ar\/sitio\/wp-content\/uploads\/2021\/07\/UNSJ-FFHA-300x200.jpg 300w, https:\/\/vocesparalelas.com.ar\/sitio\/wp-content\/uploads\/2021\/07\/UNSJ-FFHA-768x512.jpg 768w\" sizes=\"auto, (max-width: 800px) 100vw, 800px\" \/><figcaption id=\"caption-attachment-39556\" class=\"wp-caption-text\">Facultad de Filosof\u00eda, Humanidades y Artes con la Decana Prof. Myriam Arrabal y el Vicedecano Prof. Marcelo Vasquez<\/figcaption><\/figure>\n<p>&nbsp;<\/p>\n<figure id=\"attachment_39555\" aria-describedby=\"caption-attachment-39555\" style=\"width: 800px\" class=\"wp-caption alignnone\"><img loading=\"lazy\" decoding=\"async\" class=\"wp-image-39555 size-full\" src=\"https:\/\/vocesparalelas.com.ar\/sitio\/wp-content\/uploads\/2021\/07\/UNSJ-FCEFN.jpg\" alt=\"\" width=\"800\" height=\"533\" srcset=\"https:\/\/vocesparalelas.com.ar\/sitio\/wp-content\/uploads\/2021\/07\/UNSJ-FCEFN.jpg 800w, https:\/\/vocesparalelas.com.ar\/sitio\/wp-content\/uploads\/2021\/07\/UNSJ-FCEFN-300x200.jpg 300w, https:\/\/vocesparalelas.com.ar\/sitio\/wp-content\/uploads\/2021\/07\/UNSJ-FCEFN-768x512.jpg 768w\" sizes=\"auto, (max-width: 800px) 100vw, 800px\" \/><figcaption id=\"caption-attachment-39555\" class=\"wp-caption-text\">Facultad de Ciencias Exactas, F\u00edsicas y Naturales con el Decano Ing. Rodolfo Bloch y la Vicedecana, Natalia Nu\u00f1ez<\/figcaption><\/figure>\n<p>&nbsp;<\/p>\n<figure id=\"attachment_39557\" aria-describedby=\"caption-attachment-39557\" style=\"width: 800px\" class=\"wp-caption alignnone\"><img loading=\"lazy\" decoding=\"async\" class=\"wp-image-39557 size-full\" src=\"https:\/\/vocesparalelas.com.ar\/sitio\/wp-content\/uploads\/2021\/07\/UNSJ-RECTOR.jpg\" alt=\"\" width=\"800\" height=\"533\" srcset=\"https:\/\/vocesparalelas.com.ar\/sitio\/wp-content\/uploads\/2021\/07\/UNSJ-RECTOR.jpg 800w, https:\/\/vocesparalelas.com.ar\/sitio\/wp-content\/uploads\/2021\/07\/UNSJ-RECTOR-300x200.jpg 300w, https:\/\/vocesparalelas.com.ar\/sitio\/wp-content\/uploads\/2021\/07\/UNSJ-RECTOR-768x512.jpg 768w\" sizes=\"auto, (max-width: 800px) 100vw, 800px\" \/><figcaption id=\"caption-attachment-39557\" class=\"wp-caption-text\">Rector de la UNSJ, Ing. Tadeo Berenguer y la Vicerrectora Dra. Anal\u00eda Ponce<\/figcaption><\/figure>\n<p>&nbsp;<\/p>\n<p><a href=\"https:\/\/vocesparalelas.com.ar\/sitio\/wp-content\/uploads\/2021\/07\/UNSJ-RESOLUCION_60-21-_PROCLAMACIoN_1VUELTA_para_prensa_5619_000.docx\">UNSJ-RESOLUCION_60-21-_PROCLAMACIoN_1VUELTA_para_prensa_5619_000<\/a> <a href=\"https:\/\/vocesparalelas.com.ar\/sitio\/wp-content\/uploads\/2021\/07\/UNSJ-RESOLUCION_61-21-_PROCLAMACIoN_2_VUELTA_PARA_PRENSA_5619_100.docx\">UNSJ-RESOLUCION_61-21-_PROCLAMACIoN_2_VUELTA_PARA_PRENSA_5619_100<\/a><\/p>\n<p>&nbsp;<\/p>\n<p>&nbsp;<\/p>\n<p>&nbsp;<\/p>\n","protected":false},"excerpt":{"rendered":"<p>En el edificio del Rectorado de la Universidad Nacional de San Juan se desarroll\u00f3 la proclamaci\u00f3n de las autoridades responsables<\/p>\n","protected":false},"author":3,"featured_media":39546,"comment_status":"closed","ping_status":"closed","sticky":false,"template":"","format":"video","meta":{"_acf_changed":false,"_seopress_robots_primary_cat":"none","_seopress_titles_title":"","_seopress_titles_desc":"","_seopress_robots_index":"","colormag_page_container_layout":"default_layout","colormag_page_sidebar_layout":"default_layout","footnotes":""},"categories":[1,7],"tags":[],"class_list":["post-39541","post","type-post","status-publish","format-video","has-post-thumbnail","hentry","category-destacadas","category-videos","post_format-post-format-video"],"acf":[],"_links":{"self":[{"href":"https:\/\/vocesparalelas.com.ar\/sitio\/wp-json\/wp\/v2\/posts\/39541","targetHints":{"allow":["GET"]}}],"collection":[{"href":"https:\/\/vocesparalelas.com.ar\/sitio\/wp-json\/wp\/v2\/posts"}],"about":[{"href":"https:\/\/vocesparalelas.com.ar\/sitio\/wp-json\/wp\/v2\/types\/post"}],"author":[{"embeddable":true,"href":"https:\/\/vocesparalelas.com.ar\/sitio\/wp-json\/wp\/v2\/users\/3"}],"replies":[{"embeddable":true,"href":"https:\/\/vocesparalelas.com.ar\/sitio\/wp-json\/wp\/v2\/comments?post=39541"}],"version-history":[{"count":3,"href":"https:\/\/vocesparalelas.com.ar\/sitio\/wp-json\/wp\/v2\/posts\/39541\/revisions"}],"predecessor-version":[{"id":39564,"href":"https:\/\/vocesparalelas.com.ar\/sitio\/wp-json\/wp\/v2\/posts\/39541\/revisions\/39564"}],"wp:featuredmedia":[{"embeddable":true,"href":"https:\/\/vocesparalelas.com.ar\/sitio\/wp-json\/wp\/v2\/media\/39546"}],"wp:attachment":[{"href":"https:\/\/vocesparalelas.com.ar\/sitio\/wp-json\/wp\/v2\/media?parent=39541"}],"wp:term":[{"taxonomy":"category","embeddable":true,"href":"https:\/\/vocesparalelas.com.ar\/sitio\/wp-json\/wp\/v2\/categories?post=39541"},{"taxonomy":"post_tag","embeddable":true,"href":"https:\/\/vocesparalelas.com.ar\/sitio\/wp-json\/wp\/v2\/tags?post=39541"}],"curies":[{"name":"wp","href":"https:\/\/api.w.org\/{rel}","templated":true}]}}