{"id":39512,"date":"2021-07-08T00:00:23","date_gmt":"2021-07-08T03:00:23","guid":{"rendered":"http:\/\/vocesparalelas.com.ar\/sitio\/?p=39512"},"modified":"2021-07-09T14:50:47","modified_gmt":"2021-07-09T17:50:47","slug":"una-porcion-de-patria-nuestra-unsj","status":"publish","type":"post","link":"https:\/\/vocesparalelas.com.ar\/sitio\/una-porcion-de-patria-nuestra-unsj\/","title":{"rendered":"Una porci\u00f3n de Patria nuestra UNSJ"},"content":{"rendered":"<p>\u00bfCu\u00e1nto cost\u00f3 llegar a votar? Primero la pandemia impuso postergaciones al sufragio. Luego se llev\u00f3 a una candidata de primera l\u00ednea. Despu\u00e9s se cuestionaron derechos pol\u00edticos democr\u00e1ticamente adquiridos que profundizaron el atraso y finalmente, hubo que llegar al ballotage a pesar del cansancio, el desaliento y la amenaza de la pandemia\u2026<\/p>\n<p>\u00bfCu\u00e1nto cost\u00f3 llegar a votar? \u00bfCu\u00e1ntas horas de trabajo, cu\u00e1nto dinero invertido, cu\u00e1nto desgaste f\u00edsico, emocional y mental?<\/p>\n<p>Para quienes ya est\u00e1n jubilados o les falta poco tiempo para jubilarse \u00bfQu\u00e9 los lleva a seguir apostando tan fuerte en cada uno de estos acontecimientos?<\/p>\n<p>Quiz\u00e1 habr\u00eda que comenzar cuestion\u00e1ndonos qu\u00e9 significa la UNSJ para nosotros.<\/p>\n<p>Para muchos, luego de la familia, la UNSJ es una porci\u00f3n de patria. La patria \u00edntima, aquella que conocimos como j\u00f3venes estudiantes o m\u00e1s\u00a0 temprano a\u00fan, como ni\u00f1os porque era el lugar de trabajo de alguno de nuestros padres. Hoy significa adem\u00e1s nuestro propio lugar de trabajo. Varios hemos integrado los cuatro estamentos que la conforman: Estudiantes, Egresados, Docentes y Personal de Apoyo.<\/p>\n<p>Tambi\u00e9n para varios, el destino de la UNSJ significa mucho m\u00e1s que un posicionamiento inmediato de nuestra situaci\u00f3n laboral personal. No votamos \u201cpor favor\u201d, sino a quien creemos que mejor representa un proyecto superador que contemple los emergentes locales, actuales y futuros de toda nuestra comunidad universitaria. Con una mirada prospectiva m\u00e1s amplia, entendemos no s\u00f3lo que en esta\u00a0 casa se formar\u00e1n las futuras generaciones sino que, a partir de all\u00ed, seguiremos construyendo la sociedad que nos alberga a todos.<\/p>\n<p>Quiz\u00e1 por \u00e9stos motivos queremos una universidad profundamente democr\u00e1tica. Disentimos con las polarizaciones, estigmatizaciones y exclusiones, porque creemos -y queremos- una universidad verdaderamente participativa e inclusiva.<\/p>\n<p>El Jueves, 1 de Julio, finalmente se eligieron las m\u00e1ximas autoridades de la UNSJ. Quienes conducir\u00e1n por cuatro a\u00f1os el destino de la misma y marcar\u00e1n de alguna manera un rumbo al desarrollo cient\u00edfico, art\u00edstico y social en nuestra comunidad.<\/p>\n<p>Saludamos y reconocemos el esfuerzo realizado para llegar a esta instancia y acompa\u00f1amos con la convicci\u00f3n de que es la acci\u00f3n conjunta la que provoca los cambios que hacen historia.<\/p>\n<p>&nbsp;<\/p>\n<p style=\"text-align: right;\">Integrantes del IEV \u2013 FFHA &#8211; UNSJ<\/p>\n<p>&nbsp;<\/p>\n<p>&nbsp;<\/p>\n<p>&nbsp;<\/p>\n","protected":false},"excerpt":{"rendered":"<p>\u00bfCu\u00e1nto cost\u00f3 llegar a votar? Primero la pandemia impuso postergaciones al sufragio. Luego se llev\u00f3 a una candidata de primera<\/p>\n","protected":false},"author":3,"featured_media":37900,"comment_status":"closed","ping_status":"closed","sticky":false,"template":"","format":"standard","meta":{"_acf_changed":false,"_seopress_robots_primary_cat":"none","_seopress_titles_title":"","_seopress_titles_desc":"","_seopress_robots_index":"","colormag_page_container_layout":"default_layout","colormag_page_sidebar_layout":"default_layout","footnotes":""},"categories":[10],"tags":[],"class_list":["post-39512","post","type-post","status-publish","format-standard","has-post-thumbnail","hentry","category-opiniones"],"acf":[],"_links":{"self":[{"href":"https:\/\/vocesparalelas.com.ar\/sitio\/wp-json\/wp\/v2\/posts\/39512","targetHints":{"allow":["GET"]}}],"collection":[{"href":"https:\/\/vocesparalelas.com.ar\/sitio\/wp-json\/wp\/v2\/posts"}],"about":[{"href":"https:\/\/vocesparalelas.com.ar\/sitio\/wp-json\/wp\/v2\/types\/post"}],"author":[{"embeddable":true,"href":"https:\/\/vocesparalelas.com.ar\/sitio\/wp-json\/wp\/v2\/users\/3"}],"replies":[{"embeddable":true,"href":"https:\/\/vocesparalelas.com.ar\/sitio\/wp-json\/wp\/v2\/comments?post=39512"}],"version-history":[{"count":1,"href":"https:\/\/vocesparalelas.com.ar\/sitio\/wp-json\/wp\/v2\/posts\/39512\/revisions"}],"predecessor-version":[{"id":39514,"href":"https:\/\/vocesparalelas.com.ar\/sitio\/wp-json\/wp\/v2\/posts\/39512\/revisions\/39514"}],"wp:featuredmedia":[{"embeddable":true,"href":"https:\/\/vocesparalelas.com.ar\/sitio\/wp-json\/wp\/v2\/media\/37900"}],"wp:attachment":[{"href":"https:\/\/vocesparalelas.com.ar\/sitio\/wp-json\/wp\/v2\/media?parent=39512"}],"wp:term":[{"taxonomy":"category","embeddable":true,"href":"https:\/\/vocesparalelas.com.ar\/sitio\/wp-json\/wp\/v2\/categories?post=39512"},{"taxonomy":"post_tag","embeddable":true,"href":"https:\/\/vocesparalelas.com.ar\/sitio\/wp-json\/wp\/v2\/tags?post=39512"}],"curies":[{"name":"wp","href":"https:\/\/api.w.org\/{rel}","templated":true}]}}