{"id":39505,"date":"2021-07-07T23:43:44","date_gmt":"2021-07-08T02:43:44","guid":{"rendered":"http:\/\/vocesparalelas.com.ar\/sitio\/?p=39505"},"modified":"2021-07-09T00:48:43","modified_gmt":"2021-07-09T03:48:43","slug":"solicitan-la-regularizacion-de-docentes-ad-honorem-y-de-permanencia-de-ayudantes-rentados-de-las-universidades-nacionales","status":"publish","type":"post","link":"https:\/\/vocesparalelas.com.ar\/sitio\/solicitan-la-regularizacion-de-docentes-ad-honorem-y-de-permanencia-de-ayudantes-rentados-de-las-universidades-nacionales\/","title":{"rendered":"Solicitan la regularizaci\u00f3n de docentes ad honorem y de permanencia de ayudantes rentados de las Universidades Nacionales"},"content":{"rendered":"<p>CONADU Hist\u00f3rica reclam\u00f3 a la Secretaria de Pol\u00edticas Universitarias y al CIN la constituci\u00f3n de las comisiones para la regularizaci\u00f3n de docentes ad honorem y de permanencia de ayudantes rentados de las Universidades Nacionales.<\/p>\n<p>En una nota enviada al Secretario de Pol\u00edticas Universitarias, Dr. Jaime Perczyk- y al Consejo de Rectores &#8211; CIN \u2013 presidido por el Lic. Rodolfo Tecchi-, la CONADU Hist\u00f3rica solicit\u00f3 formalmente la constituci\u00f3n y reuni\u00f3n de las Comisiones de Seguimiento de los Programas de Regularizaci\u00f3n de Docentes Ad Honorem y Contratados y del Programa de Permanencia de Ayudantes de Primera Rentados. Dichas comisiones fueron acordadas en la reuni\u00f3n Paritaria del 27 de Abril.<\/p>\n<p>Desde la Federaci\u00f3n se\u00f1alaron que \u201chemos tomado conocimiento de las Resoluciones N\u00b0 62 y 63 de la SPU en la cual se establecen requisitos para la inclusi\u00f3n de los docentes en dichos programas, que consideramos son temas que deben ser discutidos y acordados en el \u00e1mbito paritario, en particular en lo referido a exclusi\u00f3n de dichos programas de docentes con m\u00e1s de un cargo\u201d.<\/p>\n<p>Esta solicitud se inscribe adem\u00e1s en el reclamo ya realizado el pasado 28 de Junio de urgente constituci\u00f3n de la Mesa Nacional de Negociaci\u00f3n Salarial del Sector Docente de las Universidades Nacionales.<\/p>\n<p>&nbsp;<\/p>\n<p>&nbsp;<\/p>\n<p>&nbsp;<\/p>\n<p>&nbsp;<\/p>\n","protected":false},"excerpt":{"rendered":"<p>CONADU Hist\u00f3rica reclam\u00f3 a la Secretaria de Pol\u00edticas Universitarias y al CIN la constituci\u00f3n de las comisiones para la regularizaci\u00f3n<\/p>\n","protected":false},"author":3,"featured_media":21204,"comment_status":"closed","ping_status":"closed","sticky":false,"template":"","format":"standard","meta":{"_acf_changed":false,"_seopress_robots_primary_cat":"none","_seopress_titles_title":"","_seopress_titles_desc":"","_seopress_robots_index":"","colormag_page_container_layout":"default_layout","colormag_page_sidebar_layout":"default_layout","footnotes":""},"categories":[10],"tags":[],"class_list":["post-39505","post","type-post","status-publish","format-standard","has-post-thumbnail","hentry","category-opiniones"],"acf":[],"_links":{"self":[{"href":"https:\/\/vocesparalelas.com.ar\/sitio\/wp-json\/wp\/v2\/posts\/39505","targetHints":{"allow":["GET"]}}],"collection":[{"href":"https:\/\/vocesparalelas.com.ar\/sitio\/wp-json\/wp\/v2\/posts"}],"about":[{"href":"https:\/\/vocesparalelas.com.ar\/sitio\/wp-json\/wp\/v2\/types\/post"}],"author":[{"embeddable":true,"href":"https:\/\/vocesparalelas.com.ar\/sitio\/wp-json\/wp\/v2\/users\/3"}],"replies":[{"embeddable":true,"href":"https:\/\/vocesparalelas.com.ar\/sitio\/wp-json\/wp\/v2\/comments?post=39505"}],"version-history":[{"count":1,"href":"https:\/\/vocesparalelas.com.ar\/sitio\/wp-json\/wp\/v2\/posts\/39505\/revisions"}],"predecessor-version":[{"id":39507,"href":"https:\/\/vocesparalelas.com.ar\/sitio\/wp-json\/wp\/v2\/posts\/39505\/revisions\/39507"}],"wp:featuredmedia":[{"embeddable":true,"href":"https:\/\/vocesparalelas.com.ar\/sitio\/wp-json\/wp\/v2\/media\/21204"}],"wp:attachment":[{"href":"https:\/\/vocesparalelas.com.ar\/sitio\/wp-json\/wp\/v2\/media?parent=39505"}],"wp:term":[{"taxonomy":"category","embeddable":true,"href":"https:\/\/vocesparalelas.com.ar\/sitio\/wp-json\/wp\/v2\/categories?post=39505"},{"taxonomy":"post_tag","embeddable":true,"href":"https:\/\/vocesparalelas.com.ar\/sitio\/wp-json\/wp\/v2\/tags?post=39505"}],"curies":[{"name":"wp","href":"https:\/\/api.w.org\/{rel}","templated":true}]}}