{"id":39497,"date":"2021-07-07T23:25:12","date_gmt":"2021-07-08T02:25:12","guid":{"rendered":"http:\/\/vocesparalelas.com.ar\/sitio\/?p=39497"},"modified":"2021-07-07T23:25:12","modified_gmt":"2021-07-08T02:25:12","slug":"firma-de-convenio-para-difundir-actividades-deportivas-educativas-y-culturales-de-san-juan-en-medios-publicos-nacionales","status":"publish","type":"post","link":"https:\/\/vocesparalelas.com.ar\/sitio\/firma-de-convenio-para-difundir-actividades-deportivas-educativas-y-culturales-de-san-juan-en-medios-publicos-nacionales\/","title":{"rendered":"Firma de convenio para difundir actividades deportivas, educativas y culturales de San Juan en medios p\u00fablicos nacionales"},"content":{"rendered":"<p>El gobernador de San Juan, Dr. Sergio U\u00f1ac, firm\u00f3 el Mi\u00e9rcoles, 7 de Julio, en Buenos Aires, un convenio de colaboraci\u00f3n con la empresa estatal Contenidos P\u00fablicos SE.<\/p>\n<p>En la ocasi\u00f3n estuvo acompa\u00f1ado por el secretario de Estado de Deportes, Jorge Chica; siendo recibidos por el secretario de Medios y Comunicaci\u00f3n P\u00fablica, Francisco Meritello; la gerenta general de Contenidos P\u00fablicos Sociedad del Estado, J\u00e9sica Tritten y el presidente de la Confederaci\u00f3n Argentina de Pat\u00edn, Daniel Ventura.<\/p>\n<p>A trav\u00e9s de la r\u00fabrica, ambas partes establecieron que sus actividades estar\u00e1n destinadas a producir y\/o coproducir diversos contenidos audiovisuales en cualquier formato y\/o soporte, intercambiar material audiovisual, servicios y recursos t\u00e9cnicos, asesorar y asistir en los diversos proyectos de producci\u00f3n de contenidos audiovisuales, entre otros aspectos.<\/p>\n<p>La actividad se enmarca en la importancia de crear alianzas estrat\u00e9gicas que permiten a la Provincia continuar proyect\u00e1ndose hacia un pa\u00eds federal, con acceso igualitario e inclusivo a contenidos deportivos, culturales y educativos.<\/p>\n<p><img loading=\"lazy\" decoding=\"async\" class=\"alignnone wp-image-39502 size-full\" src=\"https:\/\/vocesparalelas.com.ar\/sitio\/wp-content\/uploads\/2021\/07\/NACION-DEPORTE-01.jpg\" alt=\"\" width=\"800\" height=\"450\" srcset=\"https:\/\/vocesparalelas.com.ar\/sitio\/wp-content\/uploads\/2021\/07\/NACION-DEPORTE-01.jpg 800w, https:\/\/vocesparalelas.com.ar\/sitio\/wp-content\/uploads\/2021\/07\/NACION-DEPORTE-01-300x169.jpg 300w, https:\/\/vocesparalelas.com.ar\/sitio\/wp-content\/uploads\/2021\/07\/NACION-DEPORTE-01-768x432.jpg 768w\" sizes=\"auto, (max-width: 800px) 100vw, 800px\" \/><\/p>\n<p>U\u00f1ac destac\u00f3 la importancia de la firma de este convenio para la Provincia de San Juan e indic\u00f3 que \u201cen la tierra del Maestro de Am\u00e9rica apostamos fuertemente por la educaci\u00f3n, pero los desaf\u00edos actuales nos impulsaron a dar un paso m\u00e1s, agregando la actividad deportiva, entendiendo que esto es lo que quieren todos los sectores de la sociedad, fundamentalmente los chicos, que necesitan canalizar sus energ\u00edas hacia las disciplinas deportivas\u201d.<\/p>\n<p>En su discurso, U\u00f1ac resalt\u00f3 la planificaci\u00f3n del trabajo a corto y mediano plazo. Adem\u00e1s, agradeci\u00f3 el acompa\u00f1amiento de los dirigentes deportivos y los deportistas de Alto Rendimiento como parte fundamental del crecimiento deportivo.<\/p>\n<p>En ese sentido, el gobernador sanjuanino destac\u00f3 la inversi\u00f3n que realiza la provincia en obras deportivas ya que \u201csin infraestructura no se podr\u00eda desarrollar el deporte\u201d y en ese sentido agradeci\u00f3 el apoyo recibido desde el Gobierno nacional.<\/p>\n<p>Por su parte, Meritello destac\u00f3 que \u201cSan Juan es hoy la provincia punta de lanza en materia deportiva y por eso desde los medios p\u00fablicos les abrimos las puertas y queremos que nos sientan como propios\u201d.<\/p>\n<p>\u201cQueremos darle un fuerte valor al trabajo de los medios p\u00fablicos como Encuentro, Pakapaka, DeporTV y otros. Queremos que sientan que San Juan debe estar en ellos y producir un desarrollo en materia audiovisual porque es una industria generadora de mucho trabajo, redoblando este concepto en \u00e9pocas de pandemia\u201d, concluy\u00f3.<\/p>\n<p>Finalmente, Chica agradeci\u00f3 a los funcionarios nacionales la oportunidad de formar parte de las plataformas audiovisuales nacionales e hizo hincapi\u00e9 en el\u00a0trabajo inclusivo que el Gobierno de San Juan realiza en el contexto del desarrollo deportivo.<\/p>\n<p>Merced a la firma de este acuerdo entre el Gobierno de San juan y la instituci\u00f3n nacional, la provincia contin\u00faa destac\u00e1ndose en el \u00e1mbito de una gesti\u00f3n p\u00fablica sostenible a trav\u00e9s de m\u00faltiples plataformas audiovisuales.<\/p>\n<p>&nbsp;<\/p>\n","protected":false},"excerpt":{"rendered":"<p>El gobernador de San Juan, Dr. Sergio U\u00f1ac, firm\u00f3 el Mi\u00e9rcoles, 7 de Julio, en Buenos Aires, un convenio de<\/p>\n","protected":false},"author":3,"featured_media":39503,"comment_status":"closed","ping_status":"closed","sticky":false,"template":"","format":"standard","meta":{"_acf_changed":false,"_seopress_robots_primary_cat":"none","_seopress_titles_title":"","_seopress_titles_desc":"","_seopress_robots_index":"","colormag_page_container_layout":"default_layout","colormag_page_sidebar_layout":"default_layout","footnotes":""},"categories":[1],"tags":[],"class_list":["post-39497","post","type-post","status-publish","format-standard","has-post-thumbnail","hentry","category-destacadas"],"acf":[],"_links":{"self":[{"href":"https:\/\/vocesparalelas.com.ar\/sitio\/wp-json\/wp\/v2\/posts\/39497","targetHints":{"allow":["GET"]}}],"collection":[{"href":"https:\/\/vocesparalelas.com.ar\/sitio\/wp-json\/wp\/v2\/posts"}],"about":[{"href":"https:\/\/vocesparalelas.com.ar\/sitio\/wp-json\/wp\/v2\/types\/post"}],"author":[{"embeddable":true,"href":"https:\/\/vocesparalelas.com.ar\/sitio\/wp-json\/wp\/v2\/users\/3"}],"replies":[{"embeddable":true,"href":"https:\/\/vocesparalelas.com.ar\/sitio\/wp-json\/wp\/v2\/comments?post=39497"}],"version-history":[{"count":1,"href":"https:\/\/vocesparalelas.com.ar\/sitio\/wp-json\/wp\/v2\/posts\/39497\/revisions"}],"predecessor-version":[{"id":39504,"href":"https:\/\/vocesparalelas.com.ar\/sitio\/wp-json\/wp\/v2\/posts\/39497\/revisions\/39504"}],"wp:featuredmedia":[{"embeddable":true,"href":"https:\/\/vocesparalelas.com.ar\/sitio\/wp-json\/wp\/v2\/media\/39503"}],"wp:attachment":[{"href":"https:\/\/vocesparalelas.com.ar\/sitio\/wp-json\/wp\/v2\/media?parent=39497"}],"wp:term":[{"taxonomy":"category","embeddable":true,"href":"https:\/\/vocesparalelas.com.ar\/sitio\/wp-json\/wp\/v2\/categories?post=39497"},{"taxonomy":"post_tag","embeddable":true,"href":"https:\/\/vocesparalelas.com.ar\/sitio\/wp-json\/wp\/v2\/tags?post=39497"}],"curies":[{"name":"wp","href":"https:\/\/api.w.org\/{rel}","templated":true}]}}