{"id":39445,"date":"2021-07-05T22:18:56","date_gmt":"2021-07-06T01:18:56","guid":{"rendered":"http:\/\/vocesparalelas.com.ar\/sitio\/?p=39445"},"modified":"2021-07-06T22:25:48","modified_gmt":"2021-07-07T01:25:48","slug":"autoridades-electas-de-las-unidades-academicas-de-la-unsj","status":"publish","type":"post","link":"https:\/\/vocesparalelas.com.ar\/sitio\/autoridades-electas-de-las-unidades-academicas-de-la-unsj\/","title":{"rendered":"Autoridades electas de las Unidades Acad\u00e9micas de la UNSJ"},"content":{"rendered":"<p>Una vez concluido el acto electoral de la Universidad Nacional de San Juan y ya con las nuevas autoridades elegidas para las diferentes unidades acad\u00e9micas de esta casa de estudios, los nuevos funcionarios anticiparon sus primeras acciones para cuando asuman en sus respectivos lugares.<\/p>\n<p><span style=\"color: #0000ff;\"><strong> Facultad de Ingenier\u00eda<\/strong><\/span><\/p>\n<p>El electo decano de la Facultad de Ingenier\u00eda de la UNSJ, Ing. Oscar Fern\u00e1ndez, manifest\u00f3 que \u00ablo primero a realizar es encargarse de la parte edilicia de la unidad acad\u00e9mica, la cual sufri\u00f3 consecuencias del terremoto de enero pasado. Vamos a buscar recursos para cubrir esas necesidades; mientras tanto, nosotros nos encargaremos de los proyectos de consolidaci\u00f3n del edificio. Esto ya est\u00e1 en carrera y nosotros tambi\u00e9n vamos a mejorar y darles otros espacios a quienes fueron afectados (en su lugar de trabajo). Adem\u00e1s, vamos a habilitar laboratorios en Electromec\u00e1nica, que, a ra\u00edz del sismo, quedaron sin ellos. En el edificio de Ingenier\u00eda Civil ya hay trabajos tambi\u00e9n para su acondicionamiento y desde el Instituto de Materiales y Suelos de nuestra Facultad ya est\u00e1n trabajando en el proyecto\u201d, refiri\u00f3. En otro orden, adelant\u00f3 que comenzar\u00e1n a trabajar fuertemente en la oferta educativa de la Facultad y en la Extensi\u00f3n, \u201ca la que me interesa mucho darle impulso\u201d. Por otro lado, se\u00f1al\u00f3 que analizar\u00e1n la situaci\u00f3n de conectividad \u201cpara favorecer a nuestros alumnos\u201d.<\/p>\n<p><span style=\"color: #0000ff;\"><strong>Facultad de Ciencias Exactas, F\u00edsicas y Naturales<\/strong><\/span><\/p>\n<p>El decano Ing. Rodolfo Bloch, quien repite su mandato al frente de la FCEFN, dijo que \u00able prestar\u00e1n particular atenci\u00f3n a lo relacionado con la situaci\u00f3n actual, es decir, lo que determina la pandemia. Vamos a mejorar en todo lo posible la asignaci\u00f3n de recursos para las actividades acad\u00e9micas y administrativas en la virtualidad\u201d, dijo Bloch, quien seguidamente explic\u00f3: \u201cEsto implica incorporar recursos tecnol\u00f3gicos para generar puntos digitales dentro de la Facultad, especialmente para los estudiantes que no tienen facilidades en sus casas y tambi\u00e9n para docentes que lo pudieran necesitar\u201d. El Decano anunci\u00f3 tambi\u00e9n la idea de gestionar para incrementar el plantel docente, \u201cespecialmente de los primeros a\u00f1os, que son los que est\u00e1n m\u00e1s poblados de la relaci\u00f3n docente \u2013 alumno\u201d. Otro de los puntos a abordar de inmediato, resalt\u00f3 Bloch que es \u201cla planificaci\u00f3n del ingreso 2022, a fin de encontrar alguna manera de formular el ingreso irrestricto, algo que mejore lo que hemos podido venir haciendo hasta ahora, que nos ha dado buenos resultados pero creemos que lo podemos mejorar, especialmente teniendo en cuenta el proceso de articulaci\u00f3n que tenemos con el nivel medio a trav\u00e9s de los casi setenta colegios con los que estamos trabajando con convenios\u201d.<\/p>\n<p><span style=\"color: #0000ff;\"><strong>Facultad de Filosof\u00eda, Humanidades y Artes<\/strong><\/span><\/p>\n<p>La Prof. Myriam Arrabal anticip\u00f3 que en su gesti\u00f3n \u201cva a potenciar los logros que nos parece muy buenos en nuestro balance; vamos a seguir trabajando en el programa de expansi\u00f3n territorial; de hecho, le vamos a dar continuidad a una segunda cohorte de M\u00fasica Popular en J\u00e1chal, que ya comenz\u00f3 este a\u00f1o; tambi\u00e9n, a la segunda cohorte de la Tecnicatura en Turismo en Calingasta\u201d. Expres\u00f3 adem\u00e1s que a la FFHA le ha ido muy bien con las carreras de pregrado y grado en los departamentos alejados. \u201cCreemos firmemente en la expansi\u00f3n territorial de la oferta educativa de la Facultad, porque esos estudiantes, cuyo desarraigo evitamos, ya egresaron y est\u00e1n trabajando en esos departamentos; esta es la prueba m\u00e1s contundente de que la Facultad de Filosof\u00eda ayuda al desarrollo local, con T\u00e9cnicos en Turismo en Calingasta, con T\u00e9cnicos en Ingl\u00e9s y Turismo en Valle F\u00e9rtil trabajando en el Ente Ischigualasto; con Profesores de M\u00fasica Popular en J\u00e1chal, que son asistentes del plantel docente de la segunda cohorte de esa carrera en el departamento\u201d. Arrabal agreg\u00f3 que, en el tema conectividad, en la segunda parte de este a\u00f1o \u201cva a haber m\u00e1s presencialidad, pero vamos a seguir potenciando las actas con los municipios, que nos ponen a disposici\u00f3n los CIC (Centro Integral Comunitario) departamentales como puntos digitales en que estudiantes pueden ir y conectarse para tomar sus clases\u201d.<\/p>\n<p><span style=\"color: #0000ff;\"><strong> Facultad de Ciencias Sociales<\/strong><\/span><\/p>\n<p>El nuevo decano elegido la FACSO, Lic. Marcelo Lucero, sostuvo que lo primero a realizar en su gesti\u00f3n ser\u00e1 \u201cel reordenamiento del SIU (Sistema Inform\u00e1tico Universitario) y todo el sistema de cargas de regularidades, notas e inscripciones, porque ah\u00ed ha habido una serie de problemas con estudiantes que, por ejemplo, no pudieron inscribirse; adem\u00e1s, hab\u00edamos prometido encargarnos de esa problem\u00e1tica\u201d. Adem\u00e1s, en el terreno de la conectividad, manifest\u00f3: \u201cObviamente vamos a encargarnos del tema de conectividad, que haya wifi en la Facultad, etc.\u201d. Luego resalt\u00f3 que \u201cm\u00e1s a mediano plazo tambi\u00e9n queremos poner una infraestructura administrativa al servicio de los posgrados y extensi\u00f3n; adem\u00e1s comenzaremos a trabajar en posgrados en curso de actualizaci\u00f3n y formaci\u00f3n. En investigaci\u00f3n hay much\u00edsimo para hacer, queremos empezar por fortalecer el tema de las publicaciones y fortalecer la capacitaci\u00f3n en becarios de investigaci\u00f3n\u201d.<\/p>\n<p><span style=\"color: #0000ff;\"><strong> Facultad de Arquitectura, Urbanismo y Dise\u00f1o<\/strong><\/span><\/p>\n<p>El Arq. Guillermo Velasco, de la FAUD, se\u00f1al\u00f3 que lo primero a lo que se abocar\u00e1 es al tema de la virtualidad y a la adaptaci\u00f3n y ajustes para poder trabajar en la Facultad tanto en lo presencial como en lo virtual. Adem\u00e1s, indic\u00f3: \u201cVamos a centrarnos en ayudar a que los estudiantes terminen este a\u00f1o y vamos a ver c\u00f3mo hacemos el a\u00f1o que viene para implementar la virtualidad y la presencialidad, porque seguramente ya tendremos una bimodalidad. Esto exige una revisi\u00f3n de muchos aspectos de la parte curricular\u201d. Velasco agreg\u00f3 que, de acuerdo a ello, lo \u201cprincipal a buscar es que haya buena conectividad en la Facultad y para eso tambi\u00e9n vamos a crear una comisi\u00f3n para que vaya estudiando el tema. Tambi\u00e9n nuestro compromiso es que los egresados se acerquen a la Facultad para ver cu\u00e1les son las necesidades laborales y promover actualizaciones y cursos\u201d.<\/p>\n<p><span style=\"color: #0000ff;\"><strong> Escuela Universitaria de Ciencias de la Salud<\/strong><\/span><\/p>\n<p>El Lic. \u00c1ngel Pinto, quien sucede a la Dra. Ana Naranjo en la Direcci\u00f3n de esta Escuela, dijo que en principio va a convocar a otras partes de la instituci\u00f3n que han trabajado desde varios estamentos para tomar conocimiento de sus ideas y \u201cjuntos proyectar el destino de la Escuela\u201d: \u201cEs la primera elecci\u00f3n que tenemos y por eso quiero convocarlos\u201d, record\u00f3. \u201cUna de las cosas en que nos falta trabajar m\u00e1s es en investigaci\u00f3n y extensi\u00f3n. Queremos fomentar la investigaci\u00f3n porque \u00e9sta es una unidad acad\u00e9mica nueva. Hemos puesto mucho en lo que es docencia, pero nos falta en esa parte y por eso queremos potenciarla. Luego de esas reuniones quiero tener otras con las autoridades superiores electas (Rector y Vice)\u201d, anticip\u00f3 Pinto.<\/p>\n","protected":false},"excerpt":{"rendered":"<p>Una vez concluido el acto electoral de la Universidad Nacional de San Juan y ya con las nuevas autoridades elegidas<\/p>\n","protected":false},"author":3,"featured_media":37900,"comment_status":"closed","ping_status":"closed","sticky":false,"template":"","format":"standard","meta":{"_acf_changed":false,"_seopress_robots_primary_cat":"none","_seopress_titles_title":"","_seopress_titles_desc":"","_seopress_robots_index":"","colormag_page_container_layout":"default_layout","colormag_page_sidebar_layout":"default_layout","footnotes":""},"categories":[10],"tags":[],"class_list":["post-39445","post","type-post","status-publish","format-standard","has-post-thumbnail","hentry","category-opiniones"],"acf":[],"_links":{"self":[{"href":"https:\/\/vocesparalelas.com.ar\/sitio\/wp-json\/wp\/v2\/posts\/39445","targetHints":{"allow":["GET"]}}],"collection":[{"href":"https:\/\/vocesparalelas.com.ar\/sitio\/wp-json\/wp\/v2\/posts"}],"about":[{"href":"https:\/\/vocesparalelas.com.ar\/sitio\/wp-json\/wp\/v2\/types\/post"}],"author":[{"embeddable":true,"href":"https:\/\/vocesparalelas.com.ar\/sitio\/wp-json\/wp\/v2\/users\/3"}],"replies":[{"embeddable":true,"href":"https:\/\/vocesparalelas.com.ar\/sitio\/wp-json\/wp\/v2\/comments?post=39445"}],"version-history":[{"count":1,"href":"https:\/\/vocesparalelas.com.ar\/sitio\/wp-json\/wp\/v2\/posts\/39445\/revisions"}],"predecessor-version":[{"id":39447,"href":"https:\/\/vocesparalelas.com.ar\/sitio\/wp-json\/wp\/v2\/posts\/39445\/revisions\/39447"}],"wp:featuredmedia":[{"embeddable":true,"href":"https:\/\/vocesparalelas.com.ar\/sitio\/wp-json\/wp\/v2\/media\/37900"}],"wp:attachment":[{"href":"https:\/\/vocesparalelas.com.ar\/sitio\/wp-json\/wp\/v2\/media?parent=39445"}],"wp:term":[{"taxonomy":"category","embeddable":true,"href":"https:\/\/vocesparalelas.com.ar\/sitio\/wp-json\/wp\/v2\/categories?post=39445"},{"taxonomy":"post_tag","embeddable":true,"href":"https:\/\/vocesparalelas.com.ar\/sitio\/wp-json\/wp\/v2\/tags?post=39445"}],"curies":[{"name":"wp","href":"https:\/\/api.w.org\/{rel}","templated":true}]}}