{"id":39440,"date":"2021-07-05T23:56:04","date_gmt":"2021-07-06T02:56:04","guid":{"rendered":"http:\/\/vocesparalelas.com.ar\/sitio\/?p=39440"},"modified":"2021-07-06T00:04:34","modified_gmt":"2021-07-06T03:04:34","slug":"ciudadano-digital-una-plataforma-de-autogestion-online","status":"publish","type":"post","link":"https:\/\/vocesparalelas.com.ar\/sitio\/ciudadano-digital-una-plataforma-de-autogestion-online\/","title":{"rendered":"\u201cCiudadano Digital\u00bb una plataforma de autogesti\u00f3n online"},"content":{"rendered":"<p>En el marco del Plan de Modernizaci\u00f3n del Estado, este lunes 5 de julio, el Gobierno de la Provincia de San Juan present\u00f3 la plataforma mi.sanjuan.gob.ar y las nuevas funcionalidades de \u201cCiudadano Digital\u00bb. Se trata de una plataforma de autogesti\u00f3n online que permite a los ciudadanos acceder a documentaci\u00f3n, tr\u00e1mites y consultas personales de forma simple y segura. El acto estuvo presidido por el gobernador Sergio U\u00f1ac.<\/p>\n<p>El titular del Ejecutivo provincial estuvo acompa\u00f1ado por las ministras de Gobierno, Dra. Fabiola Aubone; de Hacienda y Finanzas, CPN Marisa L\u00f3pez (v\u00eda remota); y de Salud, Dra. Alejandra Venerando; el secretario de Seguridad y Orden P\u00fablico, Dr. Carlos Munisaga y la subsecretaria de Gesti\u00f3n P\u00fablica, Lic. Lorena L\u00f3pez.<\/p>\n<p>Mediante este sistema se pueden obtener partidas de nacimiento, carnet de vacunas, certificado de activos (para agentes p\u00fablicos), recibo de sueldo (para agentes p\u00fablicos), certificado de Cumplimiento Fiscal, certificado Residual Banco San Juan, certificado Pre-inscripci\u00f3n como Proveedor, Registro \u00danico de Proveedores del Estado, emisi\u00f3n de Boletas de IPV, pedir turnos online, Certificado de Antecedentes y otros tr\u00e1mites.<\/p>\n<p>Por su parte, Lic. Lorena L\u00f3pez, brind\u00f3 detalles t\u00e9cnicos del nuevo programa e hizo hincapi\u00e9 en el trabajo mancomunado de la secretar\u00eda a su cargo con el resto de los ministerios. \u201cEste portal optimiza la gesti\u00f3n de tr\u00e1mites, permitir\u00e1 al ciudadano crear su cuenta a trav\u00e9s del reconocimiento facial y el registro biom\u00e9trico\u201d.<\/p>\n<p>&nbsp;<\/p>\n<p>Por su parte, la Ministro de de Hacienda y Finanzas, CPN Marisa L\u00f3pez valid\u00f3 los objetivos de modernizaci\u00f3n del Estado a trav\u00e9s de la puesta en marcha del portal Ciudadano Digital, \u201cque le permite a la gente realizar sus tr\u00e1mites de forma m\u00e1s simple y \u00e1gil, y tambi\u00e9n m\u00e1s segura, a trav\u00e9s de la firma de un convenio con el RENAPER. Lo que pretendemos es prestar m\u00e1s servicios que tienen que ver con un gobierno transversal, que se acerca a los sanjuaninos para brindarles servicios esenciales y para que los sanjuaninos nos soliciten otros servicios en la intenci\u00f3n de un acercamiento hacia la gente, para lograr una mejor calidad de vida\u201d.<\/p>\n<p><iframe loading=\"lazy\" title=\"CPN MARISA L\u00d3PEZ\" width=\"800\" height=\"450\" src=\"https:\/\/www.youtube.com\/embed\/BTe1oQ3p-U0?feature=oembed\" frameborder=\"0\" allow=\"accelerometer; autoplay; clipboard-write; encrypted-media; gyroscope; picture-in-picture\" allowfullscreen><\/iframe><\/p>\n<p>&nbsp;<\/p>\n<p>En este contexto, el gobernador U\u00f1ac dijo la iniciativa apunta a \u201cacercar el Gobierno provincial a cada uno de los sanjuaninos y que ese acercamiento implique achicar la brecha entre el pedido del tr\u00e1mite y la respuesta del mismo. Lo que hacemos es modernizar el Estado\u201d.<\/p>\n<p><iframe loading=\"lazy\" title=\"DR. SERGIO U\u00d1AC\" width=\"800\" height=\"450\" src=\"https:\/\/www.youtube.com\/embed\/u9r387OW3L8?feature=oembed\" frameborder=\"0\" allow=\"accelerometer; autoplay; clipboard-write; encrypted-media; gyroscope; picture-in-picture\" allowfullscreen><\/iframe><\/p>\n<p>Este acceso se realizar\u00e1 desde una aplicaci\u00f3n m\u00f3vil o desde la web. De acuerdo a la informaci\u00f3n volcada por la profesional, la aplicaci\u00f3n est\u00e1 desarrollada en las versiones Android e iOS. V\u00eda web se podr\u00e1 acceder a la misma ingresando a ami.sanjuan.gob.ar.<\/p>\n<p>Los documentos recibidos por cualquier organismo p\u00fablico y privado son v\u00e1lidos, por lo que el organismo receptor puede validarlos a trav\u00e9s de un c\u00f3digo mediante el portal validaci\u00f3n.sanjuan.gob.ar.<\/p>\n<p>Este portal es de acceso seguro y de confidencialidad y transparencia para el ciudadano. Hemos dispuesto el 0800 333 005 para reclamos y consultas. En los pr\u00f3ximos d\u00edas incorporaremos el Certificado de Defunci\u00f3n y otros servicios\u201d, agreg\u00f3 la profesional, y asever\u00f3 que \u201cestos sistemas se est\u00e1n instalando a nivel mundial y eso es lo que ofrecemos desde el Estado para mejorar la administraci\u00f3n p\u00fablica y el servicio a los ciudadanos\u201d.<\/p>\n<p>&nbsp;<\/p>\n<p><strong><span style=\"color: #99cc00;\">\u00bfQu\u00e9 es Ciudadano Digital?<\/span><\/strong><\/p>\n<p>Ciudadano Digital es un canal online alternativo frente a la tradicional modalidad presencial de gesti\u00f3n que permite optimizar tiempos y recursos. A trav\u00e9s de una \u00fanica cuenta personal, los ciudadanos podr\u00e1n realizar distintos tr\u00e1mites y servicios digitales que brinda el Gobierno de la Provincia de San Juan.<\/p>\n<p>Ciudadano Digital permite resolver gran variedad de tr\u00e1mites y acceder a documentaci\u00f3n espec\u00edfica. Todo en un mismo sitio, con un alto nivel de seguridad que garantiza la privacidad de los datos.<\/p>\n<p>Adem\u00e1s, todos los documentos y tr\u00e1mites realizados a trav\u00e9s de esta plataforma son leg\u00edtimos, por lo tanto, pueden ser presentados en organismos p\u00fablicos y privados. Para validar la informaci\u00f3n, se contar\u00e1 con un c\u00f3digo impreso en el mismo documento que corroborar\u00e1 la veracidad del mismo.<\/p>\n<p>La cuenta de Ciudadano Digital se obtiene descargando la aplicaci\u00f3n Gobierno de San Juan en App Store o Google Play Store, desde cualquier dispositivo m\u00f3vil.<\/p>\n<p>Actualmente se encuentran disponibles diversos tr\u00e1mites y servicios. No obstante, el Gobierno contin\u00faa trabajando para ampliar la lista y, consecuentemente, construir una plataforma cada vez m\u00e1s completa.<\/p>\n<p>&nbsp;<\/p>\n<p>&nbsp;<\/p>\n<p>&nbsp;<\/p>\n","protected":false},"excerpt":{"rendered":"<p>En el marco del Plan de Modernizaci\u00f3n del Estado, este lunes 5 de julio, el Gobierno de la Provincia de<\/p>\n","protected":false},"author":3,"featured_media":39425,"comment_status":"closed","ping_status":"closed","sticky":false,"template":"","format":"video","meta":{"_acf_changed":false,"_seopress_robots_primary_cat":"none","_seopress_titles_title":"","_seopress_titles_desc":"","_seopress_robots_index":"","colormag_page_container_layout":"default_layout","colormag_page_sidebar_layout":"default_layout","footnotes":""},"categories":[1,7],"tags":[],"class_list":["post-39440","post","type-post","status-publish","format-video","has-post-thumbnail","hentry","category-destacadas","category-videos","post_format-post-format-video"],"acf":[],"_links":{"self":[{"href":"https:\/\/vocesparalelas.com.ar\/sitio\/wp-json\/wp\/v2\/posts\/39440","targetHints":{"allow":["GET"]}}],"collection":[{"href":"https:\/\/vocesparalelas.com.ar\/sitio\/wp-json\/wp\/v2\/posts"}],"about":[{"href":"https:\/\/vocesparalelas.com.ar\/sitio\/wp-json\/wp\/v2\/types\/post"}],"author":[{"embeddable":true,"href":"https:\/\/vocesparalelas.com.ar\/sitio\/wp-json\/wp\/v2\/users\/3"}],"replies":[{"embeddable":true,"href":"https:\/\/vocesparalelas.com.ar\/sitio\/wp-json\/wp\/v2\/comments?post=39440"}],"version-history":[{"count":1,"href":"https:\/\/vocesparalelas.com.ar\/sitio\/wp-json\/wp\/v2\/posts\/39440\/revisions"}],"predecessor-version":[{"id":39442,"href":"https:\/\/vocesparalelas.com.ar\/sitio\/wp-json\/wp\/v2\/posts\/39440\/revisions\/39442"}],"wp:featuredmedia":[{"embeddable":true,"href":"https:\/\/vocesparalelas.com.ar\/sitio\/wp-json\/wp\/v2\/media\/39425"}],"wp:attachment":[{"href":"https:\/\/vocesparalelas.com.ar\/sitio\/wp-json\/wp\/v2\/media?parent=39440"}],"wp:term":[{"taxonomy":"category","embeddable":true,"href":"https:\/\/vocesparalelas.com.ar\/sitio\/wp-json\/wp\/v2\/categories?post=39440"},{"taxonomy":"post_tag","embeddable":true,"href":"https:\/\/vocesparalelas.com.ar\/sitio\/wp-json\/wp\/v2\/tags?post=39440"}],"curies":[{"name":"wp","href":"https:\/\/api.w.org\/{rel}","templated":true}]}}