{"id":39421,"date":"2021-07-05T20:27:58","date_gmt":"2021-07-05T23:27:58","guid":{"rendered":"http:\/\/vocesparalelas.com.ar\/sitio\/?p=39421"},"modified":"2021-07-05T20:35:22","modified_gmt":"2021-07-05T23:35:22","slug":"la-situacion-sanitaria-de-san-juan-fortaleciendo-la-vacunacion-contra-el-covid-19-para-ampliar-espacios","status":"publish","type":"post","link":"https:\/\/vocesparalelas.com.ar\/sitio\/la-situacion-sanitaria-de-san-juan-fortaleciendo-la-vacunacion-contra-el-covid-19-para-ampliar-espacios\/","title":{"rendered":"La situaci\u00f3n sanitaria de San Juan fortaleciendo la vacunaci\u00f3n contra el COVID-19 para ampliar espacios"},"content":{"rendered":"<p>La Ministro de Salud P\u00fablica del Gobierno de San Juan, Dra. Alejandra Venerando, respondi\u00f3 a los Periodistas San Juan sobre la situaci\u00f3n de Vacunaci\u00f3n y las reuniones que mantiene con la Comisi\u00f3n de COVID -19 de la provincia para analizar los pasos a seguir.<\/p>\n<p>&nbsp;<\/p>\n<p><iframe loading=\"lazy\" title=\"DRA ALEJANDRA VENERANDO\" width=\"800\" height=\"450\" src=\"https:\/\/www.youtube.com\/embed\/sCireUPxPg0?feature=oembed\" frameborder=\"0\" allow=\"accelerometer; autoplay; clipboard-write; encrypted-media; gyroscope; picture-in-picture\" allowfullscreen><\/iframe><\/p>\n<p>&nbsp;<\/p>\n<p><img loading=\"lazy\" decoding=\"async\" class=\"alignnone wp-image-1245 size-full\" src=\"https:\/\/vocesparalelas.com.ar\/sitio\/wp-content\/uploads\/2017\/05\/CASA-DE-GOBIERNO-01.jpg\" alt=\"\" width=\"800\" height=\"534\" srcset=\"https:\/\/vocesparalelas.com.ar\/sitio\/wp-content\/uploads\/2017\/05\/CASA-DE-GOBIERNO-01.jpg 800w, https:\/\/vocesparalelas.com.ar\/sitio\/wp-content\/uploads\/2017\/05\/CASA-DE-GOBIERNO-01-300x200.jpg 300w, https:\/\/vocesparalelas.com.ar\/sitio\/wp-content\/uploads\/2017\/05\/CASA-DE-GOBIERNO-01-768x513.jpg 768w\" sizes=\"auto, (max-width: 800px) 100vw, 800px\" \/><\/p>\n","protected":false},"excerpt":{"rendered":"<p>La Ministro de Salud P\u00fablica del Gobierno de San Juan, Dra. Alejandra Venerando, respondi\u00f3 a los Periodistas San Juan sobre<\/p>\n","protected":false},"author":3,"featured_media":39429,"comment_status":"closed","ping_status":"closed","sticky":false,"template":"","format":"video","meta":{"_acf_changed":false,"_seopress_robots_primary_cat":"none","_seopress_titles_title":"","_seopress_titles_desc":"","_seopress_robots_index":"","colormag_page_container_layout":"default_layout","colormag_page_sidebar_layout":"default_layout","footnotes":""},"categories":[1,7],"tags":[],"class_list":["post-39421","post","type-post","status-publish","format-video","has-post-thumbnail","hentry","category-destacadas","category-videos","post_format-post-format-video"],"acf":[],"_links":{"self":[{"href":"https:\/\/vocesparalelas.com.ar\/sitio\/wp-json\/wp\/v2\/posts\/39421","targetHints":{"allow":["GET"]}}],"collection":[{"href":"https:\/\/vocesparalelas.com.ar\/sitio\/wp-json\/wp\/v2\/posts"}],"about":[{"href":"https:\/\/vocesparalelas.com.ar\/sitio\/wp-json\/wp\/v2\/types\/post"}],"author":[{"embeddable":true,"href":"https:\/\/vocesparalelas.com.ar\/sitio\/wp-json\/wp\/v2\/users\/3"}],"replies":[{"embeddable":true,"href":"https:\/\/vocesparalelas.com.ar\/sitio\/wp-json\/wp\/v2\/comments?post=39421"}],"version-history":[{"count":3,"href":"https:\/\/vocesparalelas.com.ar\/sitio\/wp-json\/wp\/v2\/posts\/39421\/revisions"}],"predecessor-version":[{"id":39431,"href":"https:\/\/vocesparalelas.com.ar\/sitio\/wp-json\/wp\/v2\/posts\/39421\/revisions\/39431"}],"wp:featuredmedia":[{"embeddable":true,"href":"https:\/\/vocesparalelas.com.ar\/sitio\/wp-json\/wp\/v2\/media\/39429"}],"wp:attachment":[{"href":"https:\/\/vocesparalelas.com.ar\/sitio\/wp-json\/wp\/v2\/media?parent=39421"}],"wp:term":[{"taxonomy":"category","embeddable":true,"href":"https:\/\/vocesparalelas.com.ar\/sitio\/wp-json\/wp\/v2\/categories?post=39421"},{"taxonomy":"post_tag","embeddable":true,"href":"https:\/\/vocesparalelas.com.ar\/sitio\/wp-json\/wp\/v2\/tags?post=39421"}],"curies":[{"name":"wp","href":"https:\/\/api.w.org\/{rel}","templated":true}]}}