{"id":39414,"date":"2021-07-05T20:03:43","date_gmt":"2021-07-05T23:03:43","guid":{"rendered":"http:\/\/vocesparalelas.com.ar\/sitio\/?p=39414"},"modified":"2021-07-06T22:04:24","modified_gmt":"2021-07-07T01:04:24","slug":"el-rector-electo-de-la-unsj-ing-tadeo-berenguer-saludo-al-gobernador-dr-sergio-unac","status":"publish","type":"post","link":"https:\/\/vocesparalelas.com.ar\/sitio\/el-rector-electo-de-la-unsj-ing-tadeo-berenguer-saludo-al-gobernador-dr-sergio-unac\/","title":{"rendered":"El Rector electo de la UNSJ, Ing. Tadeo Berenguer salud\u00f3 al Gobernador Dr. Sergio U\u00f1ac"},"content":{"rendered":"<p>El gobernador de San Juan, Dr. Sergio U\u00f1ac recibi\u00f3 los saludos protocolares del Rector electo de la Universidad Nacional de San Juan, Ing. Tadeo Berenguer.<\/p>\n<p>En la oportunidad, el primer mandatario y Berenguer abordaron temas inherentes a la continuidad del trabajo mancomunado de la Universidad con el Gobierno de San Juan.<\/p>\n<p>Es importante resaltar que, durante el desarrollo de las Elecciones 2021 UNSJ, el Ing. Tadeo Berenguer junto a la Dra. Anal\u00eda Ponce, conformaron la f\u00f3rmula de la Agrupaci\u00f3n \u00abVamos UNSJ\u00bb que en en una 2\u00b0 vuelta, el Jueves, 1 de Julio, \u00a0gan\u00f3 en un 53,3%.<\/p>\n<p>De esta manera, el Rector electo de la UNSJ, Ing. Tadeo Berenguer y Vicerrectora Dra. Anal\u00eda Ponce, quienes tienen la responsabilidad de consagrar el destino de la Universidad Nacional de San Juan durante 4 a\u00f1os del 2021 &#8211; 2025.<\/p>\n<p>Despu\u00e9s, de la reuni\u00f3n el Ing. Tadeo Berenguer manifest\u00f3 declaraciones a Periodistas San Juan para contar sobre el encuentro con el Gobernador de San Juan, Dr. Sergio U\u00f1ac y los deseos de fortalecer los lazos durante su mandato.<\/p>\n<figure id=\"attachment_39424\" aria-describedby=\"caption-attachment-39424\" style=\"width: 800px\" class=\"wp-caption alignnone\"><img loading=\"lazy\" decoding=\"async\" class=\"wp-image-39424 size-full\" src=\"https:\/\/vocesparalelas.com.ar\/sitio\/wp-content\/uploads\/2021\/07\/UNSJ-TADEO-UNAC.jpg\" alt=\"\" width=\"800\" height=\"533\" srcset=\"https:\/\/vocesparalelas.com.ar\/sitio\/wp-content\/uploads\/2021\/07\/UNSJ-TADEO-UNAC.jpg 800w, https:\/\/vocesparalelas.com.ar\/sitio\/wp-content\/uploads\/2021\/07\/UNSJ-TADEO-UNAC-300x200.jpg 300w, https:\/\/vocesparalelas.com.ar\/sitio\/wp-content\/uploads\/2021\/07\/UNSJ-TADEO-UNAC-768x512.jpg 768w\" sizes=\"auto, (max-width: 800px) 100vw, 800px\" \/><figcaption id=\"caption-attachment-39424\" class=\"wp-caption-text\">Rector electo de la UNSJ, Ing. Tadeo Berenguer<\/figcaption><\/figure>\n<p>&nbsp;<\/p>\n<p><iframe loading=\"lazy\" title=\"UNSJ ING. TADEO BERENGUER\" width=\"800\" height=\"450\" src=\"https:\/\/www.youtube.com\/embed\/ims9SwEtzI4?feature=oembed\" frameborder=\"0\" allow=\"accelerometer; autoplay; clipboard-write; encrypted-media; gyroscope; picture-in-picture\" allowfullscreen><\/iframe><\/p>\n<p>&nbsp;<\/p>\n<p>&nbsp;<\/p>\n<p><img loading=\"lazy\" decoding=\"async\" class=\"alignnone wp-image-37900 size-full\" src=\"https:\/\/vocesparalelas.com.ar\/sitio\/wp-content\/uploads\/2021\/05\/UNSJ-LOGOTIPO-01.jpg\" alt=\"\" width=\"800\" height=\"533\" srcset=\"https:\/\/vocesparalelas.com.ar\/sitio\/wp-content\/uploads\/2021\/05\/UNSJ-LOGOTIPO-01.jpg 800w, https:\/\/vocesparalelas.com.ar\/sitio\/wp-content\/uploads\/2021\/05\/UNSJ-LOGOTIPO-01-300x200.jpg 300w, https:\/\/vocesparalelas.com.ar\/sitio\/wp-content\/uploads\/2021\/05\/UNSJ-LOGOTIPO-01-768x512.jpg 768w\" sizes=\"auto, (max-width: 800px) 100vw, 800px\" \/><\/p>\n<p>&nbsp;<\/p>\n<p>&nbsp;<\/p>\n<p>&nbsp;<\/p>\n<p>&nbsp;<\/p>\n","protected":false},"excerpt":{"rendered":"<p>El gobernador de San Juan, Dr. Sergio U\u00f1ac recibi\u00f3 los saludos protocolares del Rector electo de la Universidad Nacional de<\/p>\n","protected":false},"author":3,"featured_media":39416,"comment_status":"closed","ping_status":"closed","sticky":false,"template":"","format":"video","meta":{"_acf_changed":false,"_seopress_robots_primary_cat":"none","_seopress_titles_title":"","_seopress_titles_desc":"","_seopress_robots_index":"","colormag_page_container_layout":"default_layout","colormag_page_sidebar_layout":"default_layout","footnotes":""},"categories":[10,7],"tags":[],"class_list":["post-39414","post","type-post","status-publish","format-video","has-post-thumbnail","hentry","category-opiniones","category-videos","post_format-post-format-video"],"acf":[],"_links":{"self":[{"href":"https:\/\/vocesparalelas.com.ar\/sitio\/wp-json\/wp\/v2\/posts\/39414","targetHints":{"allow":["GET"]}}],"collection":[{"href":"https:\/\/vocesparalelas.com.ar\/sitio\/wp-json\/wp\/v2\/posts"}],"about":[{"href":"https:\/\/vocesparalelas.com.ar\/sitio\/wp-json\/wp\/v2\/types\/post"}],"author":[{"embeddable":true,"href":"https:\/\/vocesparalelas.com.ar\/sitio\/wp-json\/wp\/v2\/users\/3"}],"replies":[{"embeddable":true,"href":"https:\/\/vocesparalelas.com.ar\/sitio\/wp-json\/wp\/v2\/comments?post=39414"}],"version-history":[{"count":4,"href":"https:\/\/vocesparalelas.com.ar\/sitio\/wp-json\/wp\/v2\/posts\/39414\/revisions"}],"predecessor-version":[{"id":39457,"href":"https:\/\/vocesparalelas.com.ar\/sitio\/wp-json\/wp\/v2\/posts\/39414\/revisions\/39457"}],"wp:featuredmedia":[{"embeddable":true,"href":"https:\/\/vocesparalelas.com.ar\/sitio\/wp-json\/wp\/v2\/media\/39416"}],"wp:attachment":[{"href":"https:\/\/vocesparalelas.com.ar\/sitio\/wp-json\/wp\/v2\/media?parent=39414"}],"wp:term":[{"taxonomy":"category","embeddable":true,"href":"https:\/\/vocesparalelas.com.ar\/sitio\/wp-json\/wp\/v2\/categories?post=39414"},{"taxonomy":"post_tag","embeddable":true,"href":"https:\/\/vocesparalelas.com.ar\/sitio\/wp-json\/wp\/v2\/tags?post=39414"}],"curies":[{"name":"wp","href":"https:\/\/api.w.org\/{rel}","templated":true}]}}