{"id":39406,"date":"2021-07-04T22:11:35","date_gmt":"2021-07-05T01:11:35","guid":{"rendered":"http:\/\/vocesparalelas.com.ar\/sitio\/?p=39406"},"modified":"2021-07-06T01:07:22","modified_gmt":"2021-07-06T04:07:22","slug":"sumate-al-ixd-en-vacaciones-de-invierno","status":"publish","type":"post","link":"https:\/\/vocesparalelas.com.ar\/sitio\/sumate-al-ixd-en-vacaciones-de-invierno\/","title":{"rendered":"Sumate al IxD en vacaciones de invierno"},"content":{"rendered":"<p>El Centro de Innovaci\u00f3n Educativa Tecnol\u00f3gica del Ministerio de Educaci\u00f3n del Gobierno de San Juan contin\u00faa con talleres para los chicos y j\u00f3venes, con una propuesta educativa no formal que estimula y potencia habilidades y competencias.<\/p>\n<p>Especialistas en nuevas tecnolog\u00edas apuntan a crear entornos de aprendizaje basados en creatividad, brindando todas las herramientas que permitan experimentar, concretar ideas y proyectos a trav\u00e9s de actividades l\u00fadicas.<\/p>\n<p>En este receso invernal llega \u201cRecreo\u201d, propuesta creativas y juegos, para compartir en familia o con amigos.<\/p>\n<p>A partir del 5 de julio , a trav\u00e9s de las redes de IxD San Juan, podr\u00e1n disfrutar de las vacaciones a trav\u00e9s de actividades virtuales diarias entretenidas, creativas y divertidas en 30 segundos como las trivias creativas, fechas y sucesos importantes y recetas bien sanjuaninas para hacer en casa.<\/p>\n<ul>\n<li><span style=\"color: #339966;\"><strong>Trivias<\/strong>:<\/span> lunes, mi\u00e9rcoles y s\u00e1bado a las 15 horas<\/li>\n<\/ul>\n<ul>\n<li><span style=\"color: #339966;\"><strong>Recetas bien sanjuaninas<\/strong>:<\/span> martes y jueves a las 15 horas<\/li>\n<\/ul>\n<ul>\n<li><span style=\"color: #339966;\"><strong>Ideas en 30 segundos<\/strong>:<\/span> lunes y viernes a las 17 horas<\/li>\n<\/ul>\n<ul>\n<li><span style=\"color: #339966;\"><strong>Curiosidades<\/strong>:<\/span> domingos a las 13 horas<\/li>\n<\/ul>\n<p><span style=\"color: #339966;\">Los interesados pueden ingresar a las redes de IxD San Juan<\/span><\/p>\n<ul>\n<li><strong><span style=\"color: #339966;\">En YouTube<\/span><\/strong><\/li>\n<\/ul>\n<p><a href=\"https:\/\/www.youtube.com\/channel\/UCalkPX0NZ2bwfKTzAQjyDjw\">https:\/\/www.youtube.com\/channel\/UCalkPX0NZ2bwfKTzAQjyDjw<\/a><\/p>\n<ul>\n<li><strong><span style=\"color: #339966;\">En Facebook<\/span><\/strong><\/li>\n<\/ul>\n<p><a href=\"https:\/\/www.facebook.com\/ixdsanjuan\">https:\/\/www.facebook.com\/ixdsanjuan<\/a><\/p>\n<ul>\n<li><strong><span style=\"color: #339966;\">En Instagram<\/span><\/strong><\/li>\n<\/ul>\n<p><a href=\"https:\/\/www.instagram.com\/ixdsanjuan\">https:\/\/www.instagram.com\/ixdsanjuan<\/a><\/p>\n","protected":false},"excerpt":{"rendered":"<p>El Centro de Innovaci\u00f3n Educativa Tecnol\u00f3gica del Ministerio de Educaci\u00f3n del Gobierno de San Juan contin\u00faa con talleres para los<\/p>\n","protected":false},"author":3,"featured_media":39408,"comment_status":"closed","ping_status":"closed","sticky":false,"template":"","format":"standard","meta":{"_acf_changed":false,"_seopress_robots_primary_cat":"none","_seopress_titles_title":"","_seopress_titles_desc":"","_seopress_robots_index":"","colormag_page_container_layout":"default_layout","colormag_page_sidebar_layout":"default_layout","footnotes":""},"categories":[20],"tags":[],"class_list":["post-39406","post","type-post","status-publish","format-standard","has-post-thumbnail","hentry","category-cartelera"],"acf":[],"_links":{"self":[{"href":"https:\/\/vocesparalelas.com.ar\/sitio\/wp-json\/wp\/v2\/posts\/39406","targetHints":{"allow":["GET"]}}],"collection":[{"href":"https:\/\/vocesparalelas.com.ar\/sitio\/wp-json\/wp\/v2\/posts"}],"about":[{"href":"https:\/\/vocesparalelas.com.ar\/sitio\/wp-json\/wp\/v2\/types\/post"}],"author":[{"embeddable":true,"href":"https:\/\/vocesparalelas.com.ar\/sitio\/wp-json\/wp\/v2\/users\/3"}],"replies":[{"embeddable":true,"href":"https:\/\/vocesparalelas.com.ar\/sitio\/wp-json\/wp\/v2\/comments?post=39406"}],"version-history":[{"count":1,"href":"https:\/\/vocesparalelas.com.ar\/sitio\/wp-json\/wp\/v2\/posts\/39406\/revisions"}],"predecessor-version":[{"id":39409,"href":"https:\/\/vocesparalelas.com.ar\/sitio\/wp-json\/wp\/v2\/posts\/39406\/revisions\/39409"}],"wp:featuredmedia":[{"embeddable":true,"href":"https:\/\/vocesparalelas.com.ar\/sitio\/wp-json\/wp\/v2\/media\/39408"}],"wp:attachment":[{"href":"https:\/\/vocesparalelas.com.ar\/sitio\/wp-json\/wp\/v2\/media?parent=39406"}],"wp:term":[{"taxonomy":"category","embeddable":true,"href":"https:\/\/vocesparalelas.com.ar\/sitio\/wp-json\/wp\/v2\/categories?post=39406"},{"taxonomy":"post_tag","embeddable":true,"href":"https:\/\/vocesparalelas.com.ar\/sitio\/wp-json\/wp\/v2\/tags?post=39406"}],"curies":[{"name":"wp","href":"https:\/\/api.w.org\/{rel}","templated":true}]}}