{"id":39403,"date":"2021-07-04T21:59:22","date_gmt":"2021-07-05T00:59:22","guid":{"rendered":"http:\/\/vocesparalelas.com.ar\/sitio\/?p=39403"},"modified":"2021-07-04T21:59:22","modified_gmt":"2021-07-05T00:59:22","slug":"ganadores-del-concurso-conociendo-mas-nuestro-ambiente","status":"publish","type":"post","link":"https:\/\/vocesparalelas.com.ar\/sitio\/ganadores-del-concurso-conociendo-mas-nuestro-ambiente\/","title":{"rendered":"Ganadores del Concurso \u201cConociendo m\u00e1s nuestro ambiente\u201d"},"content":{"rendered":"<p>En el marco de las actividades conmemorativas del Mes del Ambiente, la Direcci\u00f3n de Educaci\u00f3n Ambiental dependiente de la Secretar\u00eda de Estado de Ambiente y Desarrollo Sustentable del Gobierno de San Juan, realiz\u00f3 el concurso \u201cConociendo m\u00e1s nuestro ambiente\u201d, cuyos ganadores fueron seleccionados al azar.<\/p>\n<p>El concurso se desarroll\u00f3 desde mediados de junio hasta el d\u00eda de hoy, cuando fueron seleccionados los veinte ganadores. Para poder participar, los concursantes deb\u00edan ingresar a la p\u00e1gina de la Biblioteca Ambiental Virtual, visitar cada una de las secciones que la componen, observar cada video con Ecotips y finalmente completar el formulario con datos personales, con el ecotip que m\u00e1s \u00fatil le result\u00f3, comentar acciones ambientales que contribuyan con la educaci\u00f3n ambiental y sugerir temas a trabajar desde el \u00e1mbito de la Biblioteca.<\/p>\n<p>Los 10 primeros ganadores recibir\u00e1n como premio un ejemplar cada uno, de una especie arb\u00f3rea nativa ornamental, mientras que los puestos del 11 al 20 recibir\u00e1n un pen drive con informaci\u00f3n y revistas ambientales.<\/p>\n<p><span style=\"color: #339966;\"><strong>Los ganadores\u00a0<\/strong><\/span><\/p>\n<ul>\n<li>Puesto 1: Eliana S\u00e1nchez<\/li>\n<li>Puesto 2: Barros Poblete Santiago<\/li>\n<li>Puesto 3: Paola Daniela Flores<\/li>\n<li>Puesto 4: Santino Benjamin Carbajal<\/li>\n<li>Puesto 5: Cecilia Cabello<\/li>\n<li>Puesto 6: Celina del carmen Rodr\u00edguez<\/li>\n<li>Puesto 7: Gabriela Vargas Olguin<\/li>\n<li>Puesto 8: Antonieta Erica Vazquez<\/li>\n<li>Puesto 9: Ethan Balbino Pereyra<\/li>\n<li>Puesto 10: Cistal Boiero<\/li>\n<li>Puesto 11: Maria Monta\u00f1o<\/li>\n<li>Puesto 12: Pamela Carola Rojas Rojas<\/li>\n<li>Puesto 13: Mauricio Mu\u00f1oz<\/li>\n<li>Puesto 14: Cintia Soledad Bord\u00f3n Alvarez<\/li>\n<li>Puesto 15: Sandra Fernandez<\/li>\n<li>Puesto 16: Mar\u00eda Emilia Mart\u00ednez N\u00fa\u00f1ez<\/li>\n<li>Puesto 17: Carolina Rivero Quiroga<\/li>\n<li>Puesto 18: Mariana Natalia Tejada<\/li>\n<li>Puesto 19: Lina Godoy<\/li>\n<li>Puesto 20: Cecilia Ginbert<\/li>\n<\/ul>\n<p>Desde la Direcci\u00f3n de Educaci\u00f3n Ambiental, se comunicar\u00e1n con cada uno de los ganadores para concretar la entrega de premios.<\/p>\n<p>La Secretar\u00eda de Ambiente invita a toda la comunidad sanjuanina a seguir trabajando en beneficio del ambiente y los recursos naturales, de forma activa a trav\u00e9s de la capacitaci\u00f3n e implementaci\u00f3n de buenas pr\u00e1cticas ambientales.<\/p>\n<p>&nbsp;<\/p>\n<p>&nbsp;<\/p>\n<p>&nbsp;<\/p>\n","protected":false},"excerpt":{"rendered":"<p>En el marco de las actividades conmemorativas del Mes del Ambiente, la Direcci\u00f3n de Educaci\u00f3n Ambiental dependiente de la Secretar\u00eda<\/p>\n","protected":false},"author":3,"featured_media":38658,"comment_status":"closed","ping_status":"closed","sticky":false,"template":"","format":"standard","meta":{"_acf_changed":false,"_seopress_robots_primary_cat":"none","_seopress_titles_title":"","_seopress_titles_desc":"","_seopress_robots_index":"","colormag_page_container_layout":"default_layout","colormag_page_sidebar_layout":"default_layout","footnotes":""},"categories":[1],"tags":[],"class_list":["post-39403","post","type-post","status-publish","format-standard","has-post-thumbnail","hentry","category-destacadas"],"acf":[],"_links":{"self":[{"href":"https:\/\/vocesparalelas.com.ar\/sitio\/wp-json\/wp\/v2\/posts\/39403","targetHints":{"allow":["GET"]}}],"collection":[{"href":"https:\/\/vocesparalelas.com.ar\/sitio\/wp-json\/wp\/v2\/posts"}],"about":[{"href":"https:\/\/vocesparalelas.com.ar\/sitio\/wp-json\/wp\/v2\/types\/post"}],"author":[{"embeddable":true,"href":"https:\/\/vocesparalelas.com.ar\/sitio\/wp-json\/wp\/v2\/users\/3"}],"replies":[{"embeddable":true,"href":"https:\/\/vocesparalelas.com.ar\/sitio\/wp-json\/wp\/v2\/comments?post=39403"}],"version-history":[{"count":1,"href":"https:\/\/vocesparalelas.com.ar\/sitio\/wp-json\/wp\/v2\/posts\/39403\/revisions"}],"predecessor-version":[{"id":39405,"href":"https:\/\/vocesparalelas.com.ar\/sitio\/wp-json\/wp\/v2\/posts\/39403\/revisions\/39405"}],"wp:featuredmedia":[{"embeddable":true,"href":"https:\/\/vocesparalelas.com.ar\/sitio\/wp-json\/wp\/v2\/media\/38658"}],"wp:attachment":[{"href":"https:\/\/vocesparalelas.com.ar\/sitio\/wp-json\/wp\/v2\/media?parent=39403"}],"wp:term":[{"taxonomy":"category","embeddable":true,"href":"https:\/\/vocesparalelas.com.ar\/sitio\/wp-json\/wp\/v2\/categories?post=39403"},{"taxonomy":"post_tag","embeddable":true,"href":"https:\/\/vocesparalelas.com.ar\/sitio\/wp-json\/wp\/v2\/tags?post=39403"}],"curies":[{"name":"wp","href":"https:\/\/api.w.org\/{rel}","templated":true}]}}