{"id":39399,"date":"2021-07-04T21:28:43","date_gmt":"2021-07-05T00:28:43","guid":{"rendered":"http:\/\/vocesparalelas.com.ar\/sitio\/?p=39399"},"modified":"2021-07-04T21:28:43","modified_gmt":"2021-07-05T00:28:43","slug":"comienzan-a-vacunar-en-el-sum-de-campo-afuera","status":"publish","type":"post","link":"https:\/\/vocesparalelas.com.ar\/sitio\/comienzan-a-vacunar-en-el-sum-de-campo-afuera\/","title":{"rendered":"Comienzan a vacunar en el SUM de Campo Afuera"},"content":{"rendered":"<p>El Ministerio de Salud P\u00fablica del Gobierno de San Juan, a trav\u00e9s de la Zona Sanitaria III y los equipos del \u00c1rea Program\u00e1tica de Albard\u00f3n, suma un nuevo centro de vacunaci\u00f3n en el departamento de Albard\u00f3n, ya que en el Sal\u00f3n de Usos M\u00faltiples de Campo Afuera comienza a vacunar el Lunes, 5 de Julio de 8:00 a las 13:00 hs.<\/p>\n<p>En este centro de vacunaci\u00f3n van a recibir a personas para recibir las primeras dosis con Sinopharm y AstraZeneca y para segundas dosis a los adultos mayores de 60, 70 y 80 a\u00f1os.<\/p>\n<p>Adem\u00e1s se van a vacunar embarazadas, mujeres en proceso de lactancia, personas que desarrollan tareas esenciales, personas con comorbilidades y los mayores de 18 a\u00f1os sin comorbilidades.<\/p>\n<p>El otro centro de vacunaci\u00f3n, est\u00e1 en funcionamiento desde hace 7 meses aproximadamente, es el que esta instalado en el SUM La Laja, que funciona de 8:00 a 13:00 y en turnos vespertino de 14:00 a 19:00 hs donde tambi\u00e9n se colocar\u00e1n las primeras y segundas dosis y se vacunar\u00e1 con Sputnik V, con turnos establecidos por sistema.<\/p>\n<p>El recurso humano dispuesto para la vacunaci\u00f3n de Campo Afuera est\u00e1 compuesto por tres enfermeras, dos cargadores, tres agentes sanitarios y un encargado del \u00e1rea limpieza.<\/p>\n<p>En el SUM La Laja durante el turno de ma\u00f1ana trabajan cuatro enfermeros, tres agentes sanitarios, dos cargadores y una persona del \u00e1rea limpieza, es decir 10 personas; mientras que en el turno tarde se desempe\u00f1an nueve personas, entre tres enfermeros; tres agentes sanitarios, dos cargadores y un encargado de limpieza.<\/p>\n<p>&nbsp;<\/p>\n<p>&nbsp;<\/p>\n","protected":false},"excerpt":{"rendered":"<p>El Ministerio de Salud P\u00fablica del Gobierno de San Juan, a trav\u00e9s de la Zona Sanitaria III y los equipos<\/p>\n","protected":false},"author":3,"featured_media":39401,"comment_status":"closed","ping_status":"closed","sticky":false,"template":"","format":"standard","meta":{"_acf_changed":false,"_seopress_robots_primary_cat":"none","_seopress_titles_title":"","_seopress_titles_desc":"","_seopress_robots_index":"","colormag_page_container_layout":"default_layout","colormag_page_sidebar_layout":"default_layout","footnotes":""},"categories":[1],"tags":[],"class_list":["post-39399","post","type-post","status-publish","format-standard","has-post-thumbnail","hentry","category-destacadas"],"acf":[],"_links":{"self":[{"href":"https:\/\/vocesparalelas.com.ar\/sitio\/wp-json\/wp\/v2\/posts\/39399","targetHints":{"allow":["GET"]}}],"collection":[{"href":"https:\/\/vocesparalelas.com.ar\/sitio\/wp-json\/wp\/v2\/posts"}],"about":[{"href":"https:\/\/vocesparalelas.com.ar\/sitio\/wp-json\/wp\/v2\/types\/post"}],"author":[{"embeddable":true,"href":"https:\/\/vocesparalelas.com.ar\/sitio\/wp-json\/wp\/v2\/users\/3"}],"replies":[{"embeddable":true,"href":"https:\/\/vocesparalelas.com.ar\/sitio\/wp-json\/wp\/v2\/comments?post=39399"}],"version-history":[{"count":1,"href":"https:\/\/vocesparalelas.com.ar\/sitio\/wp-json\/wp\/v2\/posts\/39399\/revisions"}],"predecessor-version":[{"id":39402,"href":"https:\/\/vocesparalelas.com.ar\/sitio\/wp-json\/wp\/v2\/posts\/39399\/revisions\/39402"}],"wp:featuredmedia":[{"embeddable":true,"href":"https:\/\/vocesparalelas.com.ar\/sitio\/wp-json\/wp\/v2\/media\/39401"}],"wp:attachment":[{"href":"https:\/\/vocesparalelas.com.ar\/sitio\/wp-json\/wp\/v2\/media?parent=39399"}],"wp:term":[{"taxonomy":"category","embeddable":true,"href":"https:\/\/vocesparalelas.com.ar\/sitio\/wp-json\/wp\/v2\/categories?post=39399"},{"taxonomy":"post_tag","embeddable":true,"href":"https:\/\/vocesparalelas.com.ar\/sitio\/wp-json\/wp\/v2\/tags?post=39399"}],"curies":[{"name":"wp","href":"https:\/\/api.w.org\/{rel}","templated":true}]}}