{"id":39386,"date":"2021-07-03T14:58:13","date_gmt":"2021-07-03T17:58:13","guid":{"rendered":"http:\/\/vocesparalelas.com.ar\/sitio\/?p=39386"},"modified":"2021-07-06T00:30:49","modified_gmt":"2021-07-06T03:30:49","slug":"un-equipo-joven-en-el-decanato-de-la-facso-de-la-unsj-para-darle-un-color-de-esperanza-y-fortalecer-el-trabajo-renovado","status":"publish","type":"post","link":"https:\/\/vocesparalelas.com.ar\/sitio\/un-equipo-joven-en-el-decanato-de-la-facso-de-la-unsj-para-darle-un-color-de-esperanza-y-fortalecer-el-trabajo-renovado\/","title":{"rendered":"Un equipo joven en el decanato de la FACSO de la UNSJ para darle un color de esperanza y fortalecer el trabajo renovado"},"content":{"rendered":"<p>En la Facultad de Ciencias Sociales de la Universidad Nacional de San Juan gan\u00f3 en su segunda vuelta la f\u00f3rmula de Primero Sociales, integrada por el Lic. Marcelo Lucero y CPN Mar\u00eda del Carmen Zorrilla, con 54,46% de los votos.<\/p>\n<p>Por ello, Voces Paralelas entrevist\u00f3 al Lic. Marcelo Lucero, quien cont\u00f3 la trayectoria realizada para llegar a ser decano a partir del 15 de Julio junto a la vicedecana CPN Mar\u00eda del Carmen Zorrilla y lo que se viene en la Unidad Acad\u00e9mica.<\/p>\n<p><iframe loading=\"lazy\" title=\"FACSO UNSJ\" width=\"800\" height=\"450\" src=\"https:\/\/www.youtube.com\/embed\/UDc0HIXEJIM?feature=oembed\" frameborder=\"0\" allow=\"accelerometer; autoplay; clipboard-write; encrypted-media; gyroscope; picture-in-picture\" allowfullscreen><\/iframe><\/p>\n<p>&nbsp;<\/p>\n<figure id=\"attachment_39353\" aria-describedby=\"caption-attachment-39353\" style=\"width: 800px\" class=\"wp-caption alignnone\"><img loading=\"lazy\" decoding=\"async\" class=\"wp-image-39353 size-full\" src=\"https:\/\/vocesparalelas.com.ar\/sitio\/wp-content\/uploads\/2021\/07\/FACSO-GRUPO.jpg\" alt=\"\" width=\"800\" height=\"450\" srcset=\"https:\/\/vocesparalelas.com.ar\/sitio\/wp-content\/uploads\/2021\/07\/FACSO-GRUPO.jpg 800w, https:\/\/vocesparalelas.com.ar\/sitio\/wp-content\/uploads\/2021\/07\/FACSO-GRUPO-300x169.jpg 300w, https:\/\/vocesparalelas.com.ar\/sitio\/wp-content\/uploads\/2021\/07\/FACSO-GRUPO-768x432.jpg 768w\" sizes=\"auto, (max-width: 800px) 100vw, 800px\" \/><figcaption id=\"caption-attachment-39353\" class=\"wp-caption-text\">El equipo joven que acompa\u00f1\u00f3 para ganar el decanato en la FACSO de la UNSJ.<\/figcaption><\/figure>\n<p>&nbsp;<\/p>\n<figure id=\"attachment_39351\" aria-describedby=\"caption-attachment-39351\" style=\"width: 800px\" class=\"wp-caption alignnone\"><img loading=\"lazy\" decoding=\"async\" class=\"wp-image-39351 size-full\" src=\"https:\/\/vocesparalelas.com.ar\/sitio\/wp-content\/uploads\/2021\/07\/ZORRILLA-FFACSO.jpg\" alt=\"\" width=\"800\" height=\"529\" srcset=\"https:\/\/vocesparalelas.com.ar\/sitio\/wp-content\/uploads\/2021\/07\/ZORRILLA-FFACSO.jpg 800w, https:\/\/vocesparalelas.com.ar\/sitio\/wp-content\/uploads\/2021\/07\/ZORRILLA-FFACSO-300x198.jpg 300w, https:\/\/vocesparalelas.com.ar\/sitio\/wp-content\/uploads\/2021\/07\/ZORRILLA-FFACSO-768x508.jpg 768w\" sizes=\"auto, (max-width: 800px) 100vw, 800px\" \/><figcaption id=\"caption-attachment-39351\" class=\"wp-caption-text\">Decano de la FACSO de la UNSJ, Lic. Marcelo Lucero junto a la vicedecana CPN Mar\u00eda del Carmen Zorrilla.<\/figcaption><\/figure>\n<p>&nbsp;<\/p>\n","protected":false},"excerpt":{"rendered":"<p>En la Facultad de Ciencias Sociales de la Universidad Nacional de San Juan gan\u00f3 en su segunda vuelta la f\u00f3rmula<\/p>\n","protected":false},"author":3,"featured_media":39389,"comment_status":"closed","ping_status":"closed","sticky":false,"template":"","format":"video","meta":{"_acf_changed":false,"_seopress_robots_primary_cat":"none","_seopress_titles_title":"","_seopress_titles_desc":"","_seopress_robots_index":"","colormag_page_container_layout":"default_layout","colormag_page_sidebar_layout":"default_layout","footnotes":""},"categories":[10,7],"tags":[],"class_list":["post-39386","post","type-post","status-publish","format-video","has-post-thumbnail","hentry","category-opiniones","category-videos","post_format-post-format-video"],"acf":[],"_links":{"self":[{"href":"https:\/\/vocesparalelas.com.ar\/sitio\/wp-json\/wp\/v2\/posts\/39386","targetHints":{"allow":["GET"]}}],"collection":[{"href":"https:\/\/vocesparalelas.com.ar\/sitio\/wp-json\/wp\/v2\/posts"}],"about":[{"href":"https:\/\/vocesparalelas.com.ar\/sitio\/wp-json\/wp\/v2\/types\/post"}],"author":[{"embeddable":true,"href":"https:\/\/vocesparalelas.com.ar\/sitio\/wp-json\/wp\/v2\/users\/3"}],"replies":[{"embeddable":true,"href":"https:\/\/vocesparalelas.com.ar\/sitio\/wp-json\/wp\/v2\/comments?post=39386"}],"version-history":[{"count":6,"href":"https:\/\/vocesparalelas.com.ar\/sitio\/wp-json\/wp\/v2\/posts\/39386\/revisions"}],"predecessor-version":[{"id":39396,"href":"https:\/\/vocesparalelas.com.ar\/sitio\/wp-json\/wp\/v2\/posts\/39386\/revisions\/39396"}],"wp:featuredmedia":[{"embeddable":true,"href":"https:\/\/vocesparalelas.com.ar\/sitio\/wp-json\/wp\/v2\/media\/39389"}],"wp:attachment":[{"href":"https:\/\/vocesparalelas.com.ar\/sitio\/wp-json\/wp\/v2\/media?parent=39386"}],"wp:term":[{"taxonomy":"category","embeddable":true,"href":"https:\/\/vocesparalelas.com.ar\/sitio\/wp-json\/wp\/v2\/categories?post=39386"},{"taxonomy":"post_tag","embeddable":true,"href":"https:\/\/vocesparalelas.com.ar\/sitio\/wp-json\/wp\/v2\/tags?post=39386"}],"curies":[{"name":"wp","href":"https:\/\/api.w.org\/{rel}","templated":true}]}}