{"id":39366,"date":"2021-07-02T21:35:34","date_gmt":"2021-07-03T00:35:34","guid":{"rendered":"http:\/\/vocesparalelas.com.ar\/sitio\/?p=39366"},"modified":"2021-07-05T21:36:41","modified_gmt":"2021-07-06T00:36:41","slug":"actividades-culturales-para-disfrutar-durante-el-receso-invernal","status":"publish","type":"post","link":"https:\/\/vocesparalelas.com.ar\/sitio\/actividades-culturales-para-disfrutar-durante-el-receso-invernal\/","title":{"rendered":"Actividades culturales para disfrutar durante el receso invernal"},"content":{"rendered":"<p>La agenda cultural para estas vacaciones de invierno viene cargada y con grandes propuestas que se extienden durante todo el mes de Julio.<\/p>\n<p>El Gobierno a trav\u00e9s del Ministerio de Turismo y Cultura \u00a0del Gobierno de San Juan, organizaron un programa de actividades con mucho entretenimiento.<\/p>\n<p>Desde los m\u00e1s chicos hasta los m\u00e1s grandes, hay un circuito art\u00edstico pensado para que toda la familia pueda disfrutar de los espect\u00e1culos de una forma segura. Hay obras de teatro y de t\u00edteres, muestras art\u00edsticas, m\u00fasica y visitas guiadas a los principales espacios culturales.<\/p>\n<p><span style=\"color: #339966;\"><strong>Una a una, las diferentes propuestas<\/strong><\/span><\/p>\n<p><span style=\"color: #339966;\"><strong>Teatro del Bicentenario &#8211; Sala Audit\u00f3rium<\/strong><\/span><\/p>\n<p><span style=\"color: #339966;\"><strong><u>M\u00fasica<\/u><\/strong><\/span><\/p>\n<ul>\n<li><span style=\"color: #339966;\"><strong>S\u00e1bado, 3 de Julio, a las 21 hs &#8211; \u201cLimbo\u201d<\/strong>,<\/span> Set ac\u00fastico, la banda sanjuanina de tecno-rock, presenta su sexto disco en la Sala Audit\u00f3rium del TB. Valor de la entrada: $400.<\/li>\n<li><span style=\"color: #339966;\"><strong>Viernes, 9<\/strong> <strong>de Julio, a las 21 hs &#8211; \u201cCubo\u201d<\/strong>,<\/span> teatro Clown, presenta en escena a tres payasas encerradas en una cotidianeidad que ya les aprieta demasiado, una bomba de tiempo, a punto de explotar. Valor de la entrada: $400.<\/li>\n<li><strong><span style=\"color: #339966;\">Viernes, 16 de Julio, a las 21 hs &#8211; \u201cCatfonk\u201d,<\/span> <\/strong>banda de funk pop de la Provincia de San Juan, que presenta un gran repertorio, tanto musical como visual en sus shows, poniendo \u00e9nfasis en la participaci\u00f3n del p\u00fablico y el outfit de los m\u00fasicos. Valor de la entrada: $400.<\/li>\n<li><span style=\"color: #339966;\"><strong>S\u00e1bado, 24<\/strong> <strong>de Julio, a las 20 hs.<\/strong> &#8211;<strong> \u201cSalvar el Recuerdo\u201d Martina Flores<\/strong>,<\/span> espect\u00e1culo musical con una puesta en escena, escenograf\u00eda e iluminaci\u00f3n especial, que transmite un viaje de a\u00f1oranzas y recuerdos. Invitados especiales. Valor de la entrada: $450<\/li>\n<li><strong><span style=\"color: #339966;\">S\u00e1bado, 30 de Julio, a las 20 hs. &#8211; \u201cHomenaje al bandone\u00f3n\u201d<\/span><\/strong> Un recorrido por el tango a trav\u00e9s de la m\u00fasica para bandone\u00f3n. Se puede disfrutar piezas que remiten a los grandes autores e int\u00e9rpretes del g\u00e9nero. Est\u00e1 presente la poes\u00eda en la voz de un cantante y de un narrador, que construyen el hilo conductor de este recorrido musical. La danza da color al espect\u00e1culo, con la presencia de una pareja de baile. Valor de la entrada: $400<\/li>\n<\/ul>\n<p><span style=\"color: #339966;\"><strong>Visitas Guiadas de Invierno<\/strong><\/span><\/p>\n<p>Las visitas son gratuitas y se realizar\u00e1n cada una hora, deber\u00e1n estar presentes 15 minutos antes. Duraci\u00f3n de la visita: 30 minutos, no requiere reserva previa. Se debe respetar el protocolo y el distanciamiento social adecuado.<\/p>\n<ul>\n<li>Lunes a viernes, de 10 a 19 hs.<\/li>\n<li>S\u00e1bado y Feriado, de 12 a 19 hs.<\/li>\n<\/ul>\n<p><span style=\"color: #339966;\"><strong>Muestras en el Hall Principal<\/strong><\/span><\/p>\n<p><strong><span style=\"color: #339966;\">Oblivion- Piazzolla: \u201cOblivion\u201d,<\/span> <\/strong>los sonidos del silencio\u00bb es una muestra integrada por objetos musicales de la colecci\u00f3n del museo hist\u00f3rico resignificados en esta exhibici\u00f3n en el hall central del Teatro del Bicentenario, acompa\u00f1ada con una exposici\u00f3n del TB dedicada a homenajear a Astor Piazzolla.<\/p>\n<p>D\u00edas: de lunes a viernes de 9:30 a 20hs, s\u00e1bados y feriados de 12 a 20hs. Entrada libre y gratuita.<\/p>\n<p><span style=\"color: #339966;\"><strong>Da Vinci, M\u00e1quinas e inventos<\/strong><\/span> La genialidad creativa de Leonardo Da Vinci toma cuerpo y movimiento en estas r\u00e9plicas de sus m\u00e1quinas construidas en forma artesanal. La muestra permite vislumbrar el car\u00e1cter polifac\u00e9tico del genio creativo, que, a los fines de lograr una experiencia y recorrido comprensible, ofrece una experiencia interesante, interactiva y divertida a los visitantes.<\/p>\n<p>Habilitada a partir del Mi\u00e9rcoles, 14 de Julio, de Lunes a Viernes, de 9:30 a 20 hs, S\u00e1bados y feriados, de 12 a 20 hs. Entrada libre y gratuita.<\/p>\n<p><strong><span style=\"color: #339966;\">Museo Provincial de Bellas Artes Franklin Rawson<\/span><\/strong><\/p>\n<p>El MPBAFR en conjunto con el Teatro del Bicentenario lanzaron una colonia de arte virtual para chicas y chicos de 6 a 16 a\u00f1os, a desarrollarse desde el 5 al 30 de julio. Ofrece un ciclo de talleres gratuitos, bajo modalidad virtual, a cargo de profesores especializados en diversas disciplinas.<\/p>\n<p>Las inscripciones son v\u00eda online y est\u00e1n disponibles en las p\u00e1ginas web oficiales de las instituciones organizadoras:<\/p>\n<p><a href=\"http:\/\/www.museofranklinrawson.org\/\">www.museofranklinrawson.org<\/a><\/p>\n<p><a href=\"http:\/\/www.teatrodelbicentenario.org\/\">www.teatrodelbicentenario.org<\/a><\/p>\n<p><strong><span style=\"color: #339966;\">M\u00e1s informaci\u00f3n ingresa a este link<\/span><\/strong><\/p>\n<p><a href=\"https:\/\/sisanjuan.gob.ar\/turismo-y-cultura\/2021-06-30\/33189-el-museo-franklin-rawson-y-teatro-del-bicentenario-se-unen-con-grandes-actividades-para-chicas-y-chicos\">https:\/\/sisanjuan.gob.ar\/turismo-y-cultura\/2021-06-30\/33189-el-museo-franklin-rawson-y-teatro-del-bicentenario-se-unen-con-grandes-actividades-para-chicas-y-chicos<\/a><\/p>\n<p><span style=\"color: #339966;\"><strong>Exhibici\u00f3n de Salas<\/strong><\/span><\/p>\n<p>El Museo permanece abierto de Lunes a S\u00e1bado, de 12 a 20 hs. Los visitantes pueden recorrer sus salas temporales y la colecci\u00f3n permanente, bajo protocolo sanitario vigente.<\/p>\n<p><strong><span style=\"color: #339966;\">Entradas<\/span><\/strong><\/p>\n<ul>\n<li>Entrada general $100,<\/li>\n<li>jubilados y estudiantes $50,<\/li>\n<li>ni\u00f1os menores de 12 a\u00f1os gratis.<\/li>\n<li>S\u00e1bado gratis para todo p\u00fablico.<\/li>\n<\/ul>\n<p><strong><span style=\"color: #339966;\">Visitas guiadas:<\/span>\u00a0M<\/strong>artes, Jueves y S\u00e1bado, a las 18 hs (grupos de hasta 10 personas) con previa reserva al 4200470\/1657 de Martes a Viernes, de 12 a 20 hs, bajo estricto protocolo.<\/p>\n<p><span style=\"color: #339966;\"><strong>Cine Club \u201cCarlos Gardel\u201d<\/strong><\/span><\/p>\n<p>Es una propuesta que ofrece el museo para recordar una de las figuras ic\u00f3nicas de la m\u00fasica popular argentina. La propuesta cuenta con el apoyo del archivo documental de Carlos Cerimedo y podr\u00e1 verse todos los jueves de julio con modalidad virtual por el canal de <a href=\"https:\/\/www.youtube.com\/user\/museobasj\">YouTube del MPBAFR.<\/a><\/p>\n<ul>\n<li>Jueves, 8 de Julio &#8211; Las luces de buenos aires &#8211; a\u00f1o: 1931<\/li>\n<li>Jueves, 15 de Julio &#8211; Cuesta abajo &#8211; a\u00f1o: 1934<\/li>\n<li>Jueves, 22 de Julio &#8211; Tango bar &#8211; a\u00f1o: 1935<\/li>\n<li>Jueves, 29 de Julio &#8211; El d\u00eda que me quieras &#8211; a\u00f1o: 1934<\/li>\n<\/ul>\n<p><span style=\"color: #339966;\"><strong>Centro Cultural Conte Grand<\/strong><\/span><\/p>\n<p><span style=\"color: #339966;\"><strong>Talleres para todo p\u00fablico<\/strong><\/span><\/p>\n<p>El Conte presenta 13 nuevos talleres donde fusionan pr\u00e1cticas art\u00edsticas con capacitaciones en diferentes \u00e1reas de la cultura emergente con el objetivo de revalorizar la labor productiva y la participaci\u00f3n de toda la ciudadan\u00eda.<\/p>\n<p>Los cursos se extender\u00e1n desde el 12 Julio hasta el 28 Agosto, son gratuitos y la mayor\u00eda de modalidad presencial.<\/p>\n<p><strong><span style=\"color: #339966;\">Para m\u00e1s informaci\u00f3n sobre los talleres e inscripciones, ingres\u00e1 a la siguiente link<\/span><\/strong><\/p>\n<p><a href=\"https:\/\/sisanjuan.gob.ar\/turismo-y-cultura\/2021-07-02\/33257-conoce-la-nueva-propuesta-del-conte-grand-13-talleres-gratuitos-para-todo-publico\">https:\/\/sisanjuan.gob.ar\/turismo-y-cultura\/2021-07-02\/33257-conoce-la-nueva-propuesta-del-conte-grand-13-talleres-gratuitos-para-todo-publico<\/a><\/p>\n<p><span style=\"color: #339966;\"><strong>M\u00e1s entretenimiento<\/strong><\/span><\/p>\n<p>Llega en vacaciones de invierno <span style=\"color: #339966;\"><strong>Misi\u00f3n Descubrir &#8211; Un viaje a lo desconocido<\/strong><\/span>, una actividad que invita a descubrir y a enfrentar nuevos desaf\u00edos en equipo.<\/p>\n<p>La experiencia consiste en introducirse en un video juego. Para cumplir con el objetivo de la misi\u00f3n el grupo de participantes deber\u00e1 disponerse a hacer un viaje espacial a lo desconocido atravesando una serie de desaf\u00edos. El ingreso al videojuego ser\u00e1 en turnos de 6 participantes y cada 15 minutos podr\u00e1 ingresar un nuevo grupo de participantes. Para completar la misi\u00f3n hay un total de 7 estaciones.<\/p>\n<p>D\u00edas y horario de la actividad:<\/p>\n<ul>\n<li>9 y 10 de Julio, de\u00a013 a 18 hs<\/li>\n<li>16 y 17 de Julio,\u00a0de\u00a013 a 18 hs<\/li>\n<li>23 y 24 de Julio, de\u00a013 a 18 hs<\/li>\n<li>30 y 31 de Julio, de\u00a013 a 18 hs<\/li>\n<\/ul>\n<p><strong><span style=\"color: #339966;\">Inscripciones:<\/span> <\/strong>a partir del mi\u00e9rcoles 07 de Julio links disponible. Todos los mi\u00e9rcoles comienza una nueva inscripci\u00f3n.<\/p>\n<p><strong><span style=\"color: #339966;\">Mercado Artesanal Tradicional Luisa Escudero<\/span><\/strong><\/p>\n<p>El arte sanjuanino m\u00e1s aut\u00f3ctono se exhibe en el Mercado Artesanal. Un lugar que invita a contemplar en detalle cada una de las producciones hechas a mano por los artesanos tradicionales sanjuaninos, las cuales se adquieren de sus autores y se muestran al p\u00fablico con posibilidad de compra. Est\u00e1 ubicado en calle Espa\u00f1a y Pedro Echague.<\/p>\n<p>D\u00edas de atenci\u00f3n: lunes a viernes de 9:00 a 18:00 y s\u00e1bados de 9:00 a 13:00<\/p>\n<p><strong><span style=\"color: #339966;\">Teatro Sarmiento<\/span><\/strong><\/p>\n<p>En el marco de los Espacios Compartidos, habr\u00e1 diferentes talleres de una hora de duraci\u00f3n. Dictados por el profesor Carlos Gallego (Tango), profe Sandra L\u00f3pez (Ritmos urbanos) Profe Mar\u00eda Victoria Martin (Exploraci\u00f3n creativa) Profe Noelia Zacar\u00edas (Escenograf\u00eda en movimiento) Profe Martin Castro (Percusi\u00f3n afroamericana) Profe Devora Cereceda y Tamara Tello (Danza africana) Profe Javier Conejero (Theater jazz) Profe Ana Paula Ayala (Bombo y boleadora) Profe Jos\u00e9 Andr\u00e9s Fern\u00e1ndez (Percusi\u00f3n africana) Profe Andrea Pereira (Danza teatro)<\/p>\n<p>D\u00edas y Horarios: lunes a viernes de 14 a 19.30 hs durante el mes de julio<\/p>\n<p><strong><span style=\"color: #339966;\">Bibliotecas populares<\/span><\/strong><\/p>\n<p><span style=\"color: #339966;\"><strong>\u201cEntre libros me divierto\u201d<\/strong><\/span><\/p>\n<p>Hay funci\u00f3n de t\u00edteres con la Mona Simona (adobe t\u00edteres) y Cuentacuentos con Pablo Montemurro<\/p>\n<p><span style=\"color: #339966;\"><strong>DIA HORARIO BIBLIOTECA POPULAR<\/strong><\/span><\/p>\n<p>05\/07\/2021 5:30 a 18:30 hs Mar\u00eda Auxiliadora<\/p>\n<p>06\/07\/2021 5:30 a 18:30 hs La Escalera<\/p>\n<p>07\/07\/2021 5:30 a 18:30 hs Emilio Garc\u00eda y Negrete<\/p>\n<p>08\/07\/2021 5:30 a 18:30 hs Col\u00f3n<\/p>\n<p>09\/07\/2021 5:30 a 18:30 hs Antonino Aberasta\u00edn<\/p>\n<p>12\/07\/2021 5:30 a 18:30 hs Juana Azurduy<\/p>\n<p>13\/07\/2021 5:30 a 18:30 hs Paula Albarrac\u00edn de Sarmiento<\/p>\n<p>14\/07\/2021 5:30 a 18:30 hs Miguel Beato Tejada<\/p>\n<p>15\/07\/2021 5:30 a 18:30 hs H\u00e9roes Indo Latinoamericanos<\/p>\n<p><strong><span style=\"color: #339966;\">M\u00e1s teatro<\/span><\/strong><\/p>\n<p>El Espacio Teatral TeS -T\u00edteres en Serio &#8211; con el apoyo del Ministerio de Turismo y Cultura y el Instituto Nacional del Teatro (INT), presenta un ciclo de espect\u00e1culos destinados a la infancia y adolescencia para compartir vivencias divertidas durante este receso invernal.<\/p>\n<p>La propuesta \u201cDiverti TeS en Invierno\u201d, sube a escena desde este 3 de julio consiete variadas obras de teatro y de t\u00edteres, llenas de momentos musicales. Comenzar\u00e1n a las 17 en el Espacio TeS, ubicado en Juan B. Justo 335 Sur, entre Ituzaing\u00f3 y Reconquista, Departamento Rivadavia.<\/p>\n<p><strong><span style=\"color: #339966;\">Para conocer la programaci\u00f3n en Documento Adjunto<\/span><\/strong><\/p>\n<p><a href=\"https:\/\/vocesparalelas.com.ar\/sitio\/wp-content\/uploads\/2021\/07\/SAN-JUAN-GUIA-ACTIVIDADES-DE-INVIERNO-2021.pdf\">SAN JUAN-GUIA ACTIVIDADES DE INVIERNO 2021<\/a><\/p>\n","protected":false},"excerpt":{"rendered":"<p>La agenda cultural para estas vacaciones de invierno viene cargada y con grandes propuestas que se extienden durante todo el<\/p>\n","protected":false},"author":3,"featured_media":1815,"comment_status":"closed","ping_status":"closed","sticky":false,"template":"","format":"standard","meta":{"_acf_changed":false,"_seopress_robots_primary_cat":"none","_seopress_titles_title":"","_seopress_titles_desc":"","_seopress_robots_index":"","colormag_page_container_layout":"default_layout","colormag_page_sidebar_layout":"default_layout","footnotes":""},"categories":[20],"tags":[],"class_list":["post-39366","post","type-post","status-publish","format-standard","has-post-thumbnail","hentry","category-cartelera"],"acf":[],"_links":{"self":[{"href":"https:\/\/vocesparalelas.com.ar\/sitio\/wp-json\/wp\/v2\/posts\/39366","targetHints":{"allow":["GET"]}}],"collection":[{"href":"https:\/\/vocesparalelas.com.ar\/sitio\/wp-json\/wp\/v2\/posts"}],"about":[{"href":"https:\/\/vocesparalelas.com.ar\/sitio\/wp-json\/wp\/v2\/types\/post"}],"author":[{"embeddable":true,"href":"https:\/\/vocesparalelas.com.ar\/sitio\/wp-json\/wp\/v2\/users\/3"}],"replies":[{"embeddable":true,"href":"https:\/\/vocesparalelas.com.ar\/sitio\/wp-json\/wp\/v2\/comments?post=39366"}],"version-history":[{"count":3,"href":"https:\/\/vocesparalelas.com.ar\/sitio\/wp-json\/wp\/v2\/posts\/39366\/revisions"}],"predecessor-version":[{"id":39385,"href":"https:\/\/vocesparalelas.com.ar\/sitio\/wp-json\/wp\/v2\/posts\/39366\/revisions\/39385"}],"wp:featuredmedia":[{"embeddable":true,"href":"https:\/\/vocesparalelas.com.ar\/sitio\/wp-json\/wp\/v2\/media\/1815"}],"wp:attachment":[{"href":"https:\/\/vocesparalelas.com.ar\/sitio\/wp-json\/wp\/v2\/media?parent=39366"}],"wp:term":[{"taxonomy":"category","embeddable":true,"href":"https:\/\/vocesparalelas.com.ar\/sitio\/wp-json\/wp\/v2\/categories?post=39366"},{"taxonomy":"post_tag","embeddable":true,"href":"https:\/\/vocesparalelas.com.ar\/sitio\/wp-json\/wp\/v2\/tags?post=39366"}],"curies":[{"name":"wp","href":"https:\/\/api.w.org\/{rel}","templated":true}]}}