{"id":39363,"date":"2021-07-02T21:06:16","date_gmt":"2021-07-03T00:06:16","guid":{"rendered":"http:\/\/vocesparalelas.com.ar\/sitio\/?p=39363"},"modified":"2021-07-02T21:06:16","modified_gmt":"2021-07-03T00:06:16","slug":"durante-el-fin-de-semana-continua-el-plan-de-vacunacion-en-san-juan","status":"publish","type":"post","link":"https:\/\/vocesparalelas.com.ar\/sitio\/durante-el-fin-de-semana-continua-el-plan-de-vacunacion-en-san-juan\/","title":{"rendered":"Durante el fin de semana contin\u00faa el Plan de Vacunaci\u00f3n en San Juan"},"content":{"rendered":"<p>Continuando con el cronograma establecido en el Plan Provincial de Vacunaci\u00f3n, el Ministerio de Salud Publica del Gobierno de San Juan dispone de los equipos para la colocaci\u00f3n de la vacuna contra el COVID-19.<\/p>\n<p>El operativo contin\u00faa en las sedes designadas en horario de 8 a 13. Las personas deben asistir con turno asignado.<\/p>\n<p><strong><span style=\"color: #ff0000;\">Centro de Vacunaci\u00f3n<\/span><\/strong><\/p>\n<p><strong><span style=\"color: #ff0000;\">S\u00e1bado, 3 de Julio<\/span><\/strong><\/p>\n<ul>\n<li>Estadio Aldo Cantoni<\/li>\n<li>AutoVac del Estadio del Bicentenario<\/li>\n<li>AutoVac del H\u00edper Libertad<\/li>\n<\/ul>\n<p><span style=\"color: #ff0000;\"><strong>Domingo, 4 de Julio<\/strong><\/span><\/p>\n<ul>\n<li>Teatro Kummel, en el departamento Rawson<\/li>\n<li>CUIM, en Rivadavia<\/li>\n<\/ul>\n<p>&nbsp;<\/p>\n","protected":false},"excerpt":{"rendered":"<p>Continuando con el cronograma establecido en el Plan Provincial de Vacunaci\u00f3n, el Ministerio de Salud Publica del Gobierno de San<\/p>\n","protected":false},"author":3,"featured_media":36768,"comment_status":"closed","ping_status":"closed","sticky":false,"template":"","format":"standard","meta":{"_acf_changed":false,"_seopress_robots_primary_cat":"none","_seopress_titles_title":"","_seopress_titles_desc":"","_seopress_robots_index":"","colormag_page_container_layout":"default_layout","colormag_page_sidebar_layout":"default_layout","footnotes":""},"categories":[1],"tags":[],"class_list":["post-39363","post","type-post","status-publish","format-standard","has-post-thumbnail","hentry","category-destacadas"],"acf":[],"_links":{"self":[{"href":"https:\/\/vocesparalelas.com.ar\/sitio\/wp-json\/wp\/v2\/posts\/39363","targetHints":{"allow":["GET"]}}],"collection":[{"href":"https:\/\/vocesparalelas.com.ar\/sitio\/wp-json\/wp\/v2\/posts"}],"about":[{"href":"https:\/\/vocesparalelas.com.ar\/sitio\/wp-json\/wp\/v2\/types\/post"}],"author":[{"embeddable":true,"href":"https:\/\/vocesparalelas.com.ar\/sitio\/wp-json\/wp\/v2\/users\/3"}],"replies":[{"embeddable":true,"href":"https:\/\/vocesparalelas.com.ar\/sitio\/wp-json\/wp\/v2\/comments?post=39363"}],"version-history":[{"count":1,"href":"https:\/\/vocesparalelas.com.ar\/sitio\/wp-json\/wp\/v2\/posts\/39363\/revisions"}],"predecessor-version":[{"id":39365,"href":"https:\/\/vocesparalelas.com.ar\/sitio\/wp-json\/wp\/v2\/posts\/39363\/revisions\/39365"}],"wp:featuredmedia":[{"embeddable":true,"href":"https:\/\/vocesparalelas.com.ar\/sitio\/wp-json\/wp\/v2\/media\/36768"}],"wp:attachment":[{"href":"https:\/\/vocesparalelas.com.ar\/sitio\/wp-json\/wp\/v2\/media?parent=39363"}],"wp:term":[{"taxonomy":"category","embeddable":true,"href":"https:\/\/vocesparalelas.com.ar\/sitio\/wp-json\/wp\/v2\/categories?post=39363"},{"taxonomy":"post_tag","embeddable":true,"href":"https:\/\/vocesparalelas.com.ar\/sitio\/wp-json\/wp\/v2\/tags?post=39363"}],"curies":[{"name":"wp","href":"https:\/\/api.w.org\/{rel}","templated":true}]}}