{"id":39358,"date":"2021-07-01T23:49:56","date_gmt":"2021-07-02T02:49:56","guid":{"rendered":"http:\/\/vocesparalelas.com.ar\/sitio\/?p=39358"},"modified":"2021-07-02T00:50:18","modified_gmt":"2021-07-02T03:50:18","slug":"se-aprobo-la-asistencia-financiera-para-la-obra-complejo-penitenciario","status":"publish","type":"post","link":"https:\/\/vocesparalelas.com.ar\/sitio\/se-aprobo-la-asistencia-financiera-para-la-obra-complejo-penitenciario\/","title":{"rendered":"Se aprob\u00f3 la asistencia financiera para la obra Complejo Penitenciario"},"content":{"rendered":"<div class=\"itemFullText jbintrotext\">\n<p>Consiste en la suma aproximada de mil novecientos veinte millones de pesos para la ejecuci\u00f3n de la primera etapa de la obra: \u00abServicio Penitenciario de San Juan \u2014 Complejo Penitenciario, departamento Ullum. Asimismo, el cuerpo legislativo otorg\u00f3 acuerdo a un convenio entre Cannabis Medicinal San Juan Sociedad del Estado \u00bb y el Ministerio de Obras y Servicios P\u00fablicos, para formalizar la cooperaci\u00f3n y asistencia rec\u00edproca necesaria de las partes intervinientes.<\/p>\n<\/div>\n<div class=\"itemFullText\">\n<p>Por otro lado, instituy\u00f3 el D\u00eda Provincial de la Tejedora, una iniciativa del diputado Enrique Monta\u00f1o. Adem\u00e1s, ratific\u00f3 diversos convenios, uno de ellos para el confronte de datos personales\u00a0 con el fin de validar identidad o verificar vigencia del Documento Nacional de Identidad; otro para organizar la asistencia psicol\u00f3gica pos Covid 19 a los integrantes del Foro de Abogados; otro acuerdo para articular acciones en busca de lograr la integraci\u00f3n y reinserci\u00f3n laboral de los internos del penal; y por \u00faltimo, un convenio para incrementar la cobertura de servicios p\u00fablicos dirigidos a la promoci\u00f3n del desarrollo de las habilidades f\u00edsicas, de lenguaje y comunicaci\u00f3n, cognitivas y socioemocionales de ni\u00f1os de O a 5 a\u00f1os, y acrecentar la cobertura escolar en educaci\u00f3n inicial con criterios de calidad para ni\u00f1os de 3 a 5 a\u00f1os.<\/p>\n<p>Adem\u00e1s, adhiri\u00f3 a las nuevas medidas generales de prevenci\u00f3n COVID-19. Asimismo, declar\u00f3 de inter\u00e9s la\u00a0 construcci\u00f3n de la ruta que unir\u00e1 el departamento Valle F\u00e9rtil con la Ciudad Capital de San Juan, pasando en su recorrido por el departamento Angaco. Este proyecto de resoluci\u00f3n fue presentado por los diputados Marcelo Mallea, Miguel S\u00e1nchez y Silvio Atencio.<\/p>\n<p>Posteriormente, la C\u00e1mara otorg\u00f3 acuerdo a dos proyectos de comunicaci\u00f3n. Uno autor\u00eda del diputado Juan Carlos Abarca que solicita instalaci\u00f3n de una delegaci\u00f3n en el departamento Albard\u00f3n; y el otro, de autor\u00eda del legislador Jorge Barifusa, que requiere al organismo pertinente los recursos necesarios para la \u00abReconstrucci\u00f3n de la Ruta Nacional 40. Tramo: Campo Afuera, departamento Albard\u00f3n \u2014 Intersecci\u00f3n con Ruta 150, localidad San Roque, departamento J\u00e1chal\u201d.<\/p>\n<p>Cabe se\u00f1alar que esta s\u00e9ptima sesi\u00f3n del periodo ordinario estuvo conducida de forma alternada por el vicegobernador Roberto Gattoni y el vicepresidente primero, diputado Eduardo Cabello. Acompa\u00f1aron los secretarios Legislativo, Nicol\u00e1s Alvo, y Administrativo, Roberto Gattoni.<\/p>\n<p><span style=\"color: #800080;\"><strong>Asistencia financiera para la obra Complejo Penitenciario<\/strong><\/span><\/p>\n<p>La C\u00e1mara aprob\u00f3 el convenio de cooperaci\u00f3n y financiaci\u00f3n para la ejecuci\u00f3n de la obra: \u00abServicio Penitenciario de San Juan 1\u00b0 Etapa\u00bb \u2014 Complejo Penitenciario Dpto. Ullum, suscripto entre la Secretar\u00eda de Obras P\u00fablicas del Ministerio de Obras P\u00fablicas de la Naci\u00f3n y la Provincia de San Juan. Este punto del orden del d\u00eda fue fundamentado por el diputado Juan Carlos Abarca.<\/p>\n<p>Durante la presentaci\u00f3n el legislador\u00a0 manifest\u00f3 que este acuerdo tiene por objeto la asistencia financiera, por parte de la Secretar\u00eda a la Provincia, para la ejecuci\u00f3n de la obra mencionada. El monto total asciende a la suma de pesos mil novecientos diecinueve millones ochocientos veintis\u00e9is mil cientos dieciocho con noventa y siete centavos ($ 1.919.826.118,97), el que se depositar\u00e1 en una cuenta bancaria en el Banco de la Naci\u00f3n Argentina, habilitada a estos fines.<\/p>\n<p><span style=\"color: #800080;\"><strong>Convenio con Cannabis Medicinal San Juan Sociedad del Estado<\/strong><\/span><\/p>\n<p>Tras los fundamentos brindados por el diputado Jorge Barifusa, el cuerpo legislativo ratific\u00f3 el convenio marco celebrado el 11 de diciembre del 2020, entre Cannabis Medicinal San Juan Sociedad del Estado \u00abCa.Me. San Juan S.E.\u00bb, y el Ministerio de Obras y Servicios P\u00fablicos.<\/p>\n<p>Durante su alocuci\u00f3n, el legislador explic\u00f3 que el objetivo de este acuerdo es formalizar la cooperaci\u00f3n y asistencia rec\u00edproca necesaria de las partes intervinientes, en todas las obras que se ejecuten, conforme a la Ley de Obras p\u00fablicas N\u00b0 128-A y dem\u00e1s normativas vigentes.<\/p>\n<p>Por otro lado record\u00f3 que la Ca.Me. San Juan S.E., como Sociedad creada por el Gobierno de San Juan, mediante la Ley Provincial N\u00b0 1951-A en su art. 3, inc. 2), tiene por objeto realizar todo lo conducente a cultivo del cannabis y sus derivados, con prop\u00f3sitos cient\u00edficos, medicinales y\/o terap\u00e9uticos, promoviendo mediante esta actividad, desarrollar el esfuerzo productivo; incrementando la riqueza provincial. En este sentido, el Ministerio de Obras y Servicios P\u00fablicos, tiene la facultad de evaluar, coordinar y realizar seguimiento de las obras que Ca.Me. San Juan S.E. sea parte, la que intervendr\u00e1 necesariamente como \u00f3rgano asesor t\u00e9cnico en dichos procedimientos.<\/p>\n<p><span style=\"color: #800080;\"><strong>Convenio con RENAPER<\/strong><\/span><\/p>\n<p>Tambi\u00e9n, la C\u00e1mara ratific\u00f3 un convenio \u00fanico firmado el 10 de noviembre de 2020 entre el Registro Nacional de las Personas (RENAPER) y el gobierno de la provincia de San Juan. En la ocasi\u00f3n, la legisladora Marcela Monti fue la encargada de presentar la ley ante el recinto.<\/p>\n<p>Durante su explicaci\u00f3n, sostuvo que este acuerdo tiene por finalidad el confronte de datos personales\u00a0 para la prestaci\u00f3n de servicios de validaci\u00f3n de la identidad de personas, con el fin de validar identidad o verificar vigencia del Documento Nacional de Identidad de los individuos. De acuerdo a lo establecido en el art\u00edculo 11 inciso 1 de la Ley Nacional N\u00b0 25.326, la Provincia acredita el inter\u00e9s leg\u00edtimo al momento de cumplimentar con la finalidad del Convenio, en consumir desde la plataforma de \u00abGobierno Digital\u00bb (CIDI), aprobada por Decreto Provincial N\u00b0 1461-MHF-2019, los servicios de \u00abAutenticaci\u00f3n y vigencia de DNI\u00bb, \u00abVerificaci\u00f3n de identidad por medio de fotograf\u00edas de Rostros\u00bb, y \u00abServicios de datos b\u00e1sicos del DNI\u00bb, provistos por RENAPER.<\/p>\n<p><span style=\"color: #800080;\"><strong>Intercambio de programas\u00a0 y capacitaciones entre Salud P\u00fablica y el Foro de Abogados<\/strong><\/span><\/p>\n<p>Luego, la diputada Graciela Seva expuso los argumentos de este convenio de asistencia y cooperaci\u00f3n, suscripto el 19 de febrero de 2021, entre el Ministerio de Salud P\u00fablica y el Foro de Abogados de San Juan.<\/p>\n<p>El asunto result\u00f3 aprobado por la C\u00e1mara y tiene como objetivo brindar colaboraci\u00f3n y cooperaci\u00f3n mutua para lograr la factibilidad, viabilidad y sustentabilidad de las pol\u00edticas de salud desarrollando una estrecha relaci\u00f3n de intercambio de programas, capacitaciones, acciones, conocimientos, experiencias y capacidades para cumplir con una plena pol\u00edtica de salud en la comunidad.<\/p>\n<p>En este sentido, la diputada Seva se\u00f1al\u00f3 que ambas partes se comprometen en forma conjunta a trabajar y organizar la asistencia psicol\u00f3gica pos Covid 19 a los abogados,\u00a0 que como consecuencia de la pandemia se observan complicaciones en la salud mental de la poblaci\u00f3n. Para ello, se podr\u00e1 utilizar asistencia en modalidad virtual y presencial, entre otras. Y los destinatarios\/as ser\u00e1n los profesionales integrantes del citado Foro y su grupo familiar.<\/p>\n<p><span style=\"color: #800080;\"><strong>Reinserci\u00f3n laboral de los internos del penal<\/strong><\/span><\/p>\n<p>Por otro lado, los legisladores y las legisladoras aprobaron el Convenio Marco de Asistencia y Cooperaci\u00f3n mutua entre la Secretar\u00eda de Estado de Seguridad y Orden P\u00fablico; el Servicio Penitenciario Provincial, y la Asociaci\u00f3n Fe y Alegr\u00eda, suscripto el 6 de diciembre del a\u00f1o 2019.<\/p>\n<p>En esta oportunidad habl\u00f3 la diputada Celina Ramella como miembro informante y se\u00f1al\u00f3 que el citado acuerdo tiene como finalidad trabajar mancomunadamente, articulando acciones en busca de lograr la integraci\u00f3n y reinserci\u00f3n laboral de los internos, dentro de las distintas unidades penitenciarias de la Provincia de San Juan, y de los que recuperan la libertad.<\/p>\n<p>En tal sentido, indic\u00f3 que el Ministerio de Gobierno y el Servicio Penitenciario de San Juan se comprometen a incentivar y colaborar con la reinserci\u00f3n de los internos que recuperen la libertad, a trav\u00e9s de su formaci\u00f3n y capacitaci\u00f3n integral en conjunto con distintos entes gubernamentales y privados. Como as\u00ed tambi\u00e9n incentivar la capacitaci\u00f3n de los internos dentro del Servicio Penitenciario Provincial, para concretar oportunidades de empleos.<\/p>\n<p>Asimismo, sostuvo que la Asociaci\u00f3n Fe y Alegr\u00eda se compromete a colaborar con el aporte de recursos destinados al cumplimiento de sus objetivos, en especial la creaci\u00f3n de un Centro de Formaci\u00f3n T\u00e9cnico Profesional subvencionado por el Estado Provincial, donde se llevar\u00e1 adelante este programa en beneficio de los internos y miembros del Servicio Penitenciario Provincial, quienes tendr\u00e1n el uso y goce de dichas instalaciones, junto a la Asociaci\u00f3n.<\/p>\n<p><span style=\"color: #800080;\"><strong>Adhesi\u00f3n al Plan Nacional de Primera Infancia<\/strong><\/span><\/p>\n<p>M\u00e1s tarde, la diputada Fernanda Paredes fundament\u00f3 el convenio de adhesi\u00f3n para la ejecuci\u00f3n del \u00abPrograma de Apoyo al Plan Nacional de Primera Infancia y a la Pol\u00edtica de Universalizaci\u00f3n de la Educaci\u00f3n Inicial\u00bb (PRINI I), Componente II \u2014 \u00abMejoramiento del desempe\u00f1o del sistema educativo en la educaci\u00f3n inicial\u00bb firmado entre el Ministerio de Educaci\u00f3n de la Naci\u00f3n y Ministerio de Educaci\u00f3n de la Provincia de San Juan. El asunto fue aprobado por el cuerpo.<\/p>\n<p>Luego la legisladora se\u00f1al\u00f3 que el \u00a0objetivo de este programa consiste en incrementar la cobertura de servicios p\u00fablicos dirigidos a la promoci\u00f3n del desarrollo de las habilidades f\u00edsicas, de lenguaje y comunicaci\u00f3n, cognitivas y socioemocionales de ni\u00f1os de O a 5 a\u00f1os, que cumplen con criterios de calidad.<\/p>\n<p>Por otra parte, expuso que el Componente II, de mejoramiento del desempe\u00f1o del sistema educativo en la educaci\u00f3n inicial, tiene por objetivo incrementar la cobertura escolar en educaci\u00f3n inicial con criterios de calidad para ni\u00f1os de 3 a 5 a\u00f1os priorizando a los que viven en zonas vulnerables, de acuerdo con el criterio de NBI (necesidades b\u00e1sicas insatisfechas).<\/p>\n<p><span style=\"color: #800080;\"><strong>Instituir el d\u00eda provincial de la Tejedora<\/strong><\/span><\/p>\n<p>Despu\u00e9s, el cuerpo parlamentario otorg\u00f3 acuerdo a un proyecto de Ley presentado por el diputado Enrique Monta\u00f1o que propone instituir en la provincia de San Juan el d\u00eda 27 de junio de cada a\u00f1o como \u00abD\u00eda Provincial de la Tejedora\u00bb en alusi\u00f3n al natalicio de Do\u00f1a Paula Albarrac\u00edn de Sarmiento.<\/p>\n<p>En su exposici\u00f3n, el legislador se\u00f1al\u00f3 que la autoridad de aplicaci\u00f3n es el Ministerio de Desarrollo Humano y Promoci\u00f3n Social o el organismo que en el futuro lo reemplace, qui\u00e9n realizar\u00e1 actividades culturales y tur\u00edsticas que promocionen\u00a0 y promuevan el oficio.<\/p>\n<p>Asimismo, record\u00f3 a la madre del maestro de Am\u00e9rica, y dijo que \u201ces un ejemplo de mujer emprendedora y tenaz que sac\u00f3 a su familia adelante con su gran capacidad de trabajo y su habilidad en el telar. Toda su vida tejiendo, fue la fuente principal de los ingresos familiares. Su lucha y fortaleza contra los contratiempos de la vida, representa a las mujeres de hoy que hacen frente a las adversidades del mundo actual\u201d.<\/p>\n<p>Posteriormente, el diputado Monta\u00f1o hizo referencia a dos destacadas tejedoras, In\u00e9s Vedia y Ermela Balmaceda, quienes con sus tejidos artesanales realizados en distintos tipos de lanas (vicu\u00f1a, oveja, guanaco y llamas), las llevaron a participar en distintos eventos a nivel Provincial, Nacional e Internacional. \u201cSus obras le permitieron conocer y exponer en distintos puntos del pa\u00eds. Por su larga trayectoria, ambas han sido premiadas a Nivel Nacional en el Predio de la Sociedad Rural Argentina. La se\u00f1ora Vedia Santos In\u00e9s fue galardonada con Medalla de Oro y por su parte, la se\u00f1ora Ermela Balmaceda obtuvo el Primer Puesto con la colcha de flores tejida de al telar que present\u00f3\u201d expres\u00f3 el parlamentario.<\/p>\n<p><span style=\"color: #800080;\"><strong>Adhesi\u00f3n a medidas generales de prevenci\u00f3n COVID-19<\/strong><\/span><\/p>\n<p>Por otro lado, los legisladores y legisladoras trataron sobre tablas y aprobaron la comunicaci\u00f3n oficial remitida por el Poder Ejecutivo, mediante Mensaje N\u00ba 69 en la que da cuenta de la Ley de Necesidad y Urgencia N\u00ba 2259-P por la que la provincia de San Juan adhiere en todo su territorio, al DECNU 2021-411-APN-PTE. El diputado Gustavo Rodr\u00edguez fue el encargado de explicar los fundamentos de este asunto.<\/p>\n<p><span style=\"color: #800080;\"><strong>Renuncia al cargo de Jueza de Paz Letrada<\/strong><\/span><\/p>\n<p>Tambi\u00e9n, el cuerpo aprob\u00f3 sobre tablas la nota de renuncia definitiva al cargo de Jueza de Paz Letrada, presentada por la Dra. Silvia Beatriz Rodriguez, D.N.I. N\u00b0 12.568.396, conforme lo previsto en el art\u00edculo 22\u00b0 del Acuerdo General N\u00b0 24\/98 de la Corte de Justicia y lo dispuesto por Acta Complementaria del Convenio de Transferencia del Sistema de Previsi\u00f3n Social de la Provincia de San Juan Ley 24.018 modificada por Ley 27.546. Sobre este asunto, habl\u00f3 la diputada Marcela Monti.<\/p>\n<p><span style=\"color: #800080;\"><strong>Proyectos de Resoluci\u00f3n<\/strong><\/span><\/p>\n<p>Posteriormente, el cuerpo legislativo otorg\u00f3 acuerdo al siguiente proyecto de resoluci\u00f3n que propone declarar de inter\u00e9s:<\/p>\n<ul>\n<li>Tur\u00edstico, Productivo, Econ\u00f3mico, Industrial, Ganadero, Agr\u00edcola y Demogr\u00e1fico el proyecto y construcci\u00f3n de la ruta que unir\u00e1 con una traza de 180 km el departamento de Valle F\u00e9rtil con la Ciudad Capital de San Juan, pasando en su recorrido por el departamento de Angaco. (Interbloque: diputados Marcelo Mallea y Miguel S\u00e1nchez del bloque Del Este y Silvio Atencio del bloque Justicialista)<\/li>\n<\/ul>\n<p><span style=\"color: #800080;\"><strong>Proyectos de Comunicaci\u00f3n<\/strong><\/span><\/p>\n<p>M\u00e1s tarde, el cuerpo legislativo aprob\u00f3 los siguientes proyectos de comunicaci\u00f3n que solicitan al Poder Ejecutivo que:<\/p>\n<ul>\n<li>Gestione a trav\u00e9s de las autoridades de la Administraci\u00f3n Nacional de Seguridad Social (ANSES), Sucursal San Juan, se arbitren las medidas necesarias para la instalaci\u00f3n de una delegaci\u00f3n en el Departamento de Albard\u00f3n (diputado Juan Carlos Abarca).<\/li>\n<li>Arbitre, por intermedio del organismo que corresponda,\u00a0 los recursos necesarios para la \u00abReconstrucci\u00f3n de la Ruta Nacional 40. Tramo: Campo Afuera, departamento Albard\u00f3n \u2014 Intersecci\u00f3n con Ruta 150, localidad San Roque, departamento J\u00e1chal\u201d. (diputado Jorge Barifusa)<\/li>\n<\/ul>\n<p><span style=\"color: #800080;\"><strong>Saludos especiales<\/strong><\/span><\/p>\n<p>Antes de finalizar la sesi\u00f3n, el diputado Juan Carlos Abarca solicit\u00f3 la palabra para recordar que el d\u00eda 1 de julio tiene lugar la conmemoraci\u00f3n de cuarenta y siete a\u00f1os del aniversario de la muerte del general Per\u00f3n. \u201cFue tres veces presidente de la Naci\u00f3n. Una persona que cre\u00f3 un movimiento que hasta la fecha est\u00e1 m\u00e1s que vigente, cuando escuchamos las palabras de \u00e9l parece que estuviera hablando en la actualidad. Per\u00f3n siempre hablaba de la felicidad del pueblo y la grandeza de la patria. Es por eso que he tra\u00eddo a la memoria en este d\u00eda porque creo que hoy m\u00e1s que nunca necesitamos la felicidad del pueblo y tambi\u00e9n la grandeza de la patria. Tambi\u00e9n viene un d\u00eda muy conmemorable como va ser el 9 de julio\u201d, expres\u00f3 el legislador.<\/p>\n<p>Luego, el parlamentario Juan Carlos Gioja manifest\u00f3 que \u201cen consonancia con lo planteado por el presidente del bloque Justicialista hacemos nuestro sentido homenaje a un hombre que eligi\u00f3 nuestro pueblo argentino para llevar adelante un proceso de cambio y la incorporaci\u00f3n de los sectores del trabajo, de los sectores de la mujer a la vida pol\u00edtica de la Argentina. En este sentido, esta conmemoraci\u00f3n constituye un compromiso y pasos a seguir para trabajar en lo que le hacer falta al pa\u00eds para cumplir con los preceptos pol\u00edticos del general Per\u00f3n. Si hay algo importante que Per\u00f3n le deja a la Argentina, es haber sido capaz de darle una ideolog\u00eda, una concepci\u00f3n pol\u00edtica que antes no la ten\u00eda, le dio una doctrina nacional y popular al pa\u00eds que no pose\u00eda. El elige dos sectores de la sociedad para poner en marcha este movimiento, que son los trabajadores y las mujeres\u201d.<\/p>\n<p>A continuaci\u00f3n, el vicepresidente primero de la C\u00e1mara, legislador Eduardo Cabello, declar\u00f3 que \u201cdesde donde vengo no puedo no hablar de palabras. Me quedo con un acto tremendo que hicieron dos hombres en la Rep\u00fablica Argentina, que creo que es lo que est\u00e1 faltando hoy a la Patria: la unidad y el di\u00e1logo y que los postulados de esta gente tan importante que hizo que esta patria fuera grande lo volvamos a poner de manifiesto. Ese gran abrazo entre Per\u00f3n y Balb\u00edn cerr\u00f3 una gran grieta. Esperemos que como argentinos podamos tener la capacidad de poder hacerlo ahora\u201d.<\/p>\n<p>Posteriormente, el diputado Cabello emiti\u00f3 un saludo para todos los arquitectos en su d\u00eda, especialmente para el parlamentario Jorge Barifusa.<\/p>\n<p>Y por \u00faltimo, expres\u00f3 un afectuoso saludo para todos los trabajadores y trabajadoras de la C\u00e1mara de Diputados por celebrarse este 6 de julio el \u201cD\u00eda del empleado Legislativo\u201d.<\/p>\n<\/div>\n","protected":false},"excerpt":{"rendered":"<p>Consiste en la suma aproximada de mil novecientos veinte millones de pesos para la ejecuci\u00f3n de la primera etapa de<\/p>\n","protected":false},"author":3,"featured_media":39360,"comment_status":"closed","ping_status":"closed","sticky":false,"template":"","format":"standard","meta":{"_acf_changed":false,"_seopress_robots_primary_cat":"none","_seopress_titles_title":"","_seopress_titles_desc":"","_seopress_robots_index":"","colormag_page_container_layout":"default_layout","colormag_page_sidebar_layout":"default_layout","footnotes":""},"categories":[1],"tags":[],"class_list":["post-39358","post","type-post","status-publish","format-standard","has-post-thumbnail","hentry","category-destacadas"],"acf":[],"_links":{"self":[{"href":"https:\/\/vocesparalelas.com.ar\/sitio\/wp-json\/wp\/v2\/posts\/39358","targetHints":{"allow":["GET"]}}],"collection":[{"href":"https:\/\/vocesparalelas.com.ar\/sitio\/wp-json\/wp\/v2\/posts"}],"about":[{"href":"https:\/\/vocesparalelas.com.ar\/sitio\/wp-json\/wp\/v2\/types\/post"}],"author":[{"embeddable":true,"href":"https:\/\/vocesparalelas.com.ar\/sitio\/wp-json\/wp\/v2\/users\/3"}],"replies":[{"embeddable":true,"href":"https:\/\/vocesparalelas.com.ar\/sitio\/wp-json\/wp\/v2\/comments?post=39358"}],"version-history":[{"count":1,"href":"https:\/\/vocesparalelas.com.ar\/sitio\/wp-json\/wp\/v2\/posts\/39358\/revisions"}],"predecessor-version":[{"id":39361,"href":"https:\/\/vocesparalelas.com.ar\/sitio\/wp-json\/wp\/v2\/posts\/39358\/revisions\/39361"}],"wp:featuredmedia":[{"embeddable":true,"href":"https:\/\/vocesparalelas.com.ar\/sitio\/wp-json\/wp\/v2\/media\/39360"}],"wp:attachment":[{"href":"https:\/\/vocesparalelas.com.ar\/sitio\/wp-json\/wp\/v2\/media?parent=39358"}],"wp:term":[{"taxonomy":"category","embeddable":true,"href":"https:\/\/vocesparalelas.com.ar\/sitio\/wp-json\/wp\/v2\/categories?post=39358"},{"taxonomy":"post_tag","embeddable":true,"href":"https:\/\/vocesparalelas.com.ar\/sitio\/wp-json\/wp\/v2\/tags?post=39358"}],"curies":[{"name":"wp","href":"https:\/\/api.w.org\/{rel}","templated":true}]}}