{"id":39195,"date":"2021-06-28T17:23:56","date_gmt":"2021-06-28T20:23:56","guid":{"rendered":"http:\/\/vocesparalelas.com.ar\/sitio\/?p=39195"},"modified":"2021-06-29T19:50:10","modified_gmt":"2021-06-29T22:50:10","slug":"feliz-dia-del-arquitecto-el-1-de-julio","status":"publish","type":"post","link":"https:\/\/vocesparalelas.com.ar\/sitio\/feliz-dia-del-arquitecto-el-1-de-julio\/","title":{"rendered":"\u00abFeliz D\u00eda del Arquitecto\u00bb el 1 de Julio"},"content":{"rendered":"<p>El Presidente del Colegio de Arquitectos de San Juan, Arq. Mario Flumiani, quien expres\u00f3 el saludo a los arquitectos que es el Jueves, 1 de Julio y caracteriz\u00f3 a la profesi\u00f3n en \u00e9poca de pandemia COVID-19 con un festejo diferente.<\/p>\n<figure id=\"attachment_39200\" aria-describedby=\"caption-attachment-39200\" style=\"width: 800px\" class=\"wp-caption alignnone\"><img loading=\"lazy\" decoding=\"async\" class=\"wp-image-39200 size-full\" src=\"https:\/\/vocesparalelas.com.ar\/sitio\/wp-content\/uploads\/2021\/06\/ARQ-MARIO-02.jpg\" alt=\"\" width=\"800\" height=\"533\" srcset=\"https:\/\/vocesparalelas.com.ar\/sitio\/wp-content\/uploads\/2021\/06\/ARQ-MARIO-02.jpg 800w, https:\/\/vocesparalelas.com.ar\/sitio\/wp-content\/uploads\/2021\/06\/ARQ-MARIO-02-300x200.jpg 300w, https:\/\/vocesparalelas.com.ar\/sitio\/wp-content\/uploads\/2021\/06\/ARQ-MARIO-02-768x512.jpg 768w\" sizes=\"auto, (max-width: 800px) 100vw, 800px\" \/><figcaption id=\"caption-attachment-39200\" class=\"wp-caption-text\">Presidente del Colegio de Arquitectos de San Juan, Arq. Mario Flumiani<\/figcaption><\/figure>\n<p>&nbsp;<\/p>\n<p><iframe loading=\"lazy\" title=\"CASJ ARQ. MARIO\" width=\"800\" height=\"450\" src=\"https:\/\/www.youtube.com\/embed\/m97GXYUguuE?feature=oembed\" frameborder=\"0\" allow=\"accelerometer; autoplay; clipboard-write; encrypted-media; gyroscope; picture-in-picture\" allowfullscreen><\/iframe><\/p>\n<p>&nbsp;<\/p>\n<p>&nbsp;<\/p>\n<p>&nbsp;<\/p>\n<p>&nbsp;<\/p>\n<p>&nbsp;<\/p>\n","protected":false},"excerpt":{"rendered":"<p>El Presidente del Colegio de Arquitectos de San Juan, Arq. Mario Flumiani, quien expres\u00f3 el saludo a los arquitectos que<\/p>\n","protected":false},"author":3,"featured_media":39199,"comment_status":"closed","ping_status":"closed","sticky":false,"template":"","format":"video","meta":{"_acf_changed":false,"_seopress_robots_primary_cat":"none","_seopress_titles_title":"","_seopress_titles_desc":"","_seopress_robots_index":"","colormag_page_container_layout":"default_layout","colormag_page_sidebar_layout":"default_layout","footnotes":""},"categories":[10,7],"tags":[],"class_list":["post-39195","post","type-post","status-publish","format-video","has-post-thumbnail","hentry","category-opiniones","category-videos","post_format-post-format-video"],"acf":[],"_links":{"self":[{"href":"https:\/\/vocesparalelas.com.ar\/sitio\/wp-json\/wp\/v2\/posts\/39195","targetHints":{"allow":["GET"]}}],"collection":[{"href":"https:\/\/vocesparalelas.com.ar\/sitio\/wp-json\/wp\/v2\/posts"}],"about":[{"href":"https:\/\/vocesparalelas.com.ar\/sitio\/wp-json\/wp\/v2\/types\/post"}],"author":[{"embeddable":true,"href":"https:\/\/vocesparalelas.com.ar\/sitio\/wp-json\/wp\/v2\/users\/3"}],"replies":[{"embeddable":true,"href":"https:\/\/vocesparalelas.com.ar\/sitio\/wp-json\/wp\/v2\/comments?post=39195"}],"version-history":[{"count":1,"href":"https:\/\/vocesparalelas.com.ar\/sitio\/wp-json\/wp\/v2\/posts\/39195\/revisions"}],"predecessor-version":[{"id":39201,"href":"https:\/\/vocesparalelas.com.ar\/sitio\/wp-json\/wp\/v2\/posts\/39195\/revisions\/39201"}],"wp:featuredmedia":[{"embeddable":true,"href":"https:\/\/vocesparalelas.com.ar\/sitio\/wp-json\/wp\/v2\/media\/39199"}],"wp:attachment":[{"href":"https:\/\/vocesparalelas.com.ar\/sitio\/wp-json\/wp\/v2\/media?parent=39195"}],"wp:term":[{"taxonomy":"category","embeddable":true,"href":"https:\/\/vocesparalelas.com.ar\/sitio\/wp-json\/wp\/v2\/categories?post=39195"},{"taxonomy":"post_tag","embeddable":true,"href":"https:\/\/vocesparalelas.com.ar\/sitio\/wp-json\/wp\/v2\/tags?post=39195"}],"curies":[{"name":"wp","href":"https:\/\/api.w.org\/{rel}","templated":true}]}}