{"id":39188,"date":"2021-06-28T22:42:27","date_gmt":"2021-06-29T01:42:27","guid":{"rendered":"http:\/\/vocesparalelas.com.ar\/sitio\/?p=39188"},"modified":"2021-06-29T01:42:04","modified_gmt":"2021-06-29T04:42:04","slug":"tadeo-berenguer-analia-ponce-a-un-paso-del-rectorado-de-la-unsj","status":"publish","type":"post","link":"https:\/\/vocesparalelas.com.ar\/sitio\/tadeo-berenguer-analia-ponce-a-un-paso-del-rectorado-de-la-unsj\/","title":{"rendered":"Tadeo Berenguer &#8211; Anal\u00eda Ponce a un paso del Rectorado de la UNSJ"},"content":{"rendered":"<p>Lic. Prof. Fernando A. Ocampo Bravo<\/p>\n<p>Los candidatos, Ing. Berenguer y la Dra. Ponce. Se postulan para ocupar el cargo del Rectorado de la UNSJ.Para el periodo 2021-2025. Este 01 de Julio se define todo.<\/p>\n<p>Al candidato Berenguer, lo han tratado hasta de \u201ctramposo\u201d, en estas elecciones Universitarias, seg\u00fan sus detractores por estar a la sombra de la muerte de M\u00f3nica Coca, quien muri\u00f3 el\u00a0 07 de diciembre del 2020 v\u00edctima de coronavirus. Entendemos que es la misma Esp. Coca, quien lo convoco a ser su Vice y nunca se auto convoco, ni proclam\u00f3 para nada, \u00e9l quer\u00eda jubilar de Decano y Profesor de la UNSJ, pero las circunstancias lo hicieron tomar esta decisi\u00f3n en diciembre del a\u00f1o pasado\u201d, nos coment\u00f3.<\/p>\n<p>El Ingeniero, se\u00f1al\u00f3 lo siguiente: \u201cEl espacio Vamos UNSJ, estaba muy firme por la presencia de M\u00f3nica Coca. Ella llevaba mucho tiempo trabajando en esta estructura. Yo acept\u00e9 acompa\u00f1arla. Era la persona que la universidad necesita. Por su impronta, su proyecto, su presencia, no solo por el g\u00e9nero. M\u00f3nica ten\u00eda una visi\u00f3n extraordinaria de las problem\u00e1ticas de la nueva inserci\u00f3n de la universidad en estos nuevos tiempos que se vienen\u201d.<\/p>\n<p>Dejo entrever Berenguer: \u201cQue es muy importante una formula con equidad de g\u00e9nero\u201d, siempre lo ha mantenido de ese modo, el trabajar por la candidatura al Rectorado con la Dra. Analia Ponce, es un hecho real y est\u00e1n a un paso de cumplir con esa meta este presente jueves. Las ideas y frases, c\u00e9lebres en entrevistas a los medios, de esta f\u00f3rmula son:<\/p>\n<ul>\n<li>Tiene que ver una renovaci\u00f3n de la clase dirigente dentro de la universidad<\/li>\n<li>Hay estructuras en todas las unidades acad\u00e9micas.<\/li>\n<li>Es importante una mayor articulaci\u00f3n entre la casa de altos estudios y los gobiernos municipales, provinciales y nacional.<\/li>\n<li>Las clases virtuales, si bien hay algunas carreras en las que es fundamental la presencialidad, la virtualidad lleg\u00f3 para quedarse.Esto va a ser una gran apertura para sociabilizar la universidad, ampliar la territorialidad a espacios de gente que no pueden acceder.<\/li>\n<li>La herramienta que brindamos para cumplir con este objetivo es el t\u00edtulo profesional que se obtiene luego de la formaci\u00f3n de excelencia que deben garantizar las universidades nacionales.<\/li>\n<li>Desde la funci\u00f3n de rector y vicerrectora, haremos peri\u00f3dicas rendiciones de cuentas en las que mostraremos a la comunidad universitaria los avances de los proyectos, las dificultades de la ejecuci\u00f3n y los resultados de su gesti\u00f3n.<\/li>\n<li>Una tarea que no debe cesar nunca, es la de repensar siempre nuestra contribuci\u00f3n para el desarrollo de sociedades m\u00e1s igualitarias a partir de las y los profesionales que formamos y de los conocimientos que producimos.<\/li>\n<\/ul>\n<p>En las elecciones de la Universidad Nacional de San Juan,entr\u00f3 a definirse en tierra derecha por el balotaje, que ser\u00e1 este jueves 01 de Julio del a\u00f1o en curso,el balotaje era sabido, al presentarse 5 formulas era poco predecible que un solo candidato, tuviera la mitad m\u00e1s uno de los votos.<\/p>\n<p>La f\u00f3rmula Berenguer-Ponce, saco 6 puntos de diferencia con 32,41%, m\u00e1s que su contender siguiente, que sali\u00f3 segundo. Ahora deber\u00e1n trabajar fuerte, en conversar con los participantes de las listas que no continuar\u00e1n, para ver las ideas fuertes que tienen estos candidatos, el de aglutinarlos en una solo idea, el de\u00a0marcar la diferencia\u00a0en la gesti\u00f3n Universitaria. Tienen el apoyo de dos Decanos elegidos en comicios el jueves pasado, son; Rodolfo Bloch de Exactas y Mario Fern\u00e1ndez de Ingenier\u00eda, m\u00e1s el respaldo de agrupaciones estudiantiles de la UNSJ.<\/p>\n<p>Se ve que detr\u00e1s de estos dos candidatos, hay mucha gente pensante e instruida, asesores de lujo, se nota que hay un equipo de trabajo muy robusto en lo pol\u00edtico-administrativo. El equipo vamos UNSJ, es un grupo compuesto; por todas las edades, ideas pol\u00edticas, religiones, profesiones y estamentos universitarios entre ellos: estudiantes, docentes, no docentes y egresados. Todos los estamentos sociales convergen en este gran universo Universitario, apoya y nos damos cuenta a esta f\u00f3rmula que al final de cuentas, saldr\u00e1 ganadora por seguro y el Ing. Tadeo Berenguer y su compa\u00f1era de f\u00f3rmula la Dra. Ponce,se sentar\u00e1n en el sill\u00f3n de calle mitre el 15 de julio del presente a\u00f1o, cuando ser\u00eda la asunci\u00f3n al cargo de Rector y Vicerrectora de la Universidad Nacional de San Juan. Sin duda veremos la diferencia y la nueva Universidad para todos.<\/p>\n<p>&nbsp;<\/p>\n<p>&nbsp;<\/p>\n<p>&nbsp;<\/p>\n","protected":false},"excerpt":{"rendered":"<p>Lic. Prof. Fernando A. Ocampo Bravo Los candidatos, Ing. Berenguer y la Dra. Ponce. Se postulan para ocupar el cargo<\/p>\n","protected":false},"author":3,"featured_media":36690,"comment_status":"closed","ping_status":"closed","sticky":false,"template":"","format":"standard","meta":{"_acf_changed":false,"_seopress_robots_primary_cat":"none","_seopress_titles_title":"","_seopress_titles_desc":"","_seopress_robots_index":"","colormag_page_container_layout":"default_layout","colormag_page_sidebar_layout":"default_layout","footnotes":""},"categories":[1],"tags":[],"class_list":["post-39188","post","type-post","status-publish","format-standard","has-post-thumbnail","hentry","category-destacadas"],"acf":[],"_links":{"self":[{"href":"https:\/\/vocesparalelas.com.ar\/sitio\/wp-json\/wp\/v2\/posts\/39188","targetHints":{"allow":["GET"]}}],"collection":[{"href":"https:\/\/vocesparalelas.com.ar\/sitio\/wp-json\/wp\/v2\/posts"}],"about":[{"href":"https:\/\/vocesparalelas.com.ar\/sitio\/wp-json\/wp\/v2\/types\/post"}],"author":[{"embeddable":true,"href":"https:\/\/vocesparalelas.com.ar\/sitio\/wp-json\/wp\/v2\/users\/3"}],"replies":[{"embeddable":true,"href":"https:\/\/vocesparalelas.com.ar\/sitio\/wp-json\/wp\/v2\/comments?post=39188"}],"version-history":[{"count":1,"href":"https:\/\/vocesparalelas.com.ar\/sitio\/wp-json\/wp\/v2\/posts\/39188\/revisions"}],"predecessor-version":[{"id":39190,"href":"https:\/\/vocesparalelas.com.ar\/sitio\/wp-json\/wp\/v2\/posts\/39188\/revisions\/39190"}],"wp:featuredmedia":[{"embeddable":true,"href":"https:\/\/vocesparalelas.com.ar\/sitio\/wp-json\/wp\/v2\/media\/36690"}],"wp:attachment":[{"href":"https:\/\/vocesparalelas.com.ar\/sitio\/wp-json\/wp\/v2\/media?parent=39188"}],"wp:term":[{"taxonomy":"category","embeddable":true,"href":"https:\/\/vocesparalelas.com.ar\/sitio\/wp-json\/wp\/v2\/categories?post=39188"},{"taxonomy":"post_tag","embeddable":true,"href":"https:\/\/vocesparalelas.com.ar\/sitio\/wp-json\/wp\/v2\/tags?post=39188"}],"curies":[{"name":"wp","href":"https:\/\/api.w.org\/{rel}","templated":true}]}}