{"id":39178,"date":"2021-06-28T23:32:21","date_gmt":"2021-06-29T02:32:21","guid":{"rendered":"http:\/\/vocesparalelas.com.ar\/sitio\/?p=39178"},"modified":"2021-06-28T23:32:21","modified_gmt":"2021-06-29T02:32:21","slug":"invito-a-la-poblacion-a-seguir-cuidandose-y-vacunandose-para-que-logremos-juntos-un-san-juan-pujante","status":"publish","type":"post","link":"https:\/\/vocesparalelas.com.ar\/sitio\/invito-a-la-poblacion-a-seguir-cuidandose-y-vacunandose-para-que-logremos-juntos-un-san-juan-pujante\/","title":{"rendered":"\u00abInvito a la poblaci\u00f3n a seguir cuid\u00e1ndose y vacun\u00e1ndose para que logremos juntos un San Juan pujante\u00bb"},"content":{"rendered":"<p>El vicegobernador en ejercicio del Poder Ejecutivo del Gobierno de San Juan, CPN Roberto Gattoni finalizado el lanzamiento del Premio\u00a0Provincial a la Calidad, tuvo una predisposici\u00f3n muy amable de responder las preguntas de los Periodistas San Juan.<\/p>\n<p><iframe loading=\"lazy\" title=\"CDSJ CPN ROBERTO GATTONI\" width=\"800\" height=\"450\" src=\"https:\/\/www.youtube.com\/embed\/f4boHJPQEIA?feature=oembed\" frameborder=\"0\" allow=\"accelerometer; autoplay; clipboard-write; encrypted-media; gyroscope; picture-in-picture\" allowfullscreen><\/iframe><\/p>\n<p>&nbsp;<\/p>\n<p>&nbsp;<\/p>\n<p>&nbsp;<\/p>\n<p>&nbsp;<\/p>\n<p>&nbsp;<\/p>\n<p>&nbsp;<\/p>\n","protected":false},"excerpt":{"rendered":"<p>El vicegobernador en ejercicio del Poder Ejecutivo del Gobierno de San Juan, CPN Roberto Gattoni finalizado el lanzamiento del Premio\u00a0Provincial<\/p>\n","protected":false},"author":3,"featured_media":39180,"comment_status":"closed","ping_status":"closed","sticky":false,"template":"","format":"video","meta":{"_acf_changed":false,"_seopress_robots_primary_cat":"none","_seopress_titles_title":"","_seopress_titles_desc":"","_seopress_robots_index":"","colormag_page_container_layout":"default_layout","colormag_page_sidebar_layout":"default_layout","footnotes":""},"categories":[1,7],"tags":[],"class_list":["post-39178","post","type-post","status-publish","format-video","has-post-thumbnail","hentry","category-destacadas","category-videos","post_format-post-format-video"],"acf":[],"_links":{"self":[{"href":"https:\/\/vocesparalelas.com.ar\/sitio\/wp-json\/wp\/v2\/posts\/39178","targetHints":{"allow":["GET"]}}],"collection":[{"href":"https:\/\/vocesparalelas.com.ar\/sitio\/wp-json\/wp\/v2\/posts"}],"about":[{"href":"https:\/\/vocesparalelas.com.ar\/sitio\/wp-json\/wp\/v2\/types\/post"}],"author":[{"embeddable":true,"href":"https:\/\/vocesparalelas.com.ar\/sitio\/wp-json\/wp\/v2\/users\/3"}],"replies":[{"embeddable":true,"href":"https:\/\/vocesparalelas.com.ar\/sitio\/wp-json\/wp\/v2\/comments?post=39178"}],"version-history":[{"count":1,"href":"https:\/\/vocesparalelas.com.ar\/sitio\/wp-json\/wp\/v2\/posts\/39178\/revisions"}],"predecessor-version":[{"id":39181,"href":"https:\/\/vocesparalelas.com.ar\/sitio\/wp-json\/wp\/v2\/posts\/39178\/revisions\/39181"}],"wp:featuredmedia":[{"embeddable":true,"href":"https:\/\/vocesparalelas.com.ar\/sitio\/wp-json\/wp\/v2\/media\/39180"}],"wp:attachment":[{"href":"https:\/\/vocesparalelas.com.ar\/sitio\/wp-json\/wp\/v2\/media?parent=39178"}],"wp:term":[{"taxonomy":"category","embeddable":true,"href":"https:\/\/vocesparalelas.com.ar\/sitio\/wp-json\/wp\/v2\/categories?post=39178"},{"taxonomy":"post_tag","embeddable":true,"href":"https:\/\/vocesparalelas.com.ar\/sitio\/wp-json\/wp\/v2\/tags?post=39178"}],"curies":[{"name":"wp","href":"https:\/\/api.w.org\/{rel}","templated":true}]}}