{"id":39174,"date":"2021-06-28T22:40:08","date_gmt":"2021-06-29T01:40:08","guid":{"rendered":"http:\/\/vocesparalelas.com.ar\/sitio\/?p=39174"},"modified":"2021-06-30T00:28:08","modified_gmt":"2021-06-30T03:28:08","slug":"se-lanzo-el-premio-provincial-a-la-calidad-en-san-juan","status":"publish","type":"post","link":"https:\/\/vocesparalelas.com.ar\/sitio\/se-lanzo-el-premio-provincial-a-la-calidad-en-san-juan\/","title":{"rendered":"Se lanz\u00f3 el Premio Provincial a la Calidad en San Juan"},"content":{"rendered":"<div class=\"itemFullText jbintrotext\">\n<p>El vicegobernador en ejercicio del Poder Ejecutivo del Gobierno de San Juan, CPN Roberto Gattoni presidi\u00f3 el lanzamiento del Premio Provincial a la Calidad, reconocimiento del Gobierno otorgado a aquellas organizaciones p\u00fablicas y privadas que implementan procesos de gesti\u00f3n de calidad apostando a la mejora continua en sus prestaciones de bienes o servicios.<\/p>\n<\/div>\n<div class=\"itemFullText\">\n<p>El acto fue cumplido en la sala Rogelio Cerdera, de Casa de Gobierno y en la ocasi\u00f3n estuvieron en la mesa de autoridades junto al titular del Poder Legislativo, el ministro de Producci\u00f3n y Desarrollo Econ\u00f3mico, Lic. Andr\u00e9s D\u00edaz Cano; la subsecretaria de la Gesti\u00f3n P\u00fablica, Mar\u00eda Lorena L\u00f3pez; el director de la Agencia de Desarrollo de Inversiones San Juan, Fabi\u00e1n Ejarque y el gerente en Cuyo del Instituto Argentino de Normalizaci\u00f3n y Certificaci\u00f3n &#8211; IRAM -, Gast\u00f3n Olivano.<\/p>\n<p>Tambi\u00e9n asistieron los secretarios de Agricultura y Ganader\u00eda, Lic. Marcelo Balderramo y de Industria, Comercio y Servicios, Adriana Vargas.<\/p>\n<p>En primer t\u00e9rmino, fue proyectado un video que resumi\u00f3 la filosof\u00eda del premio cuyo objetivo es promover y consolidar la cultura de la calidad en las organizaciones p\u00fablicas y privadas de la provincia de San Juan.<\/p>\n<p>En primer lugar pronunci\u00f3 unos conceptos la subsecretaria de la Gesti\u00f3n P\u00fablica, Lorena L\u00f3pez, quien destac\u00f3 que \u201c\u00e9sta es la d\u00e9cimo tercera edici\u00f3n del premio que la provincia ha venido realizando en forma ininiterrumpida y desde ya calidad es una\u00a0 \u00a0\u00a0parte necesaria como requisito en todas las organizaciones, que tenemos que incorporar para mejorar nuestra prestaci\u00f3n de servicios y nuestra calidad de vida.<\/p>\n<p>Se\u00f1al\u00f3 por \u00faltimo que \u201ces importante destacarlo ya que el a\u00f1o pasado hemos tenido r\u00e9cord en cuanto a la participaci\u00f3n del sector privado, si bien como organismos p\u00fablicos y organismos privados tenemos el desaf\u00edo de incorporar elementos que nos permitan mejorar la calidad en la prestaci\u00f3n de servicios y la calidad de vida\u201d.<\/p>\n<p>Por su parte, el responsable de la Agencia de Desarrollo de Inversiones, Fabi\u00e1n Ejarque, consign\u00f3 que \u201cponer en valor una herramienta de este tipo durante m\u00e1s de trece a\u00f1os y que ya tengamos antes de su lanzamiento m\u00e1s de catorce empresas interesadas en participar no es una cuesti\u00f3n menor y sin dudas significa que venimos haciendo las cosas bien y que el gobierno de San Juan por un lado ve lo urgente, pero tambi\u00e9n se focaliza en lo importante<\/p>\n<p>\u201cNo es menor a\u00f1adi\u00f3- que las empresas quieran participar, generar y aportar en el proceso de mejora continua y m\u00e1s en el segundo a\u00f1o que tenemos de pandemia\u201d.<\/p>\n<p>Luego fue firmado un convenio marco de cooperaci\u00f3n entre la Agencia de Inversiones San Juan dependiente del Ministerio de Producci\u00f3n y Desarrollo Econ\u00f3mico y lo hizo su titular, Fabi\u00e1n Ejarque y en representaci\u00f3n del IRAM, Gast\u00f3n Olivano y luego lo hicieron el ministro D\u00edaz Cano y el vicegobernador Gattoni.<\/p>\n<p>Finalmente, hizo uso de la palabra el vicegobernador en ejercicio del Poder Ejecutivo, Roberto Gattoni, quien sostuvo que \u201cdesde el a\u00f1o 2008 existe este Premio Provincial a la Calidad de manera ininterrumpida y en los a\u00f1os de pandemia hemos tenido una gran demanda y cantidad de gente interesada, empresas e instituciones p\u00fablica y no deja de llenarme de satisfacci\u00f3n que en la pandemia, donde todo parece que las decisiones o los esfuerzos est\u00e1n en la coyuntura estemos pensando en las cuestiones importantes como es pensar en t\u00e9rminos de calidad\u201d.<\/p>\n<p>M\u00e1s adelante, Gattoni indic\u00f3 que \u201ccuando nosotros pensamos en t\u00e9rminos de mejora continua, en mejora de la calidad, estamos pensando en mejor calidad de vida y mejor atenci\u00f3n al ciudadano en el sector p\u00fablico o al cliente en el caso del sector privado y no es menor que estemos contribuyendo en ese sentido\u201d.<\/p>\n<p>Por \u00faltimo, afirm\u00f3 que \u201cesta convocatoria la realiza el Ministerio de Hacienda a trav\u00e9s de la Secretar\u00eda de la Funci\u00f3n P\u00fablica para las organizaciones del sector p\u00fablico que as\u00ed deseen participar y para el sector privado, a trav\u00e9s del Ministerio de la Producci\u00f3n con el trabajo y la intervenci\u00f3n directa de la Agencia de Desarrollo San Juan, pero tambi\u00e9n en esta articulaci\u00f3n de lo p\u00fablico y privado est\u00e1n convocados a participar, y de hecho lo han hecho en ocasiones anteriores, las universidades, c\u00e1maras empresarias, los empresarios, todos aquellos que trabajan, en este caso el IRAM, que de manera directa o indirecta contribuyen para que este proceso sea llevado adelante\u201d.<\/p>\n<\/div>\n<p>&nbsp;<\/p>\n<p>&nbsp;<\/p>\n","protected":false},"excerpt":{"rendered":"<p>El vicegobernador en ejercicio del Poder Ejecutivo del Gobierno de San Juan, CPN Roberto Gattoni presidi\u00f3 el lanzamiento del Premio<\/p>\n","protected":false},"author":3,"featured_media":39176,"comment_status":"closed","ping_status":"closed","sticky":false,"template":"","format":"standard","meta":{"_acf_changed":false,"_seopress_robots_primary_cat":"none","_seopress_titles_title":"","_seopress_titles_desc":"","_seopress_robots_index":"","colormag_page_container_layout":"default_layout","colormag_page_sidebar_layout":"default_layout","footnotes":""},"categories":[8],"tags":[],"class_list":["post-39174","post","type-post","status-publish","format-standard","has-post-thumbnail","hentry","category-concursos"],"acf":[],"_links":{"self":[{"href":"https:\/\/vocesparalelas.com.ar\/sitio\/wp-json\/wp\/v2\/posts\/39174","targetHints":{"allow":["GET"]}}],"collection":[{"href":"https:\/\/vocesparalelas.com.ar\/sitio\/wp-json\/wp\/v2\/posts"}],"about":[{"href":"https:\/\/vocesparalelas.com.ar\/sitio\/wp-json\/wp\/v2\/types\/post"}],"author":[{"embeddable":true,"href":"https:\/\/vocesparalelas.com.ar\/sitio\/wp-json\/wp\/v2\/users\/3"}],"replies":[{"embeddable":true,"href":"https:\/\/vocesparalelas.com.ar\/sitio\/wp-json\/wp\/v2\/comments?post=39174"}],"version-history":[{"count":1,"href":"https:\/\/vocesparalelas.com.ar\/sitio\/wp-json\/wp\/v2\/posts\/39174\/revisions"}],"predecessor-version":[{"id":39177,"href":"https:\/\/vocesparalelas.com.ar\/sitio\/wp-json\/wp\/v2\/posts\/39174\/revisions\/39177"}],"wp:featuredmedia":[{"embeddable":true,"href":"https:\/\/vocesparalelas.com.ar\/sitio\/wp-json\/wp\/v2\/media\/39176"}],"wp:attachment":[{"href":"https:\/\/vocesparalelas.com.ar\/sitio\/wp-json\/wp\/v2\/media?parent=39174"}],"wp:term":[{"taxonomy":"category","embeddable":true,"href":"https:\/\/vocesparalelas.com.ar\/sitio\/wp-json\/wp\/v2\/categories?post=39174"},{"taxonomy":"post_tag","embeddable":true,"href":"https:\/\/vocesparalelas.com.ar\/sitio\/wp-json\/wp\/v2\/tags?post=39174"}],"curies":[{"name":"wp","href":"https:\/\/api.w.org\/{rel}","templated":true}]}}