{"id":39165,"date":"2021-06-28T21:32:50","date_gmt":"2021-06-29T00:32:50","guid":{"rendered":"http:\/\/vocesparalelas.com.ar\/sitio\/?p=39165"},"modified":"2021-06-29T23:34:51","modified_gmt":"2021-06-30T02:34:51","slug":"convocan-a-retirar-carpetas-antecedentes-y-merito-de-supervisores-rama-primaria","status":"publish","type":"post","link":"https:\/\/vocesparalelas.com.ar\/sitio\/convocan-a-retirar-carpetas-antecedentes-y-merito-de-supervisores-rama-primaria\/","title":{"rendered":"Convocan a retirar carpetas antecedentes y m\u00e9rito de supervisores Rama Primaria"},"content":{"rendered":"<p>La Junta de Clasificaci\u00f3n Docente Rama Primaria del Ministerio de Educaci\u00f3n del Gobierno de San Juan comunica a los familiares de docentes fallecidos que cumpl\u00edan funciones de supervisor, como as\u00ed tambi\u00e9n a los docentes supervisores que recibieron el beneficio jubilatorio, que deben concurrir a retirar carpetas de antecedentes y m\u00e9ritos en horario de 8 a 12 horas, hasta el 2 de Julio de 2021, por la sede de la Junta, Tucum\u00e1n 75 &#8211; N &#8211; Capital.<\/p>\n<p>Vencido el plazo, las carpetas ser\u00e1n dadas de baja.<\/p>\n<p>&nbsp;<\/p>\n<p>&nbsp;<\/p>\n","protected":false},"excerpt":{"rendered":"<p>La Junta de Clasificaci\u00f3n Docente Rama Primaria del Ministerio de Educaci\u00f3n del Gobierno de San Juan comunica a los familiares<\/p>\n","protected":false},"author":3,"featured_media":5000,"comment_status":"closed","ping_status":"closed","sticky":false,"template":"","format":"standard","meta":{"_acf_changed":false,"_seopress_robots_primary_cat":"none","_seopress_titles_title":"","_seopress_titles_desc":"","_seopress_robots_index":"","colormag_page_container_layout":"default_layout","colormag_page_sidebar_layout":"default_layout","footnotes":""},"categories":[2],"tags":[],"class_list":["post-39165","post","type-post","status-publish","format-standard","has-post-thumbnail","hentry","category-convocatorias"],"acf":[],"_links":{"self":[{"href":"https:\/\/vocesparalelas.com.ar\/sitio\/wp-json\/wp\/v2\/posts\/39165","targetHints":{"allow":["GET"]}}],"collection":[{"href":"https:\/\/vocesparalelas.com.ar\/sitio\/wp-json\/wp\/v2\/posts"}],"about":[{"href":"https:\/\/vocesparalelas.com.ar\/sitio\/wp-json\/wp\/v2\/types\/post"}],"author":[{"embeddable":true,"href":"https:\/\/vocesparalelas.com.ar\/sitio\/wp-json\/wp\/v2\/users\/3"}],"replies":[{"embeddable":true,"href":"https:\/\/vocesparalelas.com.ar\/sitio\/wp-json\/wp\/v2\/comments?post=39165"}],"version-history":[{"count":1,"href":"https:\/\/vocesparalelas.com.ar\/sitio\/wp-json\/wp\/v2\/posts\/39165\/revisions"}],"predecessor-version":[{"id":39167,"href":"https:\/\/vocesparalelas.com.ar\/sitio\/wp-json\/wp\/v2\/posts\/39165\/revisions\/39167"}],"wp:featuredmedia":[{"embeddable":true,"href":"https:\/\/vocesparalelas.com.ar\/sitio\/wp-json\/wp\/v2\/media\/5000"}],"wp:attachment":[{"href":"https:\/\/vocesparalelas.com.ar\/sitio\/wp-json\/wp\/v2\/media?parent=39165"}],"wp:term":[{"taxonomy":"category","embeddable":true,"href":"https:\/\/vocesparalelas.com.ar\/sitio\/wp-json\/wp\/v2\/categories?post=39165"},{"taxonomy":"post_tag","embeddable":true,"href":"https:\/\/vocesparalelas.com.ar\/sitio\/wp-json\/wp\/v2\/tags?post=39165"}],"curies":[{"name":"wp","href":"https:\/\/api.w.org\/{rel}","templated":true}]}}