{"id":39162,"date":"2021-06-28T21:14:52","date_gmt":"2021-06-29T00:14:52","guid":{"rendered":"http:\/\/vocesparalelas.com.ar\/sitio\/?p=39162"},"modified":"2021-06-28T21:18:09","modified_gmt":"2021-06-29T00:18:09","slug":"se-implementa-educacion-financiera-en-el-secundario-de-san-juan","status":"publish","type":"post","link":"https:\/\/vocesparalelas.com.ar\/sitio\/se-implementa-educacion-financiera-en-el-secundario-de-san-juan\/","title":{"rendered":"Se implementa Educaci\u00f3n Financiera en el Secundario de San Juan"},"content":{"rendered":"<p>El ministro de Educaci\u00f3n del Gobierno de San Juan, Lic. Felipe De Los R\u00edos, avanz\u00f3 en la instrumentaci\u00f3n e implementaci\u00f3n de la Educaci\u00f3n Financiera en el Secundario, tras el convenio firmado por el gobernador Dr. Sergio U\u00f1ac con el Banco Central de la Rep\u00fablica Argentina.<\/p>\n<p>El titular de la cartera educativa, De Los R\u00edos, explic\u00f3 que \u201cSan Juan tiene en las curr\u00edculas Educaci\u00f3n Tributaria; tras convenio con el Banco Central de la Rep\u00fablica Argentina BCRA, dimos un importante paso y vamos a complementar la Educaci\u00f3n Tributaria con la Financiera. Esto es parte de los contenidos transversales del M\u00f3dulo 3 del Plan Provincial de Actualizaci\u00f3n y Capacitaci\u00f3n Docente. Los estudiantes de todo el sistema educativo van a recibir el impacto a trav\u00e9s del perfeccionamiento y la actualizaci\u00f3n de los docentes en Educaci\u00f3n Financiera, algo tan necesario en el Siglo XXI para poder entender qu\u00e9 nos pasa en el crecimiento, en la vida cotidiana, porque a veces miramos el sistema financiero como algo muy lejano y la verdad que una vez introducidos en la tem\u00e1tica podemos darnos cuenta de que participamos en \u00e9l las 24 horas del d\u00eda\u201d.<\/p>\n<p>El ministro consider\u00f3 adem\u00e1s que \u201ces importante tenerlo claro y comprender las l\u00f3gicas del sistema econ\u00f3mico de un pa\u00eds para entender las l\u00f3gicas de la producci\u00f3n, las tendencias econ\u00f3micas y macroecon\u00f3micas, para poder conocer y opinar con pleno conocimiento y no hablar por la sensibilidad de lo que pasa individualmente sino tener la percepci\u00f3n del colectivo. Y esto es lo que va permitir la Educaci\u00f3n Financiera\u201d.<\/p>\n<p>Sobre el nivel en que se implementar\u00e1, De Los R\u00edos detall\u00f3 que \u00abest\u00e1 destinado a Nivel Medio, que es donde empezamos las intervenciones de Educaci\u00f3n Tributaria. Los estudiantes de Nivel Medio conocer\u00e1n la din\u00e1mica del sistema financiero para comprender el cambio vertiginoso que hay en el sistema macroecon\u00f3mico del planeta\u00bb.<\/p>\n","protected":false},"excerpt":{"rendered":"<p>El ministro de Educaci\u00f3n del Gobierno de San Juan, Lic. Felipe De Los R\u00edos, avanz\u00f3 en la instrumentaci\u00f3n e implementaci\u00f3n<\/p>\n","protected":false},"author":3,"featured_media":36279,"comment_status":"closed","ping_status":"closed","sticky":false,"template":"","format":"standard","meta":{"_acf_changed":false,"_seopress_robots_primary_cat":"none","_seopress_titles_title":"","_seopress_titles_desc":"","_seopress_robots_index":"","colormag_page_container_layout":"default_layout","colormag_page_sidebar_layout":"default_layout","footnotes":""},"categories":[1],"tags":[],"class_list":["post-39162","post","type-post","status-publish","format-standard","has-post-thumbnail","hentry","category-destacadas"],"acf":[],"_links":{"self":[{"href":"https:\/\/vocesparalelas.com.ar\/sitio\/wp-json\/wp\/v2\/posts\/39162","targetHints":{"allow":["GET"]}}],"collection":[{"href":"https:\/\/vocesparalelas.com.ar\/sitio\/wp-json\/wp\/v2\/posts"}],"about":[{"href":"https:\/\/vocesparalelas.com.ar\/sitio\/wp-json\/wp\/v2\/types\/post"}],"author":[{"embeddable":true,"href":"https:\/\/vocesparalelas.com.ar\/sitio\/wp-json\/wp\/v2\/users\/3"}],"replies":[{"embeddable":true,"href":"https:\/\/vocesparalelas.com.ar\/sitio\/wp-json\/wp\/v2\/comments?post=39162"}],"version-history":[{"count":1,"href":"https:\/\/vocesparalelas.com.ar\/sitio\/wp-json\/wp\/v2\/posts\/39162\/revisions"}],"predecessor-version":[{"id":39164,"href":"https:\/\/vocesparalelas.com.ar\/sitio\/wp-json\/wp\/v2\/posts\/39162\/revisions\/39164"}],"wp:featuredmedia":[{"embeddable":true,"href":"https:\/\/vocesparalelas.com.ar\/sitio\/wp-json\/wp\/v2\/media\/36279"}],"wp:attachment":[{"href":"https:\/\/vocesparalelas.com.ar\/sitio\/wp-json\/wp\/v2\/media?parent=39162"}],"wp:term":[{"taxonomy":"category","embeddable":true,"href":"https:\/\/vocesparalelas.com.ar\/sitio\/wp-json\/wp\/v2\/categories?post=39162"},{"taxonomy":"post_tag","embeddable":true,"href":"https:\/\/vocesparalelas.com.ar\/sitio\/wp-json\/wp\/v2\/tags?post=39162"}],"curies":[{"name":"wp","href":"https:\/\/api.w.org\/{rel}","templated":true}]}}