{"id":39159,"date":"2021-06-28T21:09:49","date_gmt":"2021-06-29T00:09:49","guid":{"rendered":"http:\/\/vocesparalelas.com.ar\/sitio\/?p=39159"},"modified":"2021-06-29T19:50:49","modified_gmt":"2021-06-29T22:50:49","slug":"cronograma-de-pago-de-haberes-de-junio-2021-a-la-administracion-publica-de-san-juan","status":"publish","type":"post","link":"https:\/\/vocesparalelas.com.ar\/sitio\/cronograma-de-pago-de-haberes-de-junio-2021-a-la-administracion-publica-de-san-juan\/","title":{"rendered":"Cronograma de pago de haberes de Junio 2021 a la Administraci\u00f3n P\u00fablica de San Juan"},"content":{"rendered":"<p>Con el objetivo de poner a disposici\u00f3n de los agentes p\u00fablicos los sueldos correspondientes al mes de Junio manteniendo el distanciamiento social y cuidando la salud de la poblaci\u00f3n de San Juan, los haberes mencionados estar\u00e1n disponibles en los cajeros seg\u00fan el siguiente cronograma:<\/p>\n<ul>\n<li>Mi\u00e9rcoles, 30 de Junio: agentes de salud y seguridad<\/li>\n<li>Jueves, 1 de Julio: terminaci\u00f3n de DNI 0, 1 y 2<\/li>\n<li>Viernes, 2 de Julio: terminaci\u00f3n de DNI 3, 4 y 5<\/li>\n<li>S\u00e1bado, 3 de Julio: terminaci\u00f3n de DNI 6, 7, 8 y 9<\/li>\n<\/ul>\n<p>Los haberes incluyen el 30% de aumento abonado en el mes de marzo y del 7% en mayo. Los pr\u00f3ximos aumentos ser\u00e1n: el 6% en el mes de julio y el 7% de aumento en octubre hasta completar el 50% acordado en paritarias 2021.<\/p>\n<p>Asimismo, se recuerda que los cajeros autom\u00e1ticos funcionan las 24 horas, por lo que se solicita evitar horarios y cajeros con gran afluencia de p\u00fablico, no asistir acompa\u00f1ados, usar tapabocas, mantener dos metros de distancia entre personas y desinfectar las manos luego del uso de cajeros y manipulaci\u00f3n de dinero.<\/p>\n<p>Tambi\u00e9n se solicita a la poblaci\u00f3n tener presente que est\u00e1n vigentes las extracciones con tarjeta de d\u00e9bito en los principales supermercados y estaciones de servicio de la provincia, entre otros comercios identificados con el logo de Visa &#8211; Extra cash.<\/p>\n<p>La forma m\u00e1s eficaz de luchar contra la pandemia es con la colaboraci\u00f3n y la responsabilidad de todos los sanjuaninos.<\/p>\n<p>&nbsp;<\/p>\n<p>&nbsp;<\/p>\n<p>&nbsp;<\/p>\n","protected":false},"excerpt":{"rendered":"<p>Con el objetivo de poner a disposici\u00f3n de los agentes p\u00fablicos los sueldos correspondientes al mes de Junio manteniendo el<\/p>\n","protected":false},"author":3,"featured_media":1245,"comment_status":"closed","ping_status":"closed","sticky":false,"template":"","format":"standard","meta":{"_acf_changed":false,"_seopress_robots_primary_cat":"none","_seopress_titles_title":"","_seopress_titles_desc":"","_seopress_robots_index":"","colormag_page_container_layout":"default_layout","colormag_page_sidebar_layout":"default_layout","footnotes":""},"categories":[6],"tags":[],"class_list":["post-39159","post","type-post","status-publish","format-standard","has-post-thumbnail","hentry","category-eventos"],"acf":[],"_links":{"self":[{"href":"https:\/\/vocesparalelas.com.ar\/sitio\/wp-json\/wp\/v2\/posts\/39159","targetHints":{"allow":["GET"]}}],"collection":[{"href":"https:\/\/vocesparalelas.com.ar\/sitio\/wp-json\/wp\/v2\/posts"}],"about":[{"href":"https:\/\/vocesparalelas.com.ar\/sitio\/wp-json\/wp\/v2\/types\/post"}],"author":[{"embeddable":true,"href":"https:\/\/vocesparalelas.com.ar\/sitio\/wp-json\/wp\/v2\/users\/3"}],"replies":[{"embeddable":true,"href":"https:\/\/vocesparalelas.com.ar\/sitio\/wp-json\/wp\/v2\/comments?post=39159"}],"version-history":[{"count":1,"href":"https:\/\/vocesparalelas.com.ar\/sitio\/wp-json\/wp\/v2\/posts\/39159\/revisions"}],"predecessor-version":[{"id":39161,"href":"https:\/\/vocesparalelas.com.ar\/sitio\/wp-json\/wp\/v2\/posts\/39159\/revisions\/39161"}],"wp:featuredmedia":[{"embeddable":true,"href":"https:\/\/vocesparalelas.com.ar\/sitio\/wp-json\/wp\/v2\/media\/1245"}],"wp:attachment":[{"href":"https:\/\/vocesparalelas.com.ar\/sitio\/wp-json\/wp\/v2\/media?parent=39159"}],"wp:term":[{"taxonomy":"category","embeddable":true,"href":"https:\/\/vocesparalelas.com.ar\/sitio\/wp-json\/wp\/v2\/categories?post=39159"},{"taxonomy":"post_tag","embeddable":true,"href":"https:\/\/vocesparalelas.com.ar\/sitio\/wp-json\/wp\/v2\/tags?post=39159"}],"curies":[{"name":"wp","href":"https:\/\/api.w.org\/{rel}","templated":true}]}}