{"id":39147,"date":"2021-06-27T22:14:16","date_gmt":"2021-06-28T01:14:16","guid":{"rendered":"http:\/\/vocesparalelas.com.ar\/sitio\/?p=39147"},"modified":"2021-06-29T00:12:13","modified_gmt":"2021-06-29T03:12:13","slug":"sumate-al-programa-egresar-para-terminar-la-secundaria-y-proyectar-tu-futuro","status":"publish","type":"post","link":"https:\/\/vocesparalelas.com.ar\/sitio\/sumate-al-programa-egresar-para-terminar-la-secundaria-y-proyectar-tu-futuro\/","title":{"rendered":"Sumate al Programa EgresAR para terminar la secundaria y proyectar tu futuro"},"content":{"rendered":"<p>La referente jurisdiccional Programa Nacional de Terminalidad en el Nivel secundario EgresAR: \u201cProyect\u00e1 tu futuro\u201d, perteneciente al Ministerio de Educaci\u00f3n del Gobierno de San Juan, informa que el programa se implement\u00f3 en la provincia y comienza en Agosto de 2021.<\/p>\n<p>El programa est\u00e1 dirigido a todos los estudiantes que transitaron y terminaron de cursar el \u00faltimo a\u00f1o de la escuela secundaria com\u00fan orientada de gesti\u00f3n estatal o privada entre los a\u00f1os 2016 al 2020 y tienen materias pendientes.<\/p>\n<ul>\n<li>Los interesados se pueden inscribir en la plataforma EgresAr\u00a0<a href=\"http:\/\/www.argentina.gob.ar\/educacion\/egresar\">http:\/\/www.argentina.gob.ar\/educacion\/egresar<\/a> completando el Formulario de Inscripci\u00f3n hasta el 16 de Julio de 2021.<\/li>\n<li>En caso de dificultad para acceder a la inscripci\u00f3n en l\u00ednea, pueden acudir al Ministerio de Educaci\u00f3n 2\u00b0 Piso del Centro C\u00edvico Ingreso 4 oficina EgresAR) en horario de 15 a 17.30 horas o llamar a los tel\u00e9fonos 4305747 &#8211; 4305866 o enviar un mail a <span id=\"cloak984e2a6b2357705553be2c3e41be05eb\"><a href=\"mailto:egresarsanjuan@gmail.com\">egresarsanjuan@gmail.com<\/a><\/span><\/li>\n<li>Se pueden inscribir en todas las materias que tengan pendientes de aprobaci\u00f3n.<\/li>\n<\/ul>\n<p>Para aprobar las materias adeudadas se cursan en una \u201cescuela sede\u00bb, uno o m\u00e1s \u201ctrayectos curriculares\u201d de duraci\u00f3n cuatrimestral.<\/p>\n<p>Los alumnos que terminaron de cursar entre los a\u00f1os 2016 al 2020 y adeuden materias, deber\u00e1n inscribirse y pueden cursar las materias para ser evaluadas. El cursado es por cuatrimestre y si tienen varias materias, las instituciones armaran proyectos con varias materias para que cursen el proyecto por cuatrimestre<\/p>\n<p><span style=\"color: #99cc00;\"><strong>Escuelas sedes por Departamento<\/strong><\/span><\/p>\n<p><img loading=\"lazy\" decoding=\"async\" class=\"alignnone wp-image-39149 size-full\" src=\"https:\/\/vocesparalelas.com.ar\/sitio\/wp-content\/uploads\/2021\/06\/EGRESAR-01.jpg\" alt=\"\" width=\"800\" height=\"712\" srcset=\"https:\/\/vocesparalelas.com.ar\/sitio\/wp-content\/uploads\/2021\/06\/EGRESAR-01.jpg 800w, https:\/\/vocesparalelas.com.ar\/sitio\/wp-content\/uploads\/2021\/06\/EGRESAR-01-300x267.jpg 300w, https:\/\/vocesparalelas.com.ar\/sitio\/wp-content\/uploads\/2021\/06\/EGRESAR-01-768x684.jpg 768w\" sizes=\"auto, (max-width: 800px) 100vw, 800px\" \/><\/p>\n<p><img loading=\"lazy\" decoding=\"async\" class=\"alignnone wp-image-39150 size-full\" src=\"https:\/\/vocesparalelas.com.ar\/sitio\/wp-content\/uploads\/2021\/06\/EGRESAR-02.jpg\" alt=\"\" width=\"800\" height=\"471\" srcset=\"https:\/\/vocesparalelas.com.ar\/sitio\/wp-content\/uploads\/2021\/06\/EGRESAR-02.jpg 800w, https:\/\/vocesparalelas.com.ar\/sitio\/wp-content\/uploads\/2021\/06\/EGRESAR-02-300x177.jpg 300w, https:\/\/vocesparalelas.com.ar\/sitio\/wp-content\/uploads\/2021\/06\/EGRESAR-02-768x452.jpg 768w\" sizes=\"auto, (max-width: 800px) 100vw, 800px\" \/><\/p>\n<ul>\n<li>Los estudiantes tienen que asistir a la escuela sede una vez o dos veces a la semana en forma presencial. La cantidad de d\u00edas y horas depende de la cantidad de trayectos curriculares que vas a cursar (siempre que la situaci\u00f3n epidemiol\u00f3gica as\u00ed lo permita). El cursado se combina con instancias de trabajo aut\u00f3nomo en plataforma virtual..<\/li>\n<li>El t\u00edtulo lo entrega la escuela de origen donde cursaron la secundaria el \u00faltimo a\u00f1o para el plan de estudios que estaban inscriptos. El t\u00edtulo que recibir\u00e1n es v\u00e1lido para seguir estudios superiores o universitarios.<\/li>\n<li>Cada estudiante que ingrese al Programa EgresAR puede obtener una beca de ayuda econ\u00f3mica si cumple los requisitos estipulados en las becas Progresar. Se puede cobrar la beca por un periodo de cuatro meses que se corresponde con el primer cuatrimestre. La beca puede ser renovada por cuatro meses m\u00e1s en caso de que no haya podido completar todas las materias que tienen pendientes de acreditaci\u00f3n.<\/li>\n<\/ul>\n<p>Por consulta o mayor informaci\u00f3n en horario de 8 a 13 comunicarse a los tel\u00e9fonos 4305747 &#8211; 4305866 o al mail <span id=\"cloak3c61c3c531a2b69f18e460ffcdac0d40\"><a href=\"mailto:egresarsanjuan@gmail.com\">egresarsanjuan@gmail.com<\/a><\/span>.<\/p>\n<p>&nbsp;<\/p>\n","protected":false},"excerpt":{"rendered":"<p>La referente jurisdiccional Programa Nacional de Terminalidad en el Nivel secundario EgresAR: \u201cProyect\u00e1 tu futuro\u201d, perteneciente al Ministerio de Educaci\u00f3n<\/p>\n","protected":false},"author":3,"featured_media":39151,"comment_status":"closed","ping_status":"closed","sticky":false,"template":"","format":"standard","meta":{"_acf_changed":false,"_seopress_robots_primary_cat":"none","_seopress_titles_title":"","_seopress_titles_desc":"","_seopress_robots_index":"","colormag_page_container_layout":"default_layout","colormag_page_sidebar_layout":"default_layout","footnotes":""},"categories":[2],"tags":[],"class_list":["post-39147","post","type-post","status-publish","format-standard","has-post-thumbnail","hentry","category-convocatorias"],"acf":[],"_links":{"self":[{"href":"https:\/\/vocesparalelas.com.ar\/sitio\/wp-json\/wp\/v2\/posts\/39147","targetHints":{"allow":["GET"]}}],"collection":[{"href":"https:\/\/vocesparalelas.com.ar\/sitio\/wp-json\/wp\/v2\/posts"}],"about":[{"href":"https:\/\/vocesparalelas.com.ar\/sitio\/wp-json\/wp\/v2\/types\/post"}],"author":[{"embeddable":true,"href":"https:\/\/vocesparalelas.com.ar\/sitio\/wp-json\/wp\/v2\/users\/3"}],"replies":[{"embeddable":true,"href":"https:\/\/vocesparalelas.com.ar\/sitio\/wp-json\/wp\/v2\/comments?post=39147"}],"version-history":[{"count":1,"href":"https:\/\/vocesparalelas.com.ar\/sitio\/wp-json\/wp\/v2\/posts\/39147\/revisions"}],"predecessor-version":[{"id":39152,"href":"https:\/\/vocesparalelas.com.ar\/sitio\/wp-json\/wp\/v2\/posts\/39147\/revisions\/39152"}],"wp:featuredmedia":[{"embeddable":true,"href":"https:\/\/vocesparalelas.com.ar\/sitio\/wp-json\/wp\/v2\/media\/39151"}],"wp:attachment":[{"href":"https:\/\/vocesparalelas.com.ar\/sitio\/wp-json\/wp\/v2\/media?parent=39147"}],"wp:term":[{"taxonomy":"category","embeddable":true,"href":"https:\/\/vocesparalelas.com.ar\/sitio\/wp-json\/wp\/v2\/categories?post=39147"},{"taxonomy":"post_tag","embeddable":true,"href":"https:\/\/vocesparalelas.com.ar\/sitio\/wp-json\/wp\/v2\/tags?post=39147"}],"curies":[{"name":"wp","href":"https:\/\/api.w.org\/{rel}","templated":true}]}}