{"id":39142,"date":"2021-06-27T21:33:38","date_gmt":"2021-06-28T00:33:38","guid":{"rendered":"http:\/\/vocesparalelas.com.ar\/sitio\/?p=39142"},"modified":"2021-06-27T21:41:04","modified_gmt":"2021-06-28T00:41:04","slug":"homenaje-a-los-fallecidos-por-covid-19-en-argentina","status":"publish","type":"post","link":"https:\/\/vocesparalelas.com.ar\/sitio\/homenaje-a-los-fallecidos-por-covid-19-en-argentina\/","title":{"rendered":"Homenaje a los fallecidos por COVID-19 en Argentina"},"content":{"rendered":"<p>Rendir homenaje a los fallecidos por COVID-19 en Argentina, fue el motivo del acto que se realiz\u00f3 en el Centro Cultural Kirchner, y del que particip\u00f3 el gobernador de San Juan, Dr. Sergio U\u00f1ac, acompa\u00f1ando al presidente Dr. Alberto Fern\u00e1ndez, entre otros..<\/p>\n<p>El encuentro se llev\u00f3 a cabo al el Domingo, 27 de Junio. Participaron adem\u00e1s representantes de los diversos credos del pa\u00eds, trabajadores esenciales, gobernadores de otras provincias y el Jefe de Gabinete porte\u00f1o.<\/p>\n<p><img loading=\"lazy\" decoding=\"async\" class=\"alignnone wp-image-39145 size-full\" src=\"https:\/\/vocesparalelas.com.ar\/sitio\/wp-content\/uploads\/2021\/06\/UNAC-MEMORIA-01.jpg\" alt=\"\" width=\"800\" height=\"533\" srcset=\"https:\/\/vocesparalelas.com.ar\/sitio\/wp-content\/uploads\/2021\/06\/UNAC-MEMORIA-01.jpg 800w, https:\/\/vocesparalelas.com.ar\/sitio\/wp-content\/uploads\/2021\/06\/UNAC-MEMORIA-01-300x200.jpg 300w, https:\/\/vocesparalelas.com.ar\/sitio\/wp-content\/uploads\/2021\/06\/UNAC-MEMORIA-01-768x512.jpg 768w\" sizes=\"auto, (max-width: 800px) 100vw, 800px\" \/><\/p>\n<p>En este marco, el presidente Dr. Alberto Fern\u00e1ndez, reflexion\u00f3 y record\u00f3 a quienes perdieron la vida durante pandemia. \u201cEsta es una ceremonia de recogimiento y reflexi\u00f3n por las v\u00edctimas de esta pandemia. Estamos ac\u00e1 en memoria de cada una de las personas que fueron v\u00edctimas fatales. Cada una ten\u00eda un nombre, una vida. Todos tenemos afectos que perdimos en este tiempo, ausencias que provocan desasosiego y desconsuelo. No las olvidaremos nunca\u201d.<\/p>\n<p>\u201cEl virus es agresivo y causa dolor, impide tantas cosas importantes. Nuestras p\u00e9rdidas abrieron heridas que tendremos que curar, sanar como sociedad. En nombre de todos expreso una gratitud infinita a los trabajadores de la Salud y a todos los trabajadores esenciales\u201d.<\/p>\n<p>Al finalizar dijo que \u201cdebemos construir una Argentina unida y solidaria, que cuide de sus habitantes. Que todo esto nos de fuerza para construir un futuro, cuidemos a la Argentina\u201d.<\/p>\n<p>Debido a la situaci\u00f3n de pandemia que se vive, el acto fue breve, hubo interpretaciones musicales y un minuto de silencio. Lo que se busc\u00f3 con esta ceremonia es que el pueblo argentino pudiera encontrarse en un momento de uni\u00f3n y de memoria. Para esto, colocaron 24 velas encendidas que representaron a las v\u00edctimas de cada una de las provincias.<\/p>\n<p>&nbsp;<\/p>\n<p>&nbsp;<\/p>\n","protected":false},"excerpt":{"rendered":"<p>Rendir homenaje a los fallecidos por COVID-19 en Argentina, fue el motivo del acto que se realiz\u00f3 en el Centro<\/p>\n","protected":false},"author":3,"featured_media":39144,"comment_status":"closed","ping_status":"closed","sticky":false,"template":"","format":"standard","meta":{"_acf_changed":false,"_seopress_robots_primary_cat":"none","_seopress_titles_title":"","_seopress_titles_desc":"","_seopress_robots_index":"","colormag_page_container_layout":"default_layout","colormag_page_sidebar_layout":"default_layout","footnotes":""},"categories":[1],"tags":[],"class_list":["post-39142","post","type-post","status-publish","format-standard","has-post-thumbnail","hentry","category-destacadas"],"acf":[],"_links":{"self":[{"href":"https:\/\/vocesparalelas.com.ar\/sitio\/wp-json\/wp\/v2\/posts\/39142","targetHints":{"allow":["GET"]}}],"collection":[{"href":"https:\/\/vocesparalelas.com.ar\/sitio\/wp-json\/wp\/v2\/posts"}],"about":[{"href":"https:\/\/vocesparalelas.com.ar\/sitio\/wp-json\/wp\/v2\/types\/post"}],"author":[{"embeddable":true,"href":"https:\/\/vocesparalelas.com.ar\/sitio\/wp-json\/wp\/v2\/users\/3"}],"replies":[{"embeddable":true,"href":"https:\/\/vocesparalelas.com.ar\/sitio\/wp-json\/wp\/v2\/comments?post=39142"}],"version-history":[{"count":1,"href":"https:\/\/vocesparalelas.com.ar\/sitio\/wp-json\/wp\/v2\/posts\/39142\/revisions"}],"predecessor-version":[{"id":39146,"href":"https:\/\/vocesparalelas.com.ar\/sitio\/wp-json\/wp\/v2\/posts\/39142\/revisions\/39146"}],"wp:featuredmedia":[{"embeddable":true,"href":"https:\/\/vocesparalelas.com.ar\/sitio\/wp-json\/wp\/v2\/media\/39144"}],"wp:attachment":[{"href":"https:\/\/vocesparalelas.com.ar\/sitio\/wp-json\/wp\/v2\/media?parent=39142"}],"wp:term":[{"taxonomy":"category","embeddable":true,"href":"https:\/\/vocesparalelas.com.ar\/sitio\/wp-json\/wp\/v2\/categories?post=39142"},{"taxonomy":"post_tag","embeddable":true,"href":"https:\/\/vocesparalelas.com.ar\/sitio\/wp-json\/wp\/v2\/tags?post=39142"}],"curies":[{"name":"wp","href":"https:\/\/api.w.org\/{rel}","templated":true}]}}