{"id":39135,"date":"2021-06-27T20:40:26","date_gmt":"2021-06-27T23:40:26","guid":{"rendered":"http:\/\/vocesparalelas.com.ar\/sitio\/?p=39135"},"modified":"2021-06-29T00:04:15","modified_gmt":"2021-06-29T03:04:15","slug":"inscripciones-docentes-de-rama-primaria-en-los-departamentos-valle-fertil-iglesia-jachal-y-calingasta","status":"publish","type":"post","link":"https:\/\/vocesparalelas.com.ar\/sitio\/inscripciones-docentes-de-rama-primaria-en-los-departamentos-valle-fertil-iglesia-jachal-y-calingasta\/","title":{"rendered":"Inscripciones docentes de Rama Primaria en los Departamentos Valle F\u00e9rtil, Iglesia, J\u00e1chal y Calingasta"},"content":{"rendered":"<p>UDAP te ayuda e informa sobre la inscripci\u00f3n docentes Rama Primaria en los Departamentos Valle F\u00e9rtil, Iglesia, J\u00e1chal y Calingasta de San Juan teniendo en cuenta los requisitos para el Ciclo Lectivo 2022 para que cubras cargos interinos o suplentes. Respeta el Protocolo Sanitario cuando te presentes con tu documentaci\u00f3n requerida.<\/p>\n<p><img loading=\"lazy\" decoding=\"async\" class=\"alignnone wp-image-39137 size-full\" src=\"https:\/\/vocesparalelas.com.ar\/sitio\/wp-content\/uploads\/2021\/06\/UDAP-PRIMARIA-01.jpg\" alt=\"\" width=\"723\" height=\"1024\" \/><\/p>\n<p><img loading=\"lazy\" decoding=\"async\" class=\"alignnone wp-image-39138 size-full\" src=\"https:\/\/vocesparalelas.com.ar\/sitio\/wp-content\/uploads\/2021\/06\/UDAP-PRIMARIA-02.jpg\" alt=\"\" width=\"723\" height=\"1024\" \/><\/p>\n<p><img loading=\"lazy\" decoding=\"async\" class=\"alignnone wp-image-39139 size-full\" src=\"https:\/\/vocesparalelas.com.ar\/sitio\/wp-content\/uploads\/2021\/06\/UDAP-PRIMARIA-03.jpg\" alt=\"\" width=\"723\" height=\"1024\" \/><\/p>\n<p><img loading=\"lazy\" decoding=\"async\" class=\"alignnone wp-image-39140 size-full\" src=\"https:\/\/vocesparalelas.com.ar\/sitio\/wp-content\/uploads\/2021\/06\/UDAP-PRIMARIA-04.jpg\" alt=\"\" width=\"723\" height=\"1024\" \/><\/p>\n<p>&nbsp;<\/p>\n<p>&nbsp;<\/p>\n<p>&nbsp;<\/p>\n","protected":false},"excerpt":{"rendered":"<p>UDAP te ayuda e informa sobre la inscripci\u00f3n docentes Rama Primaria en los Departamentos Valle F\u00e9rtil, Iglesia, J\u00e1chal y Calingasta<\/p>\n","protected":false},"author":3,"featured_media":31590,"comment_status":"closed","ping_status":"closed","sticky":false,"template":"","format":"standard","meta":{"_acf_changed":false,"_seopress_robots_primary_cat":"none","_seopress_titles_title":"","_seopress_titles_desc":"","_seopress_robots_index":"","colormag_page_container_layout":"default_layout","colormag_page_sidebar_layout":"default_layout","footnotes":""},"categories":[5],"tags":[],"class_list":["post-39135","post","type-post","status-publish","format-standard","has-post-thumbnail","hentry","category-ofrecimientos"],"acf":[],"_links":{"self":[{"href":"https:\/\/vocesparalelas.com.ar\/sitio\/wp-json\/wp\/v2\/posts\/39135","targetHints":{"allow":["GET"]}}],"collection":[{"href":"https:\/\/vocesparalelas.com.ar\/sitio\/wp-json\/wp\/v2\/posts"}],"about":[{"href":"https:\/\/vocesparalelas.com.ar\/sitio\/wp-json\/wp\/v2\/types\/post"}],"author":[{"embeddable":true,"href":"https:\/\/vocesparalelas.com.ar\/sitio\/wp-json\/wp\/v2\/users\/3"}],"replies":[{"embeddable":true,"href":"https:\/\/vocesparalelas.com.ar\/sitio\/wp-json\/wp\/v2\/comments?post=39135"}],"version-history":[{"count":1,"href":"https:\/\/vocesparalelas.com.ar\/sitio\/wp-json\/wp\/v2\/posts\/39135\/revisions"}],"predecessor-version":[{"id":39141,"href":"https:\/\/vocesparalelas.com.ar\/sitio\/wp-json\/wp\/v2\/posts\/39135\/revisions\/39141"}],"wp:featuredmedia":[{"embeddable":true,"href":"https:\/\/vocesparalelas.com.ar\/sitio\/wp-json\/wp\/v2\/media\/31590"}],"wp:attachment":[{"href":"https:\/\/vocesparalelas.com.ar\/sitio\/wp-json\/wp\/v2\/media?parent=39135"}],"wp:term":[{"taxonomy":"category","embeddable":true,"href":"https:\/\/vocesparalelas.com.ar\/sitio\/wp-json\/wp\/v2\/categories?post=39135"},{"taxonomy":"post_tag","embeddable":true,"href":"https:\/\/vocesparalelas.com.ar\/sitio\/wp-json\/wp\/v2\/tags?post=39135"}],"curies":[{"name":"wp","href":"https:\/\/api.w.org\/{rel}","templated":true}]}}