{"id":39122,"date":"2021-06-25T23:10:03","date_gmt":"2021-06-26T02:10:03","guid":{"rendered":"http:\/\/vocesparalelas.com.ar\/sitio\/?p=39122"},"modified":"2021-06-25T23:10:50","modified_gmt":"2021-06-26T02:10:50","slug":"el-receso-de-invierno-en-la-unsj-comienza-el-12-de-julio-y-se-produce-un-desfasaje-con-san-juan","status":"publish","type":"post","link":"https:\/\/vocesparalelas.com.ar\/sitio\/el-receso-de-invierno-en-la-unsj-comienza-el-12-de-julio-y-se-produce-un-desfasaje-con-san-juan\/","title":{"rendered":"El receso de invierno en la UNSJ comienza el 12 de Julio y se produce un desfasaje con San Juan"},"content":{"rendered":"<p>Aunque desde el Ministerio de Educaci\u00f3n del Gobierno de San Juan se inform\u00f3 que el receso de invierno comienza el 5 de julio, desde secretar\u00eda Acad\u00e9mica de la UNSJ se mantendr\u00eda la fecha fijada con anterioridad, es decir, el 12 de Julio.<\/p>\n<p>Si bien resta la decisi\u00f3n final del rector Dr. Oscar Nasisi, el titular de la secretar\u00eda, Lic. Daniel Bustos, explic\u00f3 que \u201cdado que el 8 de Julio es la proclamaci\u00f3n de las nuevas autoridades electas, la decisi\u00f3n del receso est\u00e1 condicionada, por lo que es muy probable que se produzca un desfasaje con la fecha del receso que fij\u00f3 la provincia de San Juan\u201d.<\/p>\n","protected":false},"excerpt":{"rendered":"<p>Aunque desde el Ministerio de Educaci\u00f3n del Gobierno de San Juan se inform\u00f3 que el receso de invierno comienza el<\/p>\n","protected":false},"author":3,"featured_media":37900,"comment_status":"closed","ping_status":"closed","sticky":false,"template":"","format":"standard","meta":{"_acf_changed":false,"_seopress_robots_primary_cat":"none","_seopress_titles_title":"","_seopress_titles_desc":"","_seopress_robots_index":"","colormag_page_container_layout":"default_layout","colormag_page_sidebar_layout":"default_layout","footnotes":""},"categories":[1],"tags":[],"class_list":["post-39122","post","type-post","status-publish","format-standard","has-post-thumbnail","hentry","category-destacadas"],"acf":[],"_links":{"self":[{"href":"https:\/\/vocesparalelas.com.ar\/sitio\/wp-json\/wp\/v2\/posts\/39122","targetHints":{"allow":["GET"]}}],"collection":[{"href":"https:\/\/vocesparalelas.com.ar\/sitio\/wp-json\/wp\/v2\/posts"}],"about":[{"href":"https:\/\/vocesparalelas.com.ar\/sitio\/wp-json\/wp\/v2\/types\/post"}],"author":[{"embeddable":true,"href":"https:\/\/vocesparalelas.com.ar\/sitio\/wp-json\/wp\/v2\/users\/3"}],"replies":[{"embeddable":true,"href":"https:\/\/vocesparalelas.com.ar\/sitio\/wp-json\/wp\/v2\/comments?post=39122"}],"version-history":[{"count":2,"href":"https:\/\/vocesparalelas.com.ar\/sitio\/wp-json\/wp\/v2\/posts\/39122\/revisions"}],"predecessor-version":[{"id":39125,"href":"https:\/\/vocesparalelas.com.ar\/sitio\/wp-json\/wp\/v2\/posts\/39122\/revisions\/39125"}],"wp:featuredmedia":[{"embeddable":true,"href":"https:\/\/vocesparalelas.com.ar\/sitio\/wp-json\/wp\/v2\/media\/37900"}],"wp:attachment":[{"href":"https:\/\/vocesparalelas.com.ar\/sitio\/wp-json\/wp\/v2\/media?parent=39122"}],"wp:term":[{"taxonomy":"category","embeddable":true,"href":"https:\/\/vocesparalelas.com.ar\/sitio\/wp-json\/wp\/v2\/categories?post=39122"},{"taxonomy":"post_tag","embeddable":true,"href":"https:\/\/vocesparalelas.com.ar\/sitio\/wp-json\/wp\/v2\/tags?post=39122"}],"curies":[{"name":"wp","href":"https:\/\/api.w.org\/{rel}","templated":true}]}}