{"id":39118,"date":"2021-06-25T22:21:15","date_gmt":"2021-06-26T01:21:15","guid":{"rendered":"http:\/\/vocesparalelas.com.ar\/sitio\/?p=39118"},"modified":"2021-06-25T22:21:15","modified_gmt":"2021-06-26T01:21:15","slug":"el-receso-de-invierno-en-san-juan-se-desarrolla-del-5-al-16-de-julio","status":"publish","type":"post","link":"https:\/\/vocesparalelas.com.ar\/sitio\/el-receso-de-invierno-en-san-juan-se-desarrolla-del-5-al-16-de-julio\/","title":{"rendered":"El Receso de Invierno en San Juan se desarrolla del 5 al 16 de Julio"},"content":{"rendered":"<p>El Viernes, 25 de Junio, el ministro de Educaci\u00f3n del Gobierno de San Juan, Lic. Felipe De Los R\u00edos, se reuni\u00f3 con los integrantes del secretariado ejecutivo de los gremios docentes de UDAP, Prof. Luis Lucero; de UDA, Prof. Julio Roberto Rosa y de AMET, Prof. Daniel Quiroga, donde convalidaron la fecha del receso escolar invernal y la modalidad pedag\u00f3gica que se desarrollar\u00e1 a partir del 19 de julio, una vez terminado el receso.<\/p>\n<p>Adem\u00e1s se inform\u00f3 la respectiva organizaci\u00f3n institucional de las escuelas en las semanas de receso. Del encuentro adem\u00e1s participaron adem\u00e1s la secretaria de Educaci\u00f3n, Lic. Rosana Vicentela; la asesora Prof. Mariana Paz, el subsecretario de Medicina Preventiva, Dr. Mat\u00edas Espejo e integrantes del secretariado ejecutivo de los gremios.<\/p>\n<p>El ministro de Educaci\u00f3n, Lic. Felipe De Los R\u00edos dio la bienvenida a cada uno de los presentes y al subsecretario de Medicina Preventiva, quien expuso la situaci\u00f3n sanitaria actual de la provincia al transitar la segunda ola de la pandemia de COVID -19.<\/p>\n<p>El Dr. Espejo explic\u00f3 que conforme a los n\u00fameros e informaci\u00f3n diaria que recaba Salud, la provincia presenta una situaci\u00f3n epidemiol\u00f3gica que registr\u00f3 un incremento de casos del 16-05 al 22-05, con un segundo pico de menor magnitud y luego del 23, un amesetamiento de los casos (500 en promedio), pero que siguen siendo importantes por lo que se contin\u00faa con estrictos protocolos sanitarios.<\/p>\n<p>El profesional advirti\u00f3 que actualmente los casos m\u00e1s graves internados en terapia intensiva se concentran en la franja etaria de 20 a 40 a\u00f1os, gente joven, por lo que se infiere que las mayores causales de contagio es en el traslado por trabajo y las reuniones sociales.<\/p>\n<p>El programa estrat\u00e9gico de vacunaci\u00f3n avanza sin inconvenientes y reconoci\u00f3 que el factor clim\u00e1tico en estos meses tiene una gran incidencia, considerando que el adelantamiento del receso escolar invernal ser\u00eda muy conveniente para coadyuvar a la situaci\u00f3n sanitaria de la provincia.<\/p>\n<p>Ante el informe, los gremialistas y las autoridades acordaron que el receso escolar invernal se adec\u00fae de la siguiente manera del 5 al 16 de julio.<\/p>\n<p>Asimismo acordaron que el Mi\u00e9rcoles, 30 de Junio, se reunir\u00e1n para analizar la readecuaci\u00f3n pedag\u00f3gica necesaria a aplicar al culminar el receso invernal, considerando la situaci\u00f3n sanitaria y la posibilidad de recuperaci\u00f3n de saberes pedag\u00f3gicos de los alumnos que est\u00e1n en proceso de fortalecimiento en la unidad pedag\u00f3gica temporal y\/o en la formaci\u00f3n acompa\u00f1ada.<\/p>\n<p><span style=\"color: #339966;\"><strong>M\u00f3dulos alimentarios y cuidados en escuelas agroindustriales<\/strong><\/span><\/p>\n<p>Adem\u00e1s se determin\u00f3 que todos los establecimientos educativos que cuenten con entrega de m\u00f3dulos alimentarios, los que tiene obras en ejecuci\u00f3n, regad\u00edo de cultivos, cuidados de animales y procesos agroindustriales en desarrollo, deben garantizar a trav\u00e9s de su equipo directivo la asistencia m\u00ednima e indispensable del personal del establecimiento, para cumplir con las tareas esenciales. Esto teniendo en cuenta las medidas de prevenci\u00f3n sanitarias se deber\u00e1 realizar con personal m\u00ednimo pero suficiente para cumplir con las tareas.<\/p>\n<p>Los secretarios generales de UDAP. UDA y AMET solicitaron que a trav\u00e9s de distintos medios se exhorte a los padres de los alumnos del \u00faltimo a\u00f1o de secundaria al compromiso para que tomen las medidas necesarias de prevenci\u00f3n sanitaria, en posibles e inevitables, encuentros de alumnos.<\/p>\n","protected":false},"excerpt":{"rendered":"<p>El Viernes, 25 de Junio, el ministro de Educaci\u00f3n del Gobierno de San Juan, Lic. Felipe De Los R\u00edos, se<\/p>\n","protected":false},"author":3,"featured_media":39120,"comment_status":"closed","ping_status":"closed","sticky":false,"template":"","format":"standard","meta":{"_acf_changed":false,"_seopress_robots_primary_cat":"none","_seopress_titles_title":"","_seopress_titles_desc":"","_seopress_robots_index":"","colormag_page_container_layout":"default_layout","colormag_page_sidebar_layout":"default_layout","footnotes":""},"categories":[1],"tags":[],"class_list":["post-39118","post","type-post","status-publish","format-standard","has-post-thumbnail","hentry","category-destacadas"],"acf":[],"_links":{"self":[{"href":"https:\/\/vocesparalelas.com.ar\/sitio\/wp-json\/wp\/v2\/posts\/39118","targetHints":{"allow":["GET"]}}],"collection":[{"href":"https:\/\/vocesparalelas.com.ar\/sitio\/wp-json\/wp\/v2\/posts"}],"about":[{"href":"https:\/\/vocesparalelas.com.ar\/sitio\/wp-json\/wp\/v2\/types\/post"}],"author":[{"embeddable":true,"href":"https:\/\/vocesparalelas.com.ar\/sitio\/wp-json\/wp\/v2\/users\/3"}],"replies":[{"embeddable":true,"href":"https:\/\/vocesparalelas.com.ar\/sitio\/wp-json\/wp\/v2\/comments?post=39118"}],"version-history":[{"count":1,"href":"https:\/\/vocesparalelas.com.ar\/sitio\/wp-json\/wp\/v2\/posts\/39118\/revisions"}],"predecessor-version":[{"id":39121,"href":"https:\/\/vocesparalelas.com.ar\/sitio\/wp-json\/wp\/v2\/posts\/39118\/revisions\/39121"}],"wp:featuredmedia":[{"embeddable":true,"href":"https:\/\/vocesparalelas.com.ar\/sitio\/wp-json\/wp\/v2\/media\/39120"}],"wp:attachment":[{"href":"https:\/\/vocesparalelas.com.ar\/sitio\/wp-json\/wp\/v2\/media?parent=39118"}],"wp:term":[{"taxonomy":"category","embeddable":true,"href":"https:\/\/vocesparalelas.com.ar\/sitio\/wp-json\/wp\/v2\/categories?post=39118"},{"taxonomy":"post_tag","embeddable":true,"href":"https:\/\/vocesparalelas.com.ar\/sitio\/wp-json\/wp\/v2\/tags?post=39118"}],"curies":[{"name":"wp","href":"https:\/\/api.w.org\/{rel}","templated":true}]}}