{"id":39091,"date":"2021-06-25T12:16:46","date_gmt":"2021-06-25T15:16:46","guid":{"rendered":"http:\/\/vocesparalelas.com.ar\/sitio\/?p=39091"},"modified":"2021-06-27T22:17:52","modified_gmt":"2021-06-28T01:17:52","slug":"segunda-vuelta-en-las-elecciones-2021-unsj-entre-el-ing-tadeo-berenguer-y-el-arq-jorge-cocinero-para-rector","status":"publish","type":"post","link":"https:\/\/vocesparalelas.com.ar\/sitio\/segunda-vuelta-en-las-elecciones-2021-unsj-entre-el-ing-tadeo-berenguer-y-el-arq-jorge-cocinero-para-rector\/","title":{"rendered":"Segunda vuelta en las Elecciones 2021 UNSJ entre el Ing. Tadeo Berenguer y el Arq, Jorge Cocinero para Rector"},"content":{"rendered":"<p>Pasadas las 3.30 de la madrugada finaliz\u00f3 la carga de datos en la Junta Electoral y se dieron a conocer los resultados que consagran a la f\u00f3rmula Tadeo Berenguer-Anal\u00eda Ponce como la m\u00e1s votada para ocupar los cargos de rector y vicerrectora, seguidos de la f\u00f3rmula que integran Jorge Cocinero y Marcelo Bellini.<\/p>\n<figure id=\"attachment_39081\" aria-describedby=\"caption-attachment-39081\" style=\"width: 800px\" class=\"wp-caption alignnone\"><img loading=\"lazy\" decoding=\"async\" class=\"wp-image-39081 size-full\" src=\"https:\/\/vocesparalelas.com.ar\/sitio\/wp-content\/uploads\/2021\/06\/TADEO-BERENGUER-ANALIA-04.jpg\" alt=\"\" width=\"800\" height=\"533\" srcset=\"https:\/\/vocesparalelas.com.ar\/sitio\/wp-content\/uploads\/2021\/06\/TADEO-BERENGUER-ANALIA-04.jpg 800w, https:\/\/vocesparalelas.com.ar\/sitio\/wp-content\/uploads\/2021\/06\/TADEO-BERENGUER-ANALIA-04-300x200.jpg 300w, https:\/\/vocesparalelas.com.ar\/sitio\/wp-content\/uploads\/2021\/06\/TADEO-BERENGUER-ANALIA-04-768x512.jpg 768w\" sizes=\"auto, (max-width: 800px) 100vw, 800px\" \/><figcaption id=\"caption-attachment-39081\" class=\"wp-caption-text\">Candidato a Rector de la UNSJ por \u00abVamos UNSJ\u00bb, Ing. Tadeo Berenguer junto a la vicerectora, Dra. Anal\u00eda Ponce<\/figcaption><\/figure>\n<p>&nbsp;<\/p>\n<figure id=\"attachment_39084\" aria-describedby=\"caption-attachment-39084\" style=\"width: 800px\" class=\"wp-caption alignnone\"><img loading=\"lazy\" decoding=\"async\" class=\"wp-image-39084 size-full\" src=\"https:\/\/vocesparalelas.com.ar\/sitio\/wp-content\/uploads\/2021\/06\/COCINERO-BELLINI.jpg\" alt=\"\" width=\"800\" height=\"533\" srcset=\"https:\/\/vocesparalelas.com.ar\/sitio\/wp-content\/uploads\/2021\/06\/COCINERO-BELLINI.jpg 800w, https:\/\/vocesparalelas.com.ar\/sitio\/wp-content\/uploads\/2021\/06\/COCINERO-BELLINI-300x200.jpg 300w, https:\/\/vocesparalelas.com.ar\/sitio\/wp-content\/uploads\/2021\/06\/COCINERO-BELLINI-768x512.jpg 768w\" sizes=\"auto, (max-width: 800px) 100vw, 800px\" \/><figcaption id=\"caption-attachment-39084\" class=\"wp-caption-text\">Formula de Activa candidato a vicerrector Ing. Marcelo Bellini junto al candidato a Rector Arq. Jorge Cocinero<\/figcaption><\/figure>\n<p>Como ninguna de las dos alcanz\u00f3 m\u00e1s del 50% de los votos, el 1 de julio habr\u00e1 segunda vuelta, ya que Berenguer obtuvo el 32,41% y Cocinero el 26,08%.<\/p>\n<p>Hasta \u00faltimo momento se mantuvo el final abierto en cuanto a cu\u00e1l era la f\u00f3rmula que disputar\u00eda el ballotage con Tadeo Berenguer, ya que el segundo, tercero y cuarto lugar estaban muy parejos y con poca diferencia de porcentajes.<\/p>\n<p>Fue reci\u00e9n pasada la medianoche que la dupla Cocinero-Bellini se despeg\u00f3 de las otras dos, que encabezaban Mg. Rosa Garbarino y el Arq. Roberto G\u00f3mez, para posicionarse en el segundo lugar.<\/p>\n<p>En cuanto a los otros candidatos, los resultados dicen que Roberto G\u00f3mez y Ana Naranjo quedaron en tercer lugar, con el 20,17%, seguidos muy de cerca por Rosa Garbarino, que qued\u00f3 con el 19,47%. En quinto lugar qued\u00f3 Emilio Fern\u00e1ndez, con el 1,87% de los votos.<\/p>\n<p>En las facultades, el resultado fue el siguiente: Ingenier\u00eda: Mario Fern\u00e1ndez, 49%; Miguel Garc\u00e9s 32% y Osvaldo Estevez, 19%. Exactas: Rodolfo Bloch, 50.98% de los votos; Mario Gim\u00e9nez el 49.02%. Filosof\u00eda: Myriam Arrabal 56,97%; Eduardo Carelli 43,03% Sociales: Marcelo Lucero 43,07%; Ra\u00fal Garc\u00eda 35,34%; Jos\u00e9 Luis Miolano 11,77%; Leonardo Drazic , 9,82%. Arquitectura: Guillermo Velasco 38,44%, Alejandro \u00c1lvarez 34,46%; Carlos Herrera 27,70% Escuela Universitaria de Ciencias de la Salud: \u00c1ngel Pinto 49.46%; Carina P\u00e9rez 27,13% ; Marcelo Chancay, con el 23,41%.<\/p>\n<p>Adem\u00e1s del Rectorado, seg\u00fan los datos finales, Rodolfo Bloch y Myriam Arrabal ya alcanzaron el decanato de sus respectivas facultades y corresponder\u00eda segunda vuelta en Sociales, Arquitectura, Ciencias de la Salud e Ingenier\u00eda, pero en horas de la madrugada se conoci\u00f3 que Miguel Garc\u00e9s habr\u00eda desestimado concurrir al ballotage en Ingenier\u00eda.<\/p>\n<p>&nbsp;<\/p>\n<p>&nbsp;<\/p>\n","protected":false},"excerpt":{"rendered":"<p>Pasadas las 3.30 de la madrugada finaliz\u00f3 la carga de datos en la Junta Electoral y se dieron a conocer<\/p>\n","protected":false},"author":3,"featured_media":38589,"comment_status":"closed","ping_status":"closed","sticky":false,"template":"","format":"standard","meta":{"_acf_changed":false,"_seopress_robots_primary_cat":"none","_seopress_titles_title":"","_seopress_titles_desc":"","_seopress_robots_index":"","colormag_page_container_layout":"default_layout","colormag_page_sidebar_layout":"default_layout","footnotes":""},"categories":[6],"tags":[],"class_list":["post-39091","post","type-post","status-publish","format-standard","has-post-thumbnail","hentry","category-eventos"],"acf":[],"_links":{"self":[{"href":"https:\/\/vocesparalelas.com.ar\/sitio\/wp-json\/wp\/v2\/posts\/39091","targetHints":{"allow":["GET"]}}],"collection":[{"href":"https:\/\/vocesparalelas.com.ar\/sitio\/wp-json\/wp\/v2\/posts"}],"about":[{"href":"https:\/\/vocesparalelas.com.ar\/sitio\/wp-json\/wp\/v2\/types\/post"}],"author":[{"embeddable":true,"href":"https:\/\/vocesparalelas.com.ar\/sitio\/wp-json\/wp\/v2\/users\/3"}],"replies":[{"embeddable":true,"href":"https:\/\/vocesparalelas.com.ar\/sitio\/wp-json\/wp\/v2\/comments?post=39091"}],"version-history":[{"count":3,"href":"https:\/\/vocesparalelas.com.ar\/sitio\/wp-json\/wp\/v2\/posts\/39091\/revisions"}],"predecessor-version":[{"id":39095,"href":"https:\/\/vocesparalelas.com.ar\/sitio\/wp-json\/wp\/v2\/posts\/39091\/revisions\/39095"}],"wp:featuredmedia":[{"embeddable":true,"href":"https:\/\/vocesparalelas.com.ar\/sitio\/wp-json\/wp\/v2\/media\/38589"}],"wp:attachment":[{"href":"https:\/\/vocesparalelas.com.ar\/sitio\/wp-json\/wp\/v2\/media?parent=39091"}],"wp:term":[{"taxonomy":"category","embeddable":true,"href":"https:\/\/vocesparalelas.com.ar\/sitio\/wp-json\/wp\/v2\/categories?post=39091"},{"taxonomy":"post_tag","embeddable":true,"href":"https:\/\/vocesparalelas.com.ar\/sitio\/wp-json\/wp\/v2\/tags?post=39091"}],"curies":[{"name":"wp","href":"https:\/\/api.w.org\/{rel}","templated":true}]}}