{"id":39073,"date":"2021-06-24T21:40:12","date_gmt":"2021-06-25T00:40:12","guid":{"rendered":"http:\/\/vocesparalelas.com.ar\/sitio\/?p=39073"},"modified":"2021-06-25T22:48:30","modified_gmt":"2021-06-26T01:48:30","slug":"algunas-voces-que-apuestan-a-la-democracia-de-la-unsj","status":"publish","type":"post","link":"https:\/\/vocesparalelas.com.ar\/sitio\/algunas-voces-que-apuestan-a-la-democracia-de-la-unsj\/","title":{"rendered":"Algunas Voces que apuestan a la Democracia de la UNSJ"},"content":{"rendered":"<p>Durante el Jueves, 24 de Junio, d\u00eda clave para el desarrollo de las Elecciones de la Universidad Nacional de San Juan, donde la comunidad universidad emiti\u00f3 su voto en la urna para la renovaci\u00f3n de las autoridades de los distintos estamentos.<\/p>\n<p>Voces Paralelas realiz\u00f3 el recorrido por distintos \u00e1mbitos y tuvo la oportunidad de encontrar distintas autoridades que nos permiti\u00f3 compartir sus voces hacia la idea de propiciar la Democracia en la instituci\u00f3n para que todos pueda trabajar en el futuro del camnino de la UNSJ.<\/p>\n<p>Una voz es la del Rector de la UNSJ, Dr. Oscar Nasisi concurri\u00f3 a emitir su voto a la Facultad de Ingenier\u00eda donde expres\u00f3 que \u00abestas elecciones me permite entregar el mando del destino de nuestra Universidad Nacional de San Juan\u00bb.<\/p>\n<figure id=\"attachment_39079\" aria-describedby=\"caption-attachment-39079\" style=\"width: 800px\" class=\"wp-caption alignnone\"><img loading=\"lazy\" decoding=\"async\" class=\"wp-image-39079 size-full\" src=\"https:\/\/vocesparalelas.com.ar\/sitio\/wp-content\/uploads\/2021\/06\/NASISI-OSCAR-02.jpg\" alt=\"\" width=\"800\" height=\"533\" srcset=\"https:\/\/vocesparalelas.com.ar\/sitio\/wp-content\/uploads\/2021\/06\/NASISI-OSCAR-02.jpg 800w, https:\/\/vocesparalelas.com.ar\/sitio\/wp-content\/uploads\/2021\/06\/NASISI-OSCAR-02-300x200.jpg 300w, https:\/\/vocesparalelas.com.ar\/sitio\/wp-content\/uploads\/2021\/06\/NASISI-OSCAR-02-768x512.jpg 768w\" sizes=\"auto, (max-width: 800px) 100vw, 800px\" \/><figcaption id=\"caption-attachment-39079\" class=\"wp-caption-text\">Rector de la UNSJ, Dr. Oscar Nasisi<\/figcaption><\/figure>\n<p>&nbsp;<\/p>\n<p><iframe loading=\"lazy\" title=\"UNSJ ELECCIONES\" width=\"800\" height=\"450\" src=\"https:\/\/www.youtube.com\/embed\/oTawsoNKFxA?feature=oembed\" frameborder=\"0\" allow=\"accelerometer; autoplay; clipboard-write; encrypted-media; gyroscope; picture-in-picture\" allowfullscreen><\/iframe><\/p>\n<p>&nbsp;<\/p>\n<figure id=\"attachment_39080\" aria-describedby=\"caption-attachment-39080\" style=\"width: 800px\" class=\"wp-caption alignnone\"><img loading=\"lazy\" decoding=\"async\" class=\"wp-image-39080 size-full\" src=\"https:\/\/vocesparalelas.com.ar\/sitio\/wp-content\/uploads\/2021\/06\/NAISIS-OSCAR-01.jpg\" alt=\"\" width=\"800\" height=\"533\" srcset=\"https:\/\/vocesparalelas.com.ar\/sitio\/wp-content\/uploads\/2021\/06\/NAISIS-OSCAR-01.jpg 800w, https:\/\/vocesparalelas.com.ar\/sitio\/wp-content\/uploads\/2021\/06\/NAISIS-OSCAR-01-300x200.jpg 300w, https:\/\/vocesparalelas.com.ar\/sitio\/wp-content\/uploads\/2021\/06\/NAISIS-OSCAR-01-768x512.jpg 768w\" sizes=\"auto, (max-width: 800px) 100vw, 800px\" \/><figcaption id=\"caption-attachment-39080\" class=\"wp-caption-text\">Rector de la UNSJ, Dr. Oscar Nasisi<\/figcaption><\/figure>\n<p>Otra voz es la voz del candidato \u00abVamos UNSJ\u00bb, Ing. Tadeo Berenguer, quien apost\u00f3 a ser candidato a rector de la UNSJ y apel\u00f3 a la necesidad de emitir el voto para engrandecer la instituci\u00f3n.<\/p>\n<figure id=\"attachment_39083\" aria-describedby=\"caption-attachment-39083\" style=\"width: 800px\" class=\"wp-caption alignnone\"><img loading=\"lazy\" decoding=\"async\" class=\"wp-image-39083 size-full\" src=\"https:\/\/vocesparalelas.com.ar\/sitio\/wp-content\/uploads\/2021\/06\/TADEO-BEREBGUER-11.jpg\" alt=\"\" width=\"800\" height=\"533\" srcset=\"https:\/\/vocesparalelas.com.ar\/sitio\/wp-content\/uploads\/2021\/06\/TADEO-BEREBGUER-11.jpg 800w, https:\/\/vocesparalelas.com.ar\/sitio\/wp-content\/uploads\/2021\/06\/TADEO-BEREBGUER-11-300x200.jpg 300w, https:\/\/vocesparalelas.com.ar\/sitio\/wp-content\/uploads\/2021\/06\/TADEO-BEREBGUER-11-768x512.jpg 768w\" sizes=\"auto, (max-width: 800px) 100vw, 800px\" \/><figcaption id=\"caption-attachment-39083\" class=\"wp-caption-text\">Candidato a Rector de la UNSJ por \u00abVamos UNSJ\u00bb, Ing. Tadeo Berenguer<\/figcaption><\/figure>\n<p>&nbsp;<\/p>\n<p><iframe loading=\"lazy\" title=\"UNSJ ELECCIONES\" width=\"800\" height=\"450\" src=\"https:\/\/www.youtube.com\/embed\/c4Wx26H9g6M?feature=oembed\" frameborder=\"0\" allow=\"accelerometer; autoplay; clipboard-write; encrypted-media; gyroscope; picture-in-picture\" allowfullscreen><\/iframe><\/p>\n<figure id=\"attachment_39081\" aria-describedby=\"caption-attachment-39081\" style=\"width: 800px\" class=\"wp-caption alignnone\"><img loading=\"lazy\" decoding=\"async\" class=\"wp-image-39081 size-full\" src=\"https:\/\/vocesparalelas.com.ar\/sitio\/wp-content\/uploads\/2021\/06\/TADEO-BERENGUER-ANALIA-04.jpg\" alt=\"\" width=\"800\" height=\"533\" srcset=\"https:\/\/vocesparalelas.com.ar\/sitio\/wp-content\/uploads\/2021\/06\/TADEO-BERENGUER-ANALIA-04.jpg 800w, https:\/\/vocesparalelas.com.ar\/sitio\/wp-content\/uploads\/2021\/06\/TADEO-BERENGUER-ANALIA-04-300x200.jpg 300w, https:\/\/vocesparalelas.com.ar\/sitio\/wp-content\/uploads\/2021\/06\/TADEO-BERENGUER-ANALIA-04-768x512.jpg 768w\" sizes=\"auto, (max-width: 800px) 100vw, 800px\" \/><figcaption id=\"caption-attachment-39081\" class=\"wp-caption-text\">Candidato a Rector de la UNSJ por \u00abVamos UNSJ\u00bb, Ing. Tadeo Berenguer junto a la vicerectora, Dra. Anal\u00eda Ponce<\/figcaption><\/figure>\n<p>&nbsp;<\/p>\n<figure id=\"attachment_39082\" aria-describedby=\"caption-attachment-39082\" style=\"width: 800px\" class=\"wp-caption alignnone\"><img loading=\"lazy\" decoding=\"async\" class=\"wp-image-39082 size-full\" src=\"https:\/\/vocesparalelas.com.ar\/sitio\/wp-content\/uploads\/2021\/06\/TADEO-BEREBGUER10.jpg\" alt=\"\" width=\"800\" height=\"693\" srcset=\"https:\/\/vocesparalelas.com.ar\/sitio\/wp-content\/uploads\/2021\/06\/TADEO-BEREBGUER10.jpg 800w, https:\/\/vocesparalelas.com.ar\/sitio\/wp-content\/uploads\/2021\/06\/TADEO-BEREBGUER10-300x260.jpg 300w, https:\/\/vocesparalelas.com.ar\/sitio\/wp-content\/uploads\/2021\/06\/TADEO-BEREBGUER10-768x665.jpg 768w\" sizes=\"auto, (max-width: 800px) 100vw, 800px\" \/><figcaption id=\"caption-attachment-39082\" class=\"wp-caption-text\">Candidato a Rector de la UNSJ por \u00abVamos UNSJ\u00bb, Ing. Tadeo Berenguer<\/figcaption><\/figure>\n<p>Otra voz es el candidato a Rector de la UNSJ, Arq. Jorge Cocinero junto al vicerrector Ing. Marcelo Bellini por \u201cUniversidad Activa\u201d Arq. Jorge Cocinero, quien destac\u00f3 la importancia de las elecciones en la Universidad Nacional de San Juan.<\/p>\n<figure id=\"attachment_39084\" aria-describedby=\"caption-attachment-39084\" style=\"width: 800px\" class=\"wp-caption alignnone\"><img loading=\"lazy\" decoding=\"async\" class=\"wp-image-39084 size-full\" src=\"https:\/\/vocesparalelas.com.ar\/sitio\/wp-content\/uploads\/2021\/06\/COCINERO-BELLINI.jpg\" alt=\"\" width=\"800\" height=\"533\" srcset=\"https:\/\/vocesparalelas.com.ar\/sitio\/wp-content\/uploads\/2021\/06\/COCINERO-BELLINI.jpg 800w, https:\/\/vocesparalelas.com.ar\/sitio\/wp-content\/uploads\/2021\/06\/COCINERO-BELLINI-300x200.jpg 300w, https:\/\/vocesparalelas.com.ar\/sitio\/wp-content\/uploads\/2021\/06\/COCINERO-BELLINI-768x512.jpg 768w\" sizes=\"auto, (max-width: 800px) 100vw, 800px\" \/><figcaption id=\"caption-attachment-39084\" class=\"wp-caption-text\">Formula de Universidad Activa candidato a vicerrector Ing. Marcelo Bellini junto al candidato a Rector Arq. Jorge Cocinero<\/figcaption><\/figure>\n<p>&nbsp;<\/p>\n<p><iframe loading=\"lazy\" title=\"UNSJ ELECCIONES\" width=\"800\" height=\"450\" src=\"https:\/\/www.youtube.com\/embed\/AMAPnPxe3gY?feature=oembed\" frameborder=\"0\" allow=\"accelerometer; autoplay; clipboard-write; encrypted-media; gyroscope; picture-in-picture\" allowfullscreen><\/iframe><\/p>\n<p>&nbsp;<\/p>\n<figure id=\"attachment_39086\" aria-describedby=\"caption-attachment-39086\" style=\"width: 800px\" class=\"wp-caption alignnone\"><img loading=\"lazy\" decoding=\"async\" class=\"wp-image-39086 size-full\" src=\"https:\/\/vocesparalelas.com.ar\/sitio\/wp-content\/uploads\/2021\/06\/COCINERO-VOTO.jpg\" alt=\"\" width=\"800\" height=\"450\" srcset=\"https:\/\/vocesparalelas.com.ar\/sitio\/wp-content\/uploads\/2021\/06\/COCINERO-VOTO.jpg 800w, https:\/\/vocesparalelas.com.ar\/sitio\/wp-content\/uploads\/2021\/06\/COCINERO-VOTO-300x169.jpg 300w, https:\/\/vocesparalelas.com.ar\/sitio\/wp-content\/uploads\/2021\/06\/COCINERO-VOTO-768x432.jpg 768w\" sizes=\"auto, (max-width: 800px) 100vw, 800px\" \/><figcaption id=\"caption-attachment-39086\" class=\"wp-caption-text\">Candidato a Rector Arq. Jorge Cocinero por \u00abUniversidad Activa\u00bb.<\/figcaption><\/figure>\n<figure id=\"attachment_39085\" aria-describedby=\"caption-attachment-39085\" style=\"width: 800px\" class=\"wp-caption alignnone\"><img loading=\"lazy\" decoding=\"async\" class=\"wp-image-39085 size-full\" src=\"https:\/\/vocesparalelas.com.ar\/sitio\/wp-content\/uploads\/2021\/06\/MARCELO-BELLINI.jpg\" alt=\"\" width=\"800\" height=\"533\" srcset=\"https:\/\/vocesparalelas.com.ar\/sitio\/wp-content\/uploads\/2021\/06\/MARCELO-BELLINI.jpg 800w, https:\/\/vocesparalelas.com.ar\/sitio\/wp-content\/uploads\/2021\/06\/MARCELO-BELLINI-300x200.jpg 300w, https:\/\/vocesparalelas.com.ar\/sitio\/wp-content\/uploads\/2021\/06\/MARCELO-BELLINI-768x512.jpg 768w\" sizes=\"auto, (max-width: 800px) 100vw, 800px\" \/><figcaption id=\"caption-attachment-39085\" class=\"wp-caption-text\">Candidato a vicerrector Ing. Marcelo Bellini por \u00abUniversidad Activa\u00bb.<\/figcaption><\/figure>\n<p>&nbsp;<\/p>\n<p>&nbsp;<\/p>\n<p>&nbsp;<\/p>\n","protected":false},"excerpt":{"rendered":"<p>Durante el Jueves, 24 de Junio, d\u00eda clave para el desarrollo de las Elecciones de la Universidad Nacional de San<\/p>\n","protected":false},"author":3,"featured_media":39076,"comment_status":"closed","ping_status":"closed","sticky":false,"template":"","format":"video","meta":{"_acf_changed":false,"_seopress_robots_primary_cat":"none","_seopress_titles_title":"","_seopress_titles_desc":"","_seopress_robots_index":"","colormag_page_container_layout":"default_layout","colormag_page_sidebar_layout":"default_layout","footnotes":""},"categories":[10,7],"tags":[],"class_list":["post-39073","post","type-post","status-publish","format-video","has-post-thumbnail","hentry","category-opiniones","category-videos","post_format-post-format-video"],"acf":[],"_links":{"self":[{"href":"https:\/\/vocesparalelas.com.ar\/sitio\/wp-json\/wp\/v2\/posts\/39073","targetHints":{"allow":["GET"]}}],"collection":[{"href":"https:\/\/vocesparalelas.com.ar\/sitio\/wp-json\/wp\/v2\/posts"}],"about":[{"href":"https:\/\/vocesparalelas.com.ar\/sitio\/wp-json\/wp\/v2\/types\/post"}],"author":[{"embeddable":true,"href":"https:\/\/vocesparalelas.com.ar\/sitio\/wp-json\/wp\/v2\/users\/3"}],"replies":[{"embeddable":true,"href":"https:\/\/vocesparalelas.com.ar\/sitio\/wp-json\/wp\/v2\/comments?post=39073"}],"version-history":[{"count":3,"href":"https:\/\/vocesparalelas.com.ar\/sitio\/wp-json\/wp\/v2\/posts\/39073\/revisions"}],"predecessor-version":[{"id":39097,"href":"https:\/\/vocesparalelas.com.ar\/sitio\/wp-json\/wp\/v2\/posts\/39073\/revisions\/39097"}],"wp:featuredmedia":[{"embeddable":true,"href":"https:\/\/vocesparalelas.com.ar\/sitio\/wp-json\/wp\/v2\/media\/39076"}],"wp:attachment":[{"href":"https:\/\/vocesparalelas.com.ar\/sitio\/wp-json\/wp\/v2\/media?parent=39073"}],"wp:term":[{"taxonomy":"category","embeddable":true,"href":"https:\/\/vocesparalelas.com.ar\/sitio\/wp-json\/wp\/v2\/categories?post=39073"},{"taxonomy":"post_tag","embeddable":true,"href":"https:\/\/vocesparalelas.com.ar\/sitio\/wp-json\/wp\/v2\/tags?post=39073"}],"curies":[{"name":"wp","href":"https:\/\/api.w.org\/{rel}","templated":true}]}}