{"id":39060,"date":"2021-06-24T23:06:03","date_gmt":"2021-06-25T02:06:03","guid":{"rendered":"http:\/\/vocesparalelas.com.ar\/sitio\/?p=39060"},"modified":"2021-06-25T00:12:03","modified_gmt":"2021-06-25T03:12:03","slug":"convenio-interministerial-implementa-la-formacion-de-docentes-y-estudiantes-en-educacion-vial","status":"publish","type":"post","link":"https:\/\/vocesparalelas.com.ar\/sitio\/convenio-interministerial-implementa-la-formacion-de-docentes-y-estudiantes-en-educacion-vial\/","title":{"rendered":"Convenio interministerial, implementa la formaci\u00f3n de docentes y estudiantes en Educaci\u00f3n Vial"},"content":{"rendered":"<p>El ministro de Educaci\u00f3n del Gobierno de San Juan, Lic. Felipe De Los R\u00edos, junto a la secretaria de Educaci\u00f3n, Lic. Rosana Vicentela, analizaron y dieron su visto favorable a la propuesta interministerial de implementar la formaci\u00f3n docente en Educaci\u00f3n Vial para planificar y promover su inclusi\u00f3n en las instituciones educativas de los niveles obligatorios y una diplomatura pos t\u00edtulo.<\/p>\n<p>La Direcci\u00f3n de Educaci\u00f3n Superior plante\u00f3 que tras el convenio realizar\u00e1n acciones conjuntas los organismos involucrados, defini\u00e9ndose adem\u00e1s las competencias e intervenciones de cada uno.<\/p>\n<p>El objetivo fundamental de estas acciones es promover el abordaje de la educaci\u00f3n vial en las instituciones educativas, concretando y fortaleciendo la inclusi\u00f3n transversal en la curr\u00edcula de los niveles obligatorios de educaci\u00f3n; considerando pertinente incluir en estas acciones a estudiantes y docentes de los Institutos Superiores de Formaci\u00f3n Docente (ISFD), ya que la tem\u00e1tica constituye una problem\u00e1tica sociocultural y \u00e9tica.<\/p>\n<p>La Direcci\u00f3n de Tr\u00e1nsito fortalecer\u00e1 conceptos junto a los docentes de los ISFD a nivel \u00e1ulico, reforzando desde lo pedag\u00f3gico-did\u00e1ctico en funci\u00f3n a cada nivel de educaci\u00f3n.<\/p>\n<p>Acordaron, elaborar e implementar propuestas de formaci\u00f3n a corto plazo, proponiendo complementar las capacitaciones del \u00c1rea de Seguridad Vial incorporando estrategias y recursos pedag\u00f3gicos para favorecer la ense\u00f1anza en el aula, como as\u00ed tambi\u00e9n instancias evaluativas y de seguimiento. Adem\u00e1s, dise\u00f1ar el proyecto de Desarrollo Profesional Docente que ser\u00e1 certificado por los institutos y en el Ciclo Lectivo 2022 se proyecta un post\u00edtulo, es decir la Diplomatura en Educaci\u00f3n Vial.<\/p>\n<p>&nbsp;<\/p>\n<p>&nbsp;<\/p>\n","protected":false},"excerpt":{"rendered":"<p>El ministro de Educaci\u00f3n del Gobierno de San Juan, Lic. Felipe De Los R\u00edos, junto a la secretaria de Educaci\u00f3n,<\/p>\n","protected":false},"author":3,"featured_media":39064,"comment_status":"closed","ping_status":"closed","sticky":false,"template":"","format":"standard","meta":{"_acf_changed":false,"_seopress_robots_primary_cat":"none","_seopress_titles_title":"","_seopress_titles_desc":"","_seopress_robots_index":"","colormag_page_container_layout":"default_layout","colormag_page_sidebar_layout":"default_layout","footnotes":""},"categories":[1],"tags":[],"class_list":["post-39060","post","type-post","status-publish","format-standard","has-post-thumbnail","hentry","category-destacadas"],"acf":[],"_links":{"self":[{"href":"https:\/\/vocesparalelas.com.ar\/sitio\/wp-json\/wp\/v2\/posts\/39060","targetHints":{"allow":["GET"]}}],"collection":[{"href":"https:\/\/vocesparalelas.com.ar\/sitio\/wp-json\/wp\/v2\/posts"}],"about":[{"href":"https:\/\/vocesparalelas.com.ar\/sitio\/wp-json\/wp\/v2\/types\/post"}],"author":[{"embeddable":true,"href":"https:\/\/vocesparalelas.com.ar\/sitio\/wp-json\/wp\/v2\/users\/3"}],"replies":[{"embeddable":true,"href":"https:\/\/vocesparalelas.com.ar\/sitio\/wp-json\/wp\/v2\/comments?post=39060"}],"version-history":[{"count":1,"href":"https:\/\/vocesparalelas.com.ar\/sitio\/wp-json\/wp\/v2\/posts\/39060\/revisions"}],"predecessor-version":[{"id":39063,"href":"https:\/\/vocesparalelas.com.ar\/sitio\/wp-json\/wp\/v2\/posts\/39060\/revisions\/39063"}],"wp:featuredmedia":[{"embeddable":true,"href":"https:\/\/vocesparalelas.com.ar\/sitio\/wp-json\/wp\/v2\/media\/39064"}],"wp:attachment":[{"href":"https:\/\/vocesparalelas.com.ar\/sitio\/wp-json\/wp\/v2\/media?parent=39060"}],"wp:term":[{"taxonomy":"category","embeddable":true,"href":"https:\/\/vocesparalelas.com.ar\/sitio\/wp-json\/wp\/v2\/categories?post=39060"},{"taxonomy":"post_tag","embeddable":true,"href":"https:\/\/vocesparalelas.com.ar\/sitio\/wp-json\/wp\/v2\/tags?post=39060"}],"curies":[{"name":"wp","href":"https:\/\/api.w.org\/{rel}","templated":true}]}}