{"id":39054,"date":"2021-06-24T21:08:22","date_gmt":"2021-06-25T00:08:22","guid":{"rendered":"http:\/\/vocesparalelas.com.ar\/sitio\/?p=39054"},"modified":"2021-06-24T21:08:22","modified_gmt":"2021-06-25T00:08:22","slug":"90-anos-de-la-accion-catolica-en-san-juan-el-24-de-junio-de-2021","status":"publish","type":"post","link":"https:\/\/vocesparalelas.com.ar\/sitio\/90-anos-de-la-accion-catolica-en-san-juan-el-24-de-junio-de-2021\/","title":{"rendered":"90 A\u00f1os de la Acci\u00f3n Cat\u00f3lica en San Juan, el 24 de Junio de 2021"},"content":{"rendered":"<p>En estos d\u00edas estamos celebrando la llegada de nuestro aniversario n\u00famero 90. Queremos compartir con toda la comunidad nuestra memoria agradecida de tantos a\u00f1os y dones recibido en este tiempo.<\/p>\n<p>Desde hace un mes venimos realizando distintos eventos presenciales y virtuales reconociendo nuestros ideales en todo este camino.<\/p>\n<p>El Jueves, 24 de Junio tendremos la Misa de acci\u00f3n de gracias presidida por Mons. Jorge Lozano a las 19 hs. La trasmisi\u00f3n se realizar\u00e1 por Canal 4 y nuestras redes sociales institucionales.<\/p>\n<p><span style=\"color: #339966;\"><strong>Un poco de nuestra historia. Surge la Acci\u00f3n Cat\u00f3lica en el mundo<\/strong><\/span><\/p>\n<p>Durante las d\u00e9cadas del 20 y 30, con la animaci\u00f3n del Papa Pio XI la Acci\u00f3n Cat\u00f3lica se organiz\u00f3 en casi todo el mundo cat\u00f3lico, convirti\u00e9ndose en una prioridad pastoral de los episcopados y con una adhesi\u00f3n por parte de los laicos. La Acci\u00f3n Cat\u00f3lica es una vocaci\u00f3n que tiene sus or\u00edgenes en la comunidad apost\u00f3lica. Tiene un carisma particular caracterizado por cuatros notas que lo distinguen, renombradas por San Juan Pablo II como: Misionera, Laical, Organizativa y Diocesana.<\/p>\n<p><span style=\"color: #339966;\"><strong>La Acci\u00f3n Cat\u00f3lica en San Juan<\/strong><\/span><\/p>\n<p>Monse\u00f1or Jos\u00e9 Am\u00e9rica Orzali, obispo de Cuyo, trabaj\u00f3 mucho por la Acci\u00f3n Cat\u00f3lica en la Di\u00f3cesis de Cuyo, fue un gran promotor.<\/p>\n<p>Es que, en 1931 el sacerdote sanjuanino, Silvino Mart\u00ednez fue uno de los cuatro religiosos argentinos que viaj\u00f3 a Roma a interiorizarse del nuevo movimiento que se estaba gestando. Ya en San Juan, Mart\u00ednez junto a Monse\u00f1or Jos\u00e9 Am\u00e9rico Orzali firmaron el acta de creaci\u00f3n de la entidad local. Esa acta fundacional fue presentada durante la festividad de San Juan Bautista, hace 90 a\u00f1os.<\/p>\n<p>Esto hizo que San Juan fuera una de las primeras en crear el grupo. Tambi\u00e9n se destaca que una de la primera parroquia donde funcion\u00f3 fue en La Merced y la Parroquia de Pocito.<\/p>\n<p>Con el paso de los a\u00f1os la cantidad de gente y de parroquias que se fueron uniendo al movimiento comenz\u00f3 a crecer notablemente. Actualmente la Acci\u00f3n Cat\u00f3lica local cuenta con 2.500 miembros aproximadamente (activos y extraordinarios), presente en 29 Parroquias. Los grupos de edades que van dividido en secciones de los ni\u00f1os, adolescentes, j\u00f3venes, adultos j\u00f3venes, matrimonios, hombres y mujeres.<\/p>\n<p>La Arquidi\u00f3cesis San Juan de Cuyo, cuenta en su memoria agradecida, de haber sido Sede de varias Asambleas Nacionales, donde se reunieron miembros de todo el pa\u00eds, desde ni\u00f1os, j\u00f3venes, adultos, Asesores Espirituales, seminaristas y religiosas, hasta militantes de otros pa\u00edses. La Asamblea Federal XI en el 1961 de j\u00f3venes, la Asamblea XXIII en 1999 con el lema \u201cSeamos uno para que el mundo crea\u201d y la Asamblea XXIX en 2018 con el lema: \u201c\u00c9l nos am\u00f3 primero\u201d, de las cuales tuvo una excelente organizaci\u00f3n con el apoyo de toda la Provincia, autoridades, instituciones y diversos organismos.<\/p>\n<p>Este a\u00f1o muy especial en la cual transitamos diversos festejos y actividades, tanto presencial como virtual, los festejos comenzaron con la misa de acci\u00f3n de gracias el d\u00eda 5 de abril del 2021 en el Santuario Arquidiocesano del Inmaculado Coraz\u00f3n de Mar\u00eda de F\u00e1tima, en la cual participaron dirigentes y militantes de toda la Arquidi\u00f3cesis, presidida por el arzobispo Monse\u00f1or Lozano, tambi\u00e9n contamos con el espacio de la memoria agradecida, con los testimonios de militantes que estuvieron m\u00e1s de 50 a\u00f1os en la Instituci\u00f3n.<\/p>\n<p>Tambi\u00e9n, queremos invitarlos para que nos acompa\u00f1en, el d\u00eda 24 en oraci\u00f3n por toda la Instituci\u00f3n, sus militantes y Asesores. Adem\u00e1s, se llevar\u00e1 a cabo la misa de acci\u00f3n de gracias por los 90 a\u00f1os de la Acci\u00f3n Cat\u00f3lica Argentina en la provincia de San Juan, en la Iglesia Catedral, ser\u00e1 transmitida a trav\u00e9s del canal de YouTube ACA San Juan.<\/p>\n<p>&nbsp;<\/p>\n<p style=\"text-align: right;\">ACCION CATOLICA ARGENTINA-<\/p>\n<p style=\"text-align: right;\">ARQUIDIOCESIS SAN JUAN DE CUYO<\/p>\n<p style=\"text-align: right;\">1931-2021<\/p>\n<p style=\"text-align: right;\">PASION Y SERVICIO<\/p>\n<p>&nbsp;<\/p>\n<p>&nbsp;<\/p>\n<p>&nbsp;<\/p>\n<p>&nbsp;<\/p>\n","protected":false},"excerpt":{"rendered":"<p>En estos d\u00edas estamos celebrando la llegada de nuestro aniversario n\u00famero 90. Queremos compartir con toda la comunidad nuestra memoria<\/p>\n","protected":false},"author":3,"featured_media":32625,"comment_status":"closed","ping_status":"closed","sticky":false,"template":"","format":"standard","meta":{"_acf_changed":false,"_seopress_robots_primary_cat":"none","_seopress_titles_title":"","_seopress_titles_desc":"","_seopress_robots_index":"","colormag_page_container_layout":"default_layout","colormag_page_sidebar_layout":"default_layout","footnotes":""},"categories":[1],"tags":[],"class_list":["post-39054","post","type-post","status-publish","format-standard","has-post-thumbnail","hentry","category-destacadas"],"acf":[],"_links":{"self":[{"href":"https:\/\/vocesparalelas.com.ar\/sitio\/wp-json\/wp\/v2\/posts\/39054","targetHints":{"allow":["GET"]}}],"collection":[{"href":"https:\/\/vocesparalelas.com.ar\/sitio\/wp-json\/wp\/v2\/posts"}],"about":[{"href":"https:\/\/vocesparalelas.com.ar\/sitio\/wp-json\/wp\/v2\/types\/post"}],"author":[{"embeddable":true,"href":"https:\/\/vocesparalelas.com.ar\/sitio\/wp-json\/wp\/v2\/users\/3"}],"replies":[{"embeddable":true,"href":"https:\/\/vocesparalelas.com.ar\/sitio\/wp-json\/wp\/v2\/comments?post=39054"}],"version-history":[{"count":1,"href":"https:\/\/vocesparalelas.com.ar\/sitio\/wp-json\/wp\/v2\/posts\/39054\/revisions"}],"predecessor-version":[{"id":39056,"href":"https:\/\/vocesparalelas.com.ar\/sitio\/wp-json\/wp\/v2\/posts\/39054\/revisions\/39056"}],"wp:featuredmedia":[{"embeddable":true,"href":"https:\/\/vocesparalelas.com.ar\/sitio\/wp-json\/wp\/v2\/media\/32625"}],"wp:attachment":[{"href":"https:\/\/vocesparalelas.com.ar\/sitio\/wp-json\/wp\/v2\/media?parent=39054"}],"wp:term":[{"taxonomy":"category","embeddable":true,"href":"https:\/\/vocesparalelas.com.ar\/sitio\/wp-json\/wp\/v2\/categories?post=39054"},{"taxonomy":"post_tag","embeddable":true,"href":"https:\/\/vocesparalelas.com.ar\/sitio\/wp-json\/wp\/v2\/tags?post=39054"}],"curies":[{"name":"wp","href":"https:\/\/api.w.org\/{rel}","templated":true}]}}