{"id":39049,"date":"2021-06-24T20:51:38","date_gmt":"2021-06-24T23:51:38","guid":{"rendered":"http:\/\/vocesparalelas.com.ar\/sitio\/?p=39049"},"modified":"2021-06-24T20:56:59","modified_gmt":"2021-06-24T23:56:59","slug":"reunion-por-el-20-aniversario-de-la-fundacion-banco-san-juan","status":"publish","type":"post","link":"https:\/\/vocesparalelas.com.ar\/sitio\/reunion-por-el-20-aniversario-de-la-fundacion-banco-san-juan\/","title":{"rendered":"Reuni\u00f3n por el 20 aniversario de La Fundaci\u00f3n Banco San Juan"},"content":{"rendered":"<p>En el encuentro llevado a cabo en la sede de la Fundaci\u00f3n, se hizo un repaso por los logros en educaci\u00f3n, cultura y desarrollo local\u00a0 alcanzados en estas dos d\u00e9cadas.<\/p>\n<p>En el marco de las celebraciones por su 20\u00b0 aniversario, autoridades de Fundaci\u00f3n Banco San Juan\u00a0 celebraron una reuni\u00f3n en la sede de la instituci\u00f3n, en la cual se realiz\u00f3 un recorrido por las acciones y programas llevados adelante en estas dos d\u00e9cadas.<\/p>\n<p>El encuentro cont\u00f3 con la participaci\u00f3n del presidente de Fundaci\u00f3n Banco San Juan, Ing. Enrique Eskenazi, el ministro de Educaci\u00f3n de la Provincia, Lic. Felipe de los R\u00edos y autoridades y miembros del Consejo de Administraci\u00f3n de la Fundaci\u00f3n.<\/p>\n<p>Durante sus dos d\u00e9cadas de actividades enfocadas en tres ejes centrales de acci\u00f3n -Educaci\u00f3n, Cultura y Desarrollo Local- ; Fundaci\u00f3n Banco San Juan ha alcanzado a m\u00e1s de 7.700 docentes y 370 directores de escuelas con programas de formaci\u00f3n, beneficiando a m\u00e1s de 800 instituciones educativas de la provincia y favoreciendo a m\u00e1s de 177 mil alumnos que asisten a esos establecimientos.<\/p>\n<p>La Fundaci\u00f3n cuenta con la certificaci\u00f3n ISO:9001 para los programas Iniciativas Sustentables y Fortalecimiento de la Educaci\u00f3n T\u00e9cnica.<\/p>\n<p>Por otra parte, un total de 118 instituciones estuvieron involucradas en programas vinculados al desarrollo local de distintas comunidades sanjuaninas, que beneficiaron a m\u00e1s de 2.200 personas y fueron implementados gracias a la colaboraci\u00f3n de 150 voluntarios, empleados de Banco San Juan.<\/p>\n<p>En tanto, en el \u00e1rea de Cultura, la Fundaci\u00f3n entreg\u00f3 un total de 64 becas de formaci\u00f3n a profesionales y especialistas de nuestra provincia, realizo 3 documentales educativos: \u201cLa Marcha Silenciosa\u201d, \u201cLos Viajes de Sarmiento\u201d y \u201cFrancisco Pascasio Moreno: El Perito en l\u00edmites\u201d recibiendo el Premio Fund TV como Mejor documental Educativo cada uno de ellos,\u00a0 public\u00f3 junto a la Academia Nacional de Educaci\u00f3n, la Colecci\u00f3n Idearios Argentinos (Sarmiento, San Mart\u00edn, G\u00fcemes, Belgrano y Perito Moreno). Adem\u00e1s,\u00a0 a trav\u00e9s del programa Conciertos Did\u00e1cticos acerc\u00f3 la m\u00fasica cl\u00e1sica a 29.585 ni\u00f1os y j\u00f3venes de 409 instituciones educativas.<\/p>\n<p>Creada en el a\u00f1o 2001 por iniciativa del presidente de la misma,\u00a0 Ingeniero Enrique Eskenazi, la Fundaci\u00f3n Banco San Juan tiene como \u201cMisi\u00f3n\u201d promover la excelencia en la educaci\u00f3n y la cultura de la Provincia de San Juan.<\/p>\n<p>Esta misi\u00f3n se lleva adelante mediante la generaci\u00f3n de herramientas que contribuyen al desarrollo econ\u00f3mico y al crecimiento social y productivo de la regi\u00f3n, a trav\u00e9s de acciones directas y alianzas estrat\u00e9gicas que act\u00faan como promotoras y catalizadoras del cambio.<\/p>\n<p>La diversidad cultural y la transparencia forman parte de la identidad de cada programa. Las tareas est\u00e1n orientadas a la realizaci\u00f3n de acciones continuas, voluntarias y sistem\u00e1ticas de inversi\u00f3n social privada, utilizando recursos econ\u00f3micos propios para concreci\u00f3n de los objetivos.<\/p>\n<p>&nbsp;<\/p>\n<p><img loading=\"lazy\" decoding=\"async\" class=\"alignnone wp-image-39052 size-full\" src=\"https:\/\/vocesparalelas.com.ar\/sitio\/wp-content\/uploads\/2021\/06\/FBSJ-ANIVERSARIO-02.jpg\" alt=\"\" width=\"800\" height=\"534\" srcset=\"https:\/\/vocesparalelas.com.ar\/sitio\/wp-content\/uploads\/2021\/06\/FBSJ-ANIVERSARIO-02.jpg 800w, https:\/\/vocesparalelas.com.ar\/sitio\/wp-content\/uploads\/2021\/06\/FBSJ-ANIVERSARIO-02-300x200.jpg 300w, https:\/\/vocesparalelas.com.ar\/sitio\/wp-content\/uploads\/2021\/06\/FBSJ-ANIVERSARIO-02-768x513.jpg 768w\" sizes=\"auto, (max-width: 800px) 100vw, 800px\" \/><\/p>\n<p>&nbsp;<\/p>\n<p>&nbsp;<\/p>\n<p>&nbsp;<\/p>\n","protected":false},"excerpt":{"rendered":"<p>En el encuentro llevado a cabo en la sede de la Fundaci\u00f3n, se hizo un repaso por los logros en<\/p>\n","protected":false},"author":3,"featured_media":39051,"comment_status":"closed","ping_status":"closed","sticky":false,"template":"","format":"standard","meta":{"_acf_changed":false,"_seopress_robots_primary_cat":"none","_seopress_titles_title":"","_seopress_titles_desc":"","_seopress_robots_index":"","colormag_page_container_layout":"default_layout","colormag_page_sidebar_layout":"default_layout","footnotes":""},"categories":[1],"tags":[],"class_list":["post-39049","post","type-post","status-publish","format-standard","has-post-thumbnail","hentry","category-destacadas"],"acf":[],"_links":{"self":[{"href":"https:\/\/vocesparalelas.com.ar\/sitio\/wp-json\/wp\/v2\/posts\/39049","targetHints":{"allow":["GET"]}}],"collection":[{"href":"https:\/\/vocesparalelas.com.ar\/sitio\/wp-json\/wp\/v2\/posts"}],"about":[{"href":"https:\/\/vocesparalelas.com.ar\/sitio\/wp-json\/wp\/v2\/types\/post"}],"author":[{"embeddable":true,"href":"https:\/\/vocesparalelas.com.ar\/sitio\/wp-json\/wp\/v2\/users\/3"}],"replies":[{"embeddable":true,"href":"https:\/\/vocesparalelas.com.ar\/sitio\/wp-json\/wp\/v2\/comments?post=39049"}],"version-history":[{"count":1,"href":"https:\/\/vocesparalelas.com.ar\/sitio\/wp-json\/wp\/v2\/posts\/39049\/revisions"}],"predecessor-version":[{"id":39053,"href":"https:\/\/vocesparalelas.com.ar\/sitio\/wp-json\/wp\/v2\/posts\/39049\/revisions\/39053"}],"wp:featuredmedia":[{"embeddable":true,"href":"https:\/\/vocesparalelas.com.ar\/sitio\/wp-json\/wp\/v2\/media\/39051"}],"wp:attachment":[{"href":"https:\/\/vocesparalelas.com.ar\/sitio\/wp-json\/wp\/v2\/media?parent=39049"}],"wp:term":[{"taxonomy":"category","embeddable":true,"href":"https:\/\/vocesparalelas.com.ar\/sitio\/wp-json\/wp\/v2\/categories?post=39049"},{"taxonomy":"post_tag","embeddable":true,"href":"https:\/\/vocesparalelas.com.ar\/sitio\/wp-json\/wp\/v2\/tags?post=39049"}],"curies":[{"name":"wp","href":"https:\/\/api.w.org\/{rel}","templated":true}]}}